{"id":33088,"date":"2025-04-27T14:39:09","date_gmt":"2025-04-27T17:39:09","guid":{"rendered":"https:\/\/radioultimapalavra.amelhor.net\/site\/incendio-em-taquara-destroi-seis-casas-e-deixa-crianca-de-4-anos-morta\/"},"modified":"2025-04-27T14:39:09","modified_gmt":"2025-04-27T17:39:09","slug":"incendio-em-taquara-destroi-seis-casas-e-deixa-crianca-de-4-anos-morta","status":"publish","type":"post","link":"https:\/\/radioultimapalavra.amelhor.net\/site\/incendio-em-taquara-destroi-seis-casas-e-deixa-crianca-de-4-anos-morta\/","title":{"rendered":"Inc\u00eandio em Taquara destr\u00f3i seis casas e deixa crian\u00e7a de 4 anos morta"},"content":{"rendered":"<div id=\"chunk-bi9oc\">\n<p data-track-category=\"Link no Texto\" data-track-links> Um inc\u00eandio que destruiu <strong>seis casas<\/strong> em Taquara, no Vale do Paranhana, deixou uma <strong>crian\u00e7a de quatro anos morta<\/strong> na tarde de s\u00e1bado (26), segundo informa\u00e7\u00f5es da prefeitura. O incidente aconteceu por volta das 14h, no bairro Mundo Novo. <\/p>\n<\/p><\/div>\n<div>\n<div id=\"chunk-a98uf\">\n<p data-track-category=\"Link no Texto\" data-track-links> <span>O menino iria comemorar o anivers\u00e1rio<\/span>, completado na \u00faltima semana, de acordo com informa\u00e7\u00f5es da prefeitura. O vel\u00f3rio e o enterro acontecem na tarde deste domingo (27). <\/p>\n<\/p><\/div>\n<div id=\"chunk-3grda\">\n<p data-track-category=\"Link no Texto\" data-track-links> Conforme o Corpo de Bombeiros, o fogo se alastrou rapidamente, consumindo seis resid\u00eancias no local e deixando-as completamente destru\u00eddas. Al\u00e9m disso, outra casa ficou parcialmente danificada. As chamas foram combatidas por equipes de bombeiros de Taquara, Parob\u00e9 e Igrejinha. <\/p>\n<\/p><\/div>\n<div id=\"chunk-fg7co\">\n<p data-track-category=\"Link no Texto\" data-track-links> O delegado Valeriano Garcia Neto, respons\u00e1vel pelo caso, relata que a causa do inc\u00eandio ainda est\u00e1 sendo apurada. No entanto, ele comenta que estava ocorrendo uma manuten\u00e7\u00e3o da rede el\u00e9trica externa na regi\u00e3o. &#8220;Quando religaram a energia, deu um estouro dentro da casa e come\u00e7ou o inc\u00eandio&#8221;, explica. <\/p>\n<\/p><\/div>\n<div id=\"chunk-dsslj\">\n<p data-track-category=\"Link no Texto\" data-track-links> Segundo informa\u00e7\u00f5es dos agentes, a crian\u00e7a estaria com a fam\u00edlia no momento do inc\u00eandio. O pai, a m\u00e3e e um beb\u00ea teriam conseguido escapar das chamas, mas o corpo da crian\u00e7a foi encontrado sem vida nos escombros pelas equipes de resgate. <strong>Nas outras casas atingidas pelo fogo, ningu\u00e9m ficou ferido<\/strong>. <\/p>\n<\/p><\/div>\n<div id=\"chunk-8kcp4\">\n<p data-track-category=\"Link no Texto\" data-track-links> As fam\u00edlias afetadas est\u00e3o, temporariamente, hospedadas na casa de parentes e ser\u00e3o encaminhadas ao programa de aluguel social da prefeitura. <\/p>\n<\/p><\/div>\n<div id=\"chunk-dnsiu\">\n<p data-track-category=\"Link no Texto\" data-track-links> O local passou por per\u00edcia. A Pol\u00edcia Civil instaurou um inqu\u00e9rito para investigar o caso. <\/p>\n<\/p><\/div>\n<div data-block-type=\"backstage-video\" itemscope itemtype=\"http:\/\/schema.org\/VideoObject\" itemprop=\"video\" id=\"chunk-4jokv\"> <meta itemprop=\"name\" content=\"Inc\u00eandio destr\u00f3i casas e deixa crian\u00e7a morta em Taquara\"> <meta itemprop=\"thumbnailUrl\" content=\"https:\/\/s02.video.glbimg.com\/x240\/13550481.jpg\"> <meta itemprop=\"datePublished\" content=\"2025-04-27T14:30:24.583Z\"> <meta itemprop=\"uploadDate\" content=\"2025-04-27T14:30:24.583Z\"> <meta itemprop=\"contentUrl\" content=\"https:\/\/vodstreaming01.video.globo.com\/45\/36\/ba\/13550481_ba2896cd7e5d8e96df2cd2e510ed3838c06a505e\/13550481-360p_300k_h264-89855dc0-05a7-013e-0013-000000000000.mp4\"> <\/p>\n<div> <meta itemprop=\"name\" content=\"Inc\u00eandio destr\u00f3i casas e deixa crian\u00e7a morta em Taquara\"> <meta itemprop=\"thumbnailUrl\" content=\"https:\/\/s02.video.glbimg.com\/x240\/13550481.jpg\"> <meta itemprop=\"datePublished\" content=\"2025-04-27T14:30:24.583Z\"> <meta itemprop=\"uploadDate\" content=\"2025-04-27T14:30:24.583Z\"> <meta itemprop=\"contentUrl\" content=\"https:\/\/vodstreaming01.video.globo.com\/45\/36\/ba\/13550481_ba2896cd7e5d8e96df2cd2e510ed3838c06a505e\/13550481-360p_300k_h264-89855dc0-05a7-013e-0013-000000000000.mp4\">  <\/p>\n<div data-video-id=\"13550481\" data-video-has-viewport-play=\"True\">\n<p><img decoding=\"async\" src=\"https:\/\/s02.video.glbimg.com\/x240\/13550481.jpg\" alt=\"Inc\u00eandio destr\u00f3i casas e deixa crian\u00e7a morta em Taquara\" title=\"Inc\u00eandio destr\u00f3i casas e deixa crian\u00e7a morta em Taquara\"><\/p>\n<\/p><\/div>\n<\/p><\/div>\n<p itemprop=\"description\"> Inc\u00eandio destr\u00f3i casas e deixa crian\u00e7a morta em Taquara <\/p>\n<\/p><\/div>\n<div data-block-type=\"raw\" data-block-weight=\"5\" id=\"chunk-b3cc7\">\n<p><h2>Doa\u00e7\u00f5es para as fam\u00edlias atingidas<\/h2>\n<\/p><\/div>\n<div id=\"chunk-a6t2i\">\n<p data-track-category=\"Link no Texto\" data-track-links> A partir desta segunda-feira (28), a prefeitura de Taquara dar\u00e1 in\u00edcio a uma campanha de arrecada\u00e7\u00e3o de donativos para as fam\u00edlias atingidas. Est\u00e3o sendo solicitadas doa\u00e7\u00f5es de: <\/p>\n<\/p><\/div>\n<div data-block-type=\"raw\" data-block-weight=\"14\" id=\"chunk-548lc\">\n<ul>\n<li><strong>alimentos n\u00e3o perec\u00edveis;<\/strong><\/li>\n<li><strong>materiais de higiene pessoal e limpeza;<\/strong><\/li>\n<li><strong>roupas e cal\u00e7ados infantis;<\/strong><\/li>\n<li><strong>fraldas.<\/strong><\/li>\n<\/ul><\/div>\n<div id=\"chunk-804vt\">\n<p data-track-category=\"Link no Texto\" data-track-links> As doa\u00e7\u00f5es podem ser entregues no Departamento de Desenvolvimento Social, localizado na Rua Guilherme Lahm, 947, em frente \u00e0 UNIPACS, no Centro da cidade. D\u00favidas podem ser esclarecidas pelo WhatsApp (51) 3541-9242. <\/p>\n<\/p><\/div>\n<div id=\"chunk-c9mtl\">\n<p data-track-category=\"Link no Texto\" data-track-links> Quem desejar doar <strong>m\u00f3veis <\/strong>deve entrar em contato diretamente com a Defesa Civil pelo WhatsApp (51) 99303-8172, que far\u00e1 a ponte entre doadores e fam\u00edlias necessitadas. <\/p>\n<\/p><\/div>\n<div data-block-type=\"raw\" data-block-weight=\"5\" id=\"chunk-4irpb\">\n<p><h2>V\u00cdDEOS: Tudo sobre o RS<\/h2>\n<\/p><\/div>\n<\/p><\/div>\n","protected":false},"excerpt":{"rendered":"<p>Um inc\u00eandio que destruiu seis casas em Taquara, no Vale do Paranhana, deixou uma crian\u00e7a de quatro anos morta na tarde de s\u00e1bado (26), segundo informa\u00e7\u00f5es da prefeitura. O incidente&hellip;<\/p>\n","protected":false},"author":1,"featured_media":33089,"comment_status":"open","ping_status":"open","sticky":false,"template":"","format":"standard","meta":{"footnotes":""},"categories":[6],"tags":[],"class_list":["post-33088","post","type-post","status-publish","format-standard","has-post-thumbnail","hentry","category-regiao"],"_links":{"self":[{"href":"https:\/\/radioultimapalavra.amelhor.net\/site\/wp-json\/wp\/v2\/posts\/33088","targetHints":{"allow":["GET"]}}],"collection":[{"href":"https:\/\/radioultimapalavra.amelhor.net\/site\/wp-json\/wp\/v2\/posts"}],"about":[{"href":"https:\/\/radioultimapalavra.amelhor.net\/site\/wp-json\/wp\/v2\/types\/post"}],"author":[{"embeddable":true,"href":"https:\/\/radioultimapalavra.amelhor.net\/site\/wp-json\/wp\/v2\/users\/1"}],"replies":[{"embeddable":true,"href":"https:\/\/radioultimapalavra.amelhor.net\/site\/wp-json\/wp\/v2\/comments?post=33088"}],"version-history":[{"count":0,"href":"https:\/\/radioultimapalavra.amelhor.net\/site\/wp-json\/wp\/v2\/posts\/33088\/revisions"}],"wp:featuredmedia":[{"embeddable":true,"href":"https:\/\/radioultimapalavra.amelhor.net\/site\/wp-json\/wp\/v2\/media\/33089"}],"wp:attachment":[{"href":"https:\/\/radioultimapalavra.amelhor.net\/site\/wp-json\/wp\/v2\/media?parent=33088"}],"wp:term":[{"taxonomy":"category","embeddable":true,"href":"https:\/\/radioultimapalavra.amelhor.net\/site\/wp-json\/wp\/v2\/categories?post=33088"},{"taxonomy":"post_tag","embeddable":true,"href":"https:\/\/radioultimapalavra.amelhor.net\/site\/wp-json\/wp\/v2\/tags?post=33088"}],"curies":[{"name":"wp","href":"https:\/\/api.w.org\/{rel}","templated":true}]}}