{"id":34440,"date":"2025-05-31T11:26:38","date_gmt":"2025-05-31T14:26:38","guid":{"rendered":"https:\/\/radioultimapalavra.amelhor.net\/site\/municipio-com-3-mil-habitantes-do-rs-e-o-6o-melhor-do-brasil-em-qualidade-de-vida-aponta-ranking\/"},"modified":"2025-05-31T11:26:38","modified_gmt":"2025-05-31T14:26:38","slug":"municipio-com-3-mil-habitantes-do-rs-e-o-6o-melhor-do-brasil-em-qualidade-de-vida-aponta-ranking","status":"publish","type":"post","link":"https:\/\/radioultimapalavra.amelhor.net\/site\/municipio-com-3-mil-habitantes-do-rs-e-o-6o-melhor-do-brasil-em-qualidade-de-vida-aponta-ranking\/","title":{"rendered":"Munic\u00edpio com 3 mil habitantes do RS \u00e9 o 6\u00ba melhor do Brasil em qualidade de vida, aponta ranking"},"content":{"rendered":"<div itemscope itemtype=\"http:\/\/schema.org\/NewsArticle\">  <span itemprop=\"image\" itemscope itemtype=\"http:\/\/schema.org\/ImageObject\"> <meta itemprop=\"url\" content=\"https:\/\/s2-g1.glbimg.com\/irEApJfDZOwjjFZIaQzsE88hTe4=\/696x390\/smart\/filters:cover():strip_icc()\/i.s3.glbimg.com\/v1\/AUTH_59edd422c0c84a879bd37670ae4f538a\/internal_photos\/bs\/2025\/L\/8\/I2YhTHRmClZjM7By23ig\/presidente-lucena-1-.jpg\"> <meta itemprop=\"width\" content=\"696\"> <meta itemprop=\"height\" content=\"390\"> <\/span>   <\/p>\n<div>\n<div>\n<p> <meta itemprop=\"alternateName\" content=\"Presidente Lucena, a cerca de 65 km de Porto Alegre, superou capitais e grandes centros urbanos. Levantamento considera indicadores como educa\u00e7\u00e3o, sa\u00fade e seguran\u00e7a.\"> <\/p>\n<h2 itemprop=\"alternativeHeadline\">Presidente Lucena, a cerca de 65 km de Porto Alegre, superou capitais e grandes centros urbanos. Levantamento considera indicadores como educa\u00e7\u00e3o, sa\u00fade e seguran\u00e7a.<\/h2>\n<\/p><\/div>\n<hr>\n<div data-block-type=\"summary\">\n<details>\n<summary>  <\/summary>\n<div>\n<ul>\n<li>\n<div id=\"chunk-a7v6i\">\n<p data-track-category=\"Link no Texto\" data-track-links> Um ranking do instituto Imazon elegeu as cidades brasileiras onde se tem a melhor e a pior qualidade de vida. <\/p>\n<\/p><\/div>\n<\/li>\n<li>\n<div id=\"chunk-c87ut\">\n<p data-track-category=\"Link no Texto\" data-track-links> Presidente Lucena, no RS, ficou com a 6\u00aa posi\u00e7\u00e3o. O 1\u00ba lugar ficou com Gavi\u00e3o Peixoto (SP). <\/p>\n<\/p><\/div>\n<\/li>\n<li>\n<div id=\"chunk-dfc0a\">\n<p data-track-category=\"Link no Texto\" data-track-links> O \u00edndice \u00e9 composto por 57 indicadores separados em tr\u00eas grupos principais. S\u00e3o eles: sa\u00fade, educa\u00e7\u00e3o e renda. <\/p>\n<\/p><\/div>\n<\/li>\n<\/ul><\/div>\n<\/details><\/div>\n<\/p><\/div>\n<div>  <meta itemprop=\"isAccessibleForFree\" content=\"true\"> <\/p>\n<div data-block-type=\"backstage-photo\" id=\"chunk-eam3m\">\n<p> Vista a\u00e9rea do munic\u00edpio de Presidente Lucena (RS) \u2014 Foto: Divulga\u00e7\u00e3o\/Prefeitura de Presidente Lucena <\/p>\n<\/p><\/div>\n<div>\n<div id=\"chunk-eubs7\">\n<p data-track-category=\"Link no Texto\" data-track-links> Com seus pouco mais de 3 mil habitantes, conforme dados do Censo de 2022 divulgados pelo Instituto Brasileiro de Geografia e Estat\u00edstica (IBGE), Presidente Lucena somou pontua\u00e7\u00e3o de <strong>70,07<\/strong>, superando capitais e grandes centros urbanos. <\/p>\n<\/p><\/div>\n<div data-block-type=\"raw\" data-block-weight=\"52\" id=\"chunk-e30jk\">\n<blockquote><p>&#8220;Cada morador e trabalhador lucenense contribui diariamente para que a cidade avance em qualidade de vida. Estar entre os melhores munic\u00edpios do Brasil \u00e9 motivo de orgulho coletivo e mostra que, quando se trabalha em conjunto, \u00e9 poss\u00edvel construir um lugar cada vez melhor para viver&#8221;, comemorou a prefeitura nas redes sociais.<\/p><\/blockquote><\/div>\n<div id=\"chunk-6hjdc\">\n<p data-track-category=\"Link no Texto\" data-track-links> A melhor coloca\u00e7\u00e3o geral ficou com Gavi\u00e3o Peixoto (SP), que teve <strong>73,26<\/strong>. O levantamento contemplou os 5.570 munic\u00edpios brasileiros. (<strong><em>Veja lista abaixo<\/em><\/strong>) <\/p>\n<\/p><\/div>\n<div data-block-type=\"raw\" data-block-weight=\"5\" id=\"chunk-127us\">\n<p><h2>Como o \u00edndice foi feito?<\/h2>\n<\/p><\/div>\n<div id=\"chunk-eou2q\">\n<p data-track-category=\"Link no Texto\" data-track-links> O \u00edndice \u00e9 composto por <strong>57 indicadores separados em tr\u00eas grupos principais<\/strong>. S\u00e3o eles: <\/p>\n<\/p><\/div>\n<div data-block-type=\"raw\" data-block-weight=\"42\" id=\"chunk-eb3q1\">\n<ul>\n<li><strong>Necessidades Humanas B\u00e1sicas: <\/strong>avalia se o brasileiro tem acesso a comida, sa\u00fade, moradia, seguran\u00e7a.<\/li>\n<li><strong>Fundamentos do Bem-Estar: <\/strong>analisa acesso \u00e0 educa\u00e7\u00e3o fundamental, vida saud\u00e1vel, contato com a natureza.<\/li>\n<li><strong>Oportunidades: <\/strong>analisa os dados a respeito de direitos individuais e acesso ao ensino superior.<\/li>\n<\/ul><\/div>\n<div data-block-type=\"backstage-video\" itemscope itemtype=\"http:\/\/schema.org\/VideoObject\" itemprop=\"video\" id=\"chunk-ean1m\"> <meta itemprop=\"name\" content=\"Ranking elege cidades brasileiras com melhor qualidade de vida\"> <meta itemprop=\"thumbnailUrl\" content=\"https:\/\/s01.video.glbimg.com\/x240\/13640852.jpg\"> <meta itemprop=\"datePublished\" content=\"2025-05-31T10:22:00.210Z\"> <meta itemprop=\"uploadDate\" content=\"2025-05-31T10:22:00.210Z\"> <meta itemprop=\"contentUrl\" content=\"https:\/\/vodstreaming01.video.globo.com\/45\/ef\/41\/13640852_41a56ca696d51a6827681102c26d5ff89c97d0a6\/13640852-360p_300k_h264-0fa5fae0-1f17-013e-c23a-1af32c522e1b.mp4\"> <\/p>\n<div> <meta itemprop=\"name\" content=\"Ranking elege cidades brasileiras com melhor qualidade de vida\"> <meta itemprop=\"thumbnailUrl\" content=\"https:\/\/s01.video.glbimg.com\/x240\/13640852.jpg\"> <meta itemprop=\"datePublished\" content=\"2025-05-31T10:22:00.210Z\"> <meta itemprop=\"uploadDate\" content=\"2025-05-31T10:22:00.210Z\"> <meta itemprop=\"contentUrl\" content=\"https:\/\/vodstreaming01.video.globo.com\/45\/ef\/41\/13640852_41a56ca696d51a6827681102c26d5ff89c97d0a6\/13640852-360p_300k_h264-0fa5fae0-1f17-013e-c23a-1af32c522e1b.mp4\">  <\/p>\n<div data-video-id=\"13640852\">\n<p><img decoding=\"async\" src=\"https:\/\/s01.video.glbimg.com\/x240\/13640852.jpg\" alt=\"Ranking elege cidades brasileiras com melhor qualidade de vida\" title=\"Ranking elege cidades brasileiras com melhor qualidade de vida\"><\/p>\n<p><bs-player videoid=\"13640852\" subscriber-only=\"false\" serviceid=\"151\" auth=\"false\" data-opt-mute autoplay rounded><\/bs-player> <\/div>\n<\/p><\/div>\n<p itemprop=\"description\"> Ranking elege cidades brasileiras com melhor qualidade de vida <\/p>\n<\/p><\/div>\n<div data-block-type=\"raw\" data-block-weight=\"5\" id=\"chunk-coavs\">\n<p><h2>V\u00cdDEOS: Tudo sobre o RS<\/h2>\n<\/p><\/div>\n<\/p><\/div>\n<\/p><\/div>\n<\/p><\/div>\n","protected":false},"excerpt":{"rendered":"<p>Presidente Lucena, a cerca de 65 km de Porto Alegre, superou capitais e grandes centros urbanos. Levantamento considera indicadores como educa\u00e7\u00e3o, sa\u00fade e seguran\u00e7a. Um ranking do instituto Imazon elegeu&hellip;<\/p>\n","protected":false},"author":1,"featured_media":34441,"comment_status":"open","ping_status":"open","sticky":false,"template":"","format":"standard","meta":{"footnotes":""},"categories":[6],"tags":[],"class_list":["post-34440","post","type-post","status-publish","format-standard","has-post-thumbnail","hentry","category-regiao"],"_links":{"self":[{"href":"https:\/\/radioultimapalavra.amelhor.net\/site\/wp-json\/wp\/v2\/posts\/34440","targetHints":{"allow":["GET"]}}],"collection":[{"href":"https:\/\/radioultimapalavra.amelhor.net\/site\/wp-json\/wp\/v2\/posts"}],"about":[{"href":"https:\/\/radioultimapalavra.amelhor.net\/site\/wp-json\/wp\/v2\/types\/post"}],"author":[{"embeddable":true,"href":"https:\/\/radioultimapalavra.amelhor.net\/site\/wp-json\/wp\/v2\/users\/1"}],"replies":[{"embeddable":true,"href":"https:\/\/radioultimapalavra.amelhor.net\/site\/wp-json\/wp\/v2\/comments?post=34440"}],"version-history":[{"count":0,"href":"https:\/\/radioultimapalavra.amelhor.net\/site\/wp-json\/wp\/v2\/posts\/34440\/revisions"}],"wp:featuredmedia":[{"embeddable":true,"href":"https:\/\/radioultimapalavra.amelhor.net\/site\/wp-json\/wp\/v2\/media\/34441"}],"wp:attachment":[{"href":"https:\/\/radioultimapalavra.amelhor.net\/site\/wp-json\/wp\/v2\/media?parent=34440"}],"wp:term":[{"taxonomy":"category","embeddable":true,"href":"https:\/\/radioultimapalavra.amelhor.net\/site\/wp-json\/wp\/v2\/categories?post=34440"},{"taxonomy":"post_tag","embeddable":true,"href":"https:\/\/radioultimapalavra.amelhor.net\/site\/wp-json\/wp\/v2\/tags?post=34440"}],"curies":[{"name":"wp","href":"https:\/\/api.w.org\/{rel}","templated":true}]}}