{"id":39975,"date":"2026-02-23T18:25:33","date_gmt":"2026-02-23T21:25:33","guid":{"rendered":"https:\/\/radioultimapalavra.amelhor.net\/site\/caminhoneiro-e-indiciado-por-acidente-com-11-mortes-na-br-116-inquerito-aponta-excesso-de-velocidade-e-distracao\/"},"modified":"2026-02-23T18:25:33","modified_gmt":"2026-02-23T21:25:33","slug":"caminhoneiro-e-indiciado-por-acidente-com-11-mortes-na-br-116-inquerito-aponta-excesso-de-velocidade-e-distracao","status":"publish","type":"post","link":"https:\/\/radioultimapalavra.amelhor.net\/site\/caminhoneiro-e-indiciado-por-acidente-com-11-mortes-na-br-116-inquerito-aponta-excesso-de-velocidade-e-distracao\/","title":{"rendered":"Caminhoneiro \u00e9 indiciado por acidente com 11 mortes na BR-116; inqu\u00e9rito aponta excesso de velocidade e distra\u00e7\u00e3o"},"content":{"rendered":"<div id=\"chunk-9mq0\">\n<p data-track-category=\"Link no Texto\" data-track-links> A Pol\u00edcia Civil concluiu o inqu\u00e9rito do acidente que matou 11 pessoas na BR\u2011116, em Pelotas, no Sul do Rio Grande do Sul. A colis\u00e3o entre um \u00f4nibus e um caminh\u00e3o aconteceu em <strong>2 de janeiro<\/strong> deste ano, durante o feriad\u00e3o de Ano Novo. O motorista do caminh\u00e3o, de 25 anos, foi indiciado por <strong>homic\u00eddio culposo de tr\u00e2nsito <\/strong>(quando n\u00e3o h\u00e1 inten\u00e7\u00e3o de matar). <\/p>\n<\/p><\/div>\n<div>\n<div id=\"chunk-41kdf\">\n<p data-track-category=\"Link no Texto\" data-track-links> Segundo a PRF, <strong>a carreta trafegava a mais de 75 km\/h<\/strong>. A concession\u00e1ria Ecovias Sul esclareceu que <strong>o limite no trecho era de 40 km\/h<\/strong> por conta de obras. <\/p>\n<\/p><\/div>\n<div id=\"chunk-63uj8\">\n<p data-track-category=\"Link no Texto\" data-track-links> <em>\ud83d\udd0e Crimes culposos s\u00e3o aqueles cometidos sem inten\u00e7\u00e3o, por imprud\u00eancia, neglig\u00eancia ou imper\u00edcia, ou seja, por descuido, falta de habilidade ou precipita\u00e7\u00e3o, gerando um resultado indesejado, mas previs\u00edvel.<\/em> <\/p>\n<\/p><\/div>\n<div data-block-type=\"backstage-video\" itemscope itemtype=\"http:\/\/schema.org\/VideoObject\" itemprop=\"video\" id=\"chunk-fi54d\"> <meta itemprop=\"name\" content=\"Motorista estaria mexendo no r\u00e1dio em momento de acidente na BR-116\"> <meta itemprop=\"thumbnailUrl\" content=\"https:\/\/s04.video.glbimg.com\/x240\/14229487.jpg\"> <meta itemprop=\"datePublished\" content=\"2026-02-23T17:03:02.830Z\"> <meta itemprop=\"uploadDate\" content=\"2026-02-23T17:03:02.830Z\"> <meta itemprop=\"contentUrl\" content=\"https:\/\/vodstreaming01.video.globo.com\/45\/3f\/1e\/14229487_1e4329f4983f3fd0592928f7ac15f11f05ed7f54\/14229487-360p_487k_h264-3b590e60-ccbe-013e-0001-000000000000.mp4\"> <\/p>\n<div> <meta itemprop=\"name\" content=\"Motorista estaria mexendo no r\u00e1dio em momento de acidente na BR-116\"> <meta itemprop=\"thumbnailUrl\" content=\"https:\/\/s04.video.glbimg.com\/x240\/14229487.jpg\"> <meta itemprop=\"datePublished\" content=\"2026-02-23T17:03:02.830Z\"> <meta itemprop=\"uploadDate\" content=\"2026-02-23T17:03:02.830Z\"> <meta itemprop=\"contentUrl\" content=\"https:\/\/vodstreaming01.video.globo.com\/45\/3f\/1e\/14229487_1e4329f4983f3fd0592928f7ac15f11f05ed7f54\/14229487-360p_487k_h264-3b590e60-ccbe-013e-0001-000000000000.mp4\">  <\/p>\n<div data-video-id=\"14229487\">\n<p><img decoding=\"async\" src=\"https:\/\/s04.video.glbimg.com\/x240\/14229487.jpg\" alt=\"Motorista estaria mexendo no r\u00e1dio em momento de acidente na BR-116\" title=\"Motorista estaria mexendo no r\u00e1dio em momento de acidente na BR-116\"><\/p>\n<p><bs-player videoid=\"14229487\" subscriber-only=\"false\" id=\"wp3-player-fi54d\" serviceid=\"151\" auth=\"false\" data-opt-mute adplacement=\"accompanying\" autoplay rounded><\/bs-player> <\/div>\n<\/p><\/div>\n<p itemprop=\"description\"> Motorista estaria mexendo no r\u00e1dio em momento de acidente na BR-116 <\/p>\n<\/p><\/div>\n<div id=\"chunk-7gre2\">\n<p data-track-category=\"Link no Texto\" data-track-links> O \u00f4nibus intermunicipal saiu da rodovi\u00e1ria de Pelotas \u00e0s 10h30 do dia <strong>2 de janeiro<\/strong> e tinha como destino S\u00e3o Louren\u00e7o do Sul, a cerca de 75 km de dist\u00e2ncia. O acidente aconteceu por volta das 11h20, na altura do km 491. <\/p>\n<\/p><\/div>\n<div id=\"chunk-3i25j\">\n<p data-track-category=\"Link no Texto\" data-track-links> Conforme a Ecovias, empresa respons\u00e1vel pela administra\u00e7\u00e3o da rodovia, <span>o caminh\u00e3o desviou para a contram\u00e3o da estrada porque foi surpreendido por um congestionamento na rodovia.<\/span> <strong>Ao ingressar na pista contr\u00e1ria para evitar colidir contra os ve\u00edculos parados, bateu no \u00f4nibus.<\/strong> <\/p>\n<\/p><\/div>\n<div data-block-type=\"backstage-photo\" id=\"chunk-16rrs\">\n<p> Caminh\u00e3o colidiu com \u00f4nibus na BR-116, em Pelotas \u2014 Foto: Reprodu\u00e7\u00e3o <\/p>\n<\/p><\/div>\n<div data-block-type=\"raw\" data-block-weight=\"1\" id=\"chunk-1jl45\">\n<p><h2><strong>V\u00edtimas<\/strong><\/h2>\n<\/p><\/div>\n<div id=\"chunk-jpcj\">\n<p data-track-category=\"Link no Texto\" data-track-links> A prefeitura de S\u00e3o Louren\u00e7o do Sul confirmou as identidades das <strong>11 v\u00edtimas fatais do acidente<\/strong>. Todos os mortos estavam no transporte coletivo \u2013 <span>motorista, cobrador e nove passageiros<\/span>. <em>(Veja nomes abaixo)<\/em> <\/p>\n<\/p><\/div>\n<div id=\"chunk-4bka9\">\n<p data-track-category=\"Link no Texto\" data-track-links> Cinco das v\u00edtimas eram naturais de S\u00e3o Louren\u00e7o do Sul, tr\u00eas eram de Pelotas, uma de Bag\u00e9, uma de Candiota e uma de Oriximin\u00e1 (PA). Os mortos tinham entre <strong>34 <\/strong>e <strong>85 anos<\/strong>. <\/p>\n<\/p><\/div>\n<div data-block-type=\"raw\" data-block-weight=\"77\" id=\"chunk-casmu\">\n<ul>\n<li><strong>Carlos Roberto Blank<\/strong>, 34 anos (motorista do \u00f4nibus)<\/li>\n<li><strong>Luis Fernando Pinto Ramson<\/strong>, 47 anos (passageiro)<\/li>\n<li><strong>Paulo Lages da Silva<\/strong>, 61 anos (passageiro)<\/li>\n<li><strong>Dalvino Frank<\/strong>, 73 anos (passageiro)<\/li>\n<li><strong>Luiz Anselmo da Silva<\/strong>, 57 anos (cobrador do \u00f4nibus)<\/li>\n<li><strong>Neisa Jovelina Fernandes Ribeiro<\/strong>, 77 anos (passageira)<\/li>\n<li><strong>Galileu da Silva Ribeiro<\/strong>, 70 anos (passageiro)<\/li>\n<li><strong>Jaqueline dos Santos Duarte<\/strong>, 47 anos (passageira)<\/li>\n<li><strong>Aida Weber<\/strong>, 72 anos (passageira)<\/li>\n<li><strong>Daizi Moraes Jalil Isa<\/strong>, 85 anos (passageira)<\/li>\n<li><strong>Vera Regina Foster de Souza<\/strong>, 52 anos (passageira)<\/li>\n<\/ul><\/div>\n<div data-block-type=\"backstage-photo\" id=\"chunk-51rvk\">\n<p> Carlos Blank e Luiz Anselmo da Silva est\u00e3o entre as v\u00edtimas de acidente na BR-116 \u2014 Foto: Arquivo pessoal\/\u00c9der Ricardo Blank <\/p>\n<\/p><\/div>\n<div data-block-type=\"raw\" data-block-weight=\"5\" id=\"chunk-covi0\">\n<p><h2>V\u00cdDEOS: Tudo sobre o RS<\/h2>\n<\/p><\/div>\n<\/p><\/div>\n","protected":false},"excerpt":{"rendered":"<p>A Pol\u00edcia Civil concluiu o inqu\u00e9rito do acidente que matou 11 pessoas na BR\u2011116, em Pelotas, no Sul do Rio Grande do Sul. A colis\u00e3o entre um \u00f4nibus e um&hellip;<\/p>\n","protected":false},"author":1,"featured_media":39976,"comment_status":"open","ping_status":"open","sticky":false,"template":"","format":"standard","meta":{"footnotes":""},"categories":[6],"tags":[],"class_list":["post-39975","post","type-post","status-publish","format-standard","has-post-thumbnail","hentry","category-regiao"],"_links":{"self":[{"href":"https:\/\/radioultimapalavra.amelhor.net\/site\/wp-json\/wp\/v2\/posts\/39975","targetHints":{"allow":["GET"]}}],"collection":[{"href":"https:\/\/radioultimapalavra.amelhor.net\/site\/wp-json\/wp\/v2\/posts"}],"about":[{"href":"https:\/\/radioultimapalavra.amelhor.net\/site\/wp-json\/wp\/v2\/types\/post"}],"author":[{"embeddable":true,"href":"https:\/\/radioultimapalavra.amelhor.net\/site\/wp-json\/wp\/v2\/users\/1"}],"replies":[{"embeddable":true,"href":"https:\/\/radioultimapalavra.amelhor.net\/site\/wp-json\/wp\/v2\/comments?post=39975"}],"version-history":[{"count":0,"href":"https:\/\/radioultimapalavra.amelhor.net\/site\/wp-json\/wp\/v2\/posts\/39975\/revisions"}],"wp:featuredmedia":[{"embeddable":true,"href":"https:\/\/radioultimapalavra.amelhor.net\/site\/wp-json\/wp\/v2\/media\/39976"}],"wp:attachment":[{"href":"https:\/\/radioultimapalavra.amelhor.net\/site\/wp-json\/wp\/v2\/media?parent=39975"}],"wp:term":[{"taxonomy":"category","embeddable":true,"href":"https:\/\/radioultimapalavra.amelhor.net\/site\/wp-json\/wp\/v2\/categories?post=39975"},{"taxonomy":"post_tag","embeddable":true,"href":"https:\/\/radioultimapalavra.amelhor.net\/site\/wp-json\/wp\/v2\/tags?post=39975"}],"curies":[{"name":"wp","href":"https:\/\/api.w.org\/{rel}","templated":true}]}}