{"id":40616,"date":"2026-03-23T08:30:40","date_gmt":"2026-03-23T11:30:40","guid":{"rendered":"https:\/\/radioultimapalavra.amelhor.net\/site\/mae-avo-e-representante-comercial-quem-era-enteada-morta-com-tiro-de-espingarda-no-rs-madrasta-e-principal-suspeita\/"},"modified":"2026-03-23T08:30:40","modified_gmt":"2026-03-23T11:30:40","slug":"mae-avo-e-representante-comercial-quem-era-enteada-morta-com-tiro-de-espingarda-no-rs-madrasta-e-principal-suspeita","status":"publish","type":"post","link":"https:\/\/radioultimapalavra.amelhor.net\/site\/mae-avo-e-representante-comercial-quem-era-enteada-morta-com-tiro-de-espingarda-no-rs-madrasta-e-principal-suspeita\/","title":{"rendered":"M\u00e3e, av\u00f3 e representante comercial: quem era enteada morta com tiro de espingarda no RS; madrasta \u00e9 principal suspeita"},"content":{"rendered":"<div>\n<div id=\"chunk-5rs0o\">\n<p data-track-category=\"Link no Texto\" data-track-links> A principal suspeita \u00e9 a <strong>madrasta <\/strong>dela, <strong>Lurdes de F\u00e1tima de Lima Maurina<\/strong>, de 63 anos, que seguia foragida at\u00e9 o in\u00edcio da noite de domingo (22). O g1 tentou contato com Lurdes, mas n\u00e3o obteve retorno. <em>Saiba mais abaixo.<\/em> <\/p>\n<\/p><\/div>\n<div id=\"chunk-6bvqi\">\n<p data-track-category=\"Link no Texto\" data-track-links> Nascida em Taquara, na Regi\u00e3o Metropolitana de Porto Alegre, a v\u00edtima construiu a vida em torno de duas prioridades que guiavam tudo o que fazia: <span>a fam\u00edlia e a vontade de estar presente em cada detalhe do cotidiano de quem amava<\/span>. <\/p>\n<\/p><\/div>\n<div id=\"chunk-7gsn1\">\n<p data-track-category=\"Link no Texto\" data-track-links> <strong>Representante comercial<\/strong>, Maria Helena era <strong>m\u00e3e de dois filhos<\/strong>: Ahmanda, de 28 anos, e Matheus, de 21. Segundo quem convivia de perto com ela, <span>Helena vivia intensamente o papel de m\u00e3e e av\u00f3<\/span>. <\/p>\n<\/p><\/div>\n<div data-block-type=\"backstage-video\" itemscope itemtype=\"http:\/\/schema.org\/VideoObject\" itemprop=\"video\" id=\"chunk-8skag\"> <meta itemprop=\"name\" content=\"Quais as diferen\u00e7as entre o homic\u00eddio culposo e doloso?\"> <meta itemprop=\"thumbnailUrl\" content=\"https:\/\/s02.video.glbimg.com\/x240\/13556149.jpg\"> <meta itemprop=\"datePublished\" content=\"2026-03-22T20:50:52.100Z\"> <meta itemprop=\"uploadDate\" content=\"2026-03-22T20:50:52.100Z\"> <meta itemprop=\"contentUrl\" content=\"https:\/\/vodstreaming01.video.globo.com\/45\/be\/ab\/13556149_ab2bf1fb28749dfd0d7fa5708149d316cf3cf15a\/13556149-360p_300k_h264-2a389a30-075c-013e-0004-000000000000.mp4\"> <\/p>\n<div> <meta itemprop=\"name\" content=\"Quais as diferen\u00e7as entre o homic\u00eddio culposo e doloso?\"> <meta itemprop=\"thumbnailUrl\" content=\"https:\/\/s02.video.glbimg.com\/x240\/13556149.jpg\"> <meta itemprop=\"datePublished\" content=\"2026-03-22T20:50:52.100Z\"> <meta itemprop=\"uploadDate\" content=\"2026-03-22T20:50:52.100Z\"> <meta itemprop=\"contentUrl\" content=\"https:\/\/vodstreaming01.video.globo.com\/45\/be\/ab\/13556149_ab2bf1fb28749dfd0d7fa5708149d316cf3cf15a\/13556149-360p_300k_h264-2a389a30-075c-013e-0004-000000000000.mp4\">  <\/p>\n<div data-video-id=\"13556149\">\n<p><img decoding=\"async\" src=\"https:\/\/s02.video.glbimg.com\/x240\/13556149.jpg\" alt=\"Quais as diferen\u00e7as entre o homic\u00eddio culposo e doloso?\" title=\"Quais as diferen\u00e7as entre o homic\u00eddio culposo e doloso?\"><\/p>\n<p><bs-player videoid=\"13556149\" subscriber-only=\"false\" id=\"wp3-player-8skag\" serviceid=\"151\" auth=\"false\" data-opt-mute adplacement=\"accompanying\" autoplay rounded><\/bs-player> <\/div>\n<\/p><\/div>\n<p itemprop=\"description\"> Quais as diferen\u00e7as entre o homic\u00eddio culposo e doloso? <\/p>\n<\/p><\/div>\n<div id=\"chunk-e2lia\">\n<p data-track-category=\"Link no Texto\" data-track-links> O genro Thiago Tormes descreve a rela\u00e7\u00e3o dela com os filhos como um <strong>v\u00ednculo forte<\/strong>, por vezes superprotetor, mas movido por afeto: <\/p>\n<\/p><\/div>\n<div id=\"chunk-2e3qf\">\n<p data-track-category=\"Link no Texto\" data-track-links> &#8220;Com Matheus ela era super protetora, de uma forma assim que eu at\u00e9 brincava com ela: &#8216;vai Helena, teu filho n\u00e3o vai conseguir sair do ninho&#8217;. S\u00f3 que ela tinha esse neg\u00f3cio, esse amor assim de ter ele sempre perto&#8221;, relembra. <\/p>\n<\/p><\/div>\n<div id=\"chunk-5gm94\">\n<p data-track-category=\"Link no Texto\" data-track-links> Com Ahmanda, o cuidado n\u00e3o era diferente. Quando a filha foi morar com Tormes, a m\u00e3e n\u00e3o escondia o impulso de acompanhar de perto. <\/p>\n<\/p><\/div>\n<div data-block-type=\"raw\" data-block-weight=\"15\" id=\"chunk-6b8th\">\n<blockquote><p>&#8220;Ela estava sempre l\u00e1 [na casa], visitando a gente, ajudando a cuidar da gente&#8221;, conta.<\/p><\/blockquote><\/div>\n<div id=\"chunk-e98oj\">\n<p data-track-category=\"Link no Texto\" data-track-links> O carinho se estendia aos <strong>dois netos<\/strong>, que ocupavam um lugar especial na rotina da av\u00f3, que fazia quest\u00e3o de participar, mesmo que fosse um caf\u00e9 por alguns minutos no meio da tarde: &#8220;Largava tudo para estar l\u00e1\u201d. <\/p>\n<\/p><\/div>\n<div id=\"chunk-bqbqv\">\n<p data-track-category=\"Link no Texto\" data-track-links> Foi justamente em uma sa\u00edda despretensiosa para uma padaria com Ahmanda que <strong>m\u00e3e e filha tiveram o \u00faltimo momento juntas<\/strong>, apenas dois dias antes do crime. <\/p>\n<\/p><\/div>\n<div data-block-type=\"raw\" data-block-weight=\"26\" id=\"chunk-q7sg\">\n<blockquote><p>&#8220;A Amanda ligou para ela, foram tomar um caf\u00e9 na padaria, se divertir, dar risada e foi o \u00faltimo momento que eles tiveram de conex\u00e3o&#8221;, diz.<\/p><\/blockquote><\/div>\n<div data-block-type=\"raw\" data-block-weight=\"1\" id=\"chunk-ckv4k\">\n<p><h2>Crime<\/h2>\n<\/p><\/div>\n<div data-block-type=\"backstage-photo\" id=\"chunk-anqfe\">\n<p> Maria Helena de Souza, v\u00edtima de homic\u00eddio no RS \u2014 Foto: Imagens cedidas\/ Arquivo pessoal <\/p>\n<\/p><\/div>\n<div id=\"chunk-5b1oj\">\n<p data-track-category=\"Link no Texto\" data-track-links> Segundo a investiga\u00e7\u00e3o policial, Lurdes de F\u00e1tima de Lima Maurina teria ficado contrariada com a visita de Helena ao pai da v\u00edtima. <\/p>\n<\/p><\/div>\n<div id=\"chunk-3v5b\">\n<p data-track-category=\"Link no Texto\" data-track-links> De acordo com o boletim, integrantes da Brigada Militar foram enviados ao endere\u00e7o ap\u00f3s uma <strong>den\u00fancia de disparo de arma de fogo<\/strong>. Quando chegaram ao local, acompanhados pelos Bombeiros Volunt\u00e1rios, <strong>encontraram a v\u00edtima ca\u00edda no ch\u00e3o, j\u00e1 sem vida<\/strong>. <\/p>\n<\/p><\/div>\n<div id=\"chunk-1adv1\">\n<p data-track-category=\"Link no Texto\" data-track-links> Conforme a pol\u00edcia, ap\u00f3s um desentendimento entre as duas, a suspeita teria seguido at\u00e9 um dos quartos da casa, onde teria pego uma espingarda calibre 12 e efetuado um disparo contra a enteada. <\/p>\n<\/p><\/div>\n<div id=\"chunk-28t29\">\n<p data-track-category=\"Link no Texto\" data-track-links> O filho mais novo da v\u00edtima estava com a m\u00e3e no momento do crime, segundo o delegado Ivanir Caliari, respons\u00e1vel pelo caso. <\/p>\n<\/p><\/div>\n<div id=\"chunk-dl9qa\">\n<p data-track-category=\"Link no Texto\" data-track-links> Depois do tiro, Lurdes teria fugido pelos fundos da resid\u00eancia, em dire\u00e7\u00e3o a um matagal. Buscas foram feitas nas \u00e1reas pr\u00f3ximas, mas ela n\u00e3o havia sido localizada. <\/p>\n<\/p><\/div>\n<div id=\"chunk-a238n\">\n<p data-track-category=\"Link no Texto\" data-track-links> A arma usada no crime foi apreendida pela Pol\u00edcia Civil. O pai acamado passou para os cuidados da fam\u00edlia. <\/p>\n<\/p><\/div>\n<div id=\"chunk-buvee\">\n<p data-track-category=\"Link no Texto\" data-track-links> A cena foi isolada para a atua\u00e7\u00e3o da per\u00edcia. O caso ser\u00e1 investigado pela Pol\u00edcia Civil de Igrejinha. <\/p>\n<\/p><\/div>\n<div data-block-type=\"raw\" data-block-weight=\"5\" id=\"chunk-aq24i\">\n<p><h2>V\u00cdDEOS: Tudo sobre o RS<\/h2>\n<\/p><\/div>\n<\/p><\/div>\n","protected":false},"excerpt":{"rendered":"<p>A principal suspeita \u00e9 a madrasta dela, Lurdes de F\u00e1tima de Lima Maurina, de 63 anos, que seguia foragida at\u00e9 o in\u00edcio da noite de domingo (22). O g1 tentou&hellip;<\/p>\n","protected":false},"author":1,"featured_media":40617,"comment_status":"open","ping_status":"open","sticky":false,"template":"","format":"standard","meta":{"footnotes":""},"categories":[6],"tags":[],"class_list":["post-40616","post","type-post","status-publish","format-standard","has-post-thumbnail","hentry","category-regiao"],"_links":{"self":[{"href":"https:\/\/radioultimapalavra.amelhor.net\/site\/wp-json\/wp\/v2\/posts\/40616","targetHints":{"allow":["GET"]}}],"collection":[{"href":"https:\/\/radioultimapalavra.amelhor.net\/site\/wp-json\/wp\/v2\/posts"}],"about":[{"href":"https:\/\/radioultimapalavra.amelhor.net\/site\/wp-json\/wp\/v2\/types\/post"}],"author":[{"embeddable":true,"href":"https:\/\/radioultimapalavra.amelhor.net\/site\/wp-json\/wp\/v2\/users\/1"}],"replies":[{"embeddable":true,"href":"https:\/\/radioultimapalavra.amelhor.net\/site\/wp-json\/wp\/v2\/comments?post=40616"}],"version-history":[{"count":0,"href":"https:\/\/radioultimapalavra.amelhor.net\/site\/wp-json\/wp\/v2\/posts\/40616\/revisions"}],"wp:featuredmedia":[{"embeddable":true,"href":"https:\/\/radioultimapalavra.amelhor.net\/site\/wp-json\/wp\/v2\/media\/40617"}],"wp:attachment":[{"href":"https:\/\/radioultimapalavra.amelhor.net\/site\/wp-json\/wp\/v2\/media?parent=40616"}],"wp:term":[{"taxonomy":"category","embeddable":true,"href":"https:\/\/radioultimapalavra.amelhor.net\/site\/wp-json\/wp\/v2\/categories?post=40616"},{"taxonomy":"post_tag","embeddable":true,"href":"https:\/\/radioultimapalavra.amelhor.net\/site\/wp-json\/wp\/v2\/tags?post=40616"}],"curies":[{"name":"wp","href":"https:\/\/api.w.org\/{rel}","templated":true}]}}