{"id":41377,"date":"2026-04-20T15:26:06","date_gmt":"2026-04-20T18:26:06","guid":{"rendered":"https:\/\/radioultimapalavra.amelhor.net\/site\/caetanos-radares-automaticos-ja-multaram-mais-de-700-motoristas-por-avanco-de-sinal-e-excesso-de-velocidade-em-porto-alegre\/"},"modified":"2026-04-20T15:26:06","modified_gmt":"2026-04-20T18:26:06","slug":"caetanos-radares-automaticos-ja-multaram-mais-de-700-motoristas-por-avanco-de-sinal-e-excesso-de-velocidade-em-porto-alegre","status":"publish","type":"post","link":"https:\/\/radioultimapalavra.amelhor.net\/site\/caetanos-radares-automaticos-ja-multaram-mais-de-700-motoristas-por-avanco-de-sinal-e-excesso-de-velocidade-em-porto-alegre\/","title":{"rendered":"&#8216;Caetanos&#8217;: Radares autom\u00e1ticos j\u00e1 multaram mais de 700 motoristas por avan\u00e7o de sinal e excesso de velocidade em Porto Alegre"},"content":{"rendered":"<div>\n<div id=\"chunk-2qah3\">\n<p data-track-category=\"Link no Texto\" data-track-links> Ao todo, foram <strong>405 multas por excesso de velocidade<\/strong> e <strong>367 multas por avan\u00e7o de sinal<\/strong>. <\/p>\n<\/p><\/div>\n<div id=\"chunk-170h2\">\n<p data-track-category=\"Link no Texto\" data-track-links> Tr\u00eas radares operaram durante todo m\u00eas de mar\u00e7o. Dois deles ficam nos cruzamentos da <strong>avenida Prot\u00e1sio Alves com a rua Vicente da Fontoura<\/strong> e um entre as <strong>avenidas Bento Gon\u00e7alves e Princesa Isabel<\/strong>. O outro radar neste cruzamento esteve ativo a partir de 26 de mar\u00e7o, ap\u00f3s passar por ajustes t\u00e9cnicos. <\/p>\n<\/p><\/div>\n<div id=\"chunk-27p4n\">\n<p data-track-category=\"Link no Texto\" data-track-links> \ud83d\udd0e <em>O motorista que avan\u00e7ar o sinal vermelho nesses sinais e for identificado pelas c\u00e2meras estar\u00e1 infringido o <\/em><span><em>artigo n\u00ba 208<\/em><\/span><em> do C\u00f3digo de Tr\u00e2nsito Brasileiro. A multa para a <\/em><strong><em>infra\u00e7\u00e3o grav\u00edssima<\/em><\/strong><em> \u00e9 de <\/em><strong><em>R$ 293,47<\/em><\/strong><em>, al\u00e9m de <\/em><strong><em>sete pontos<\/em><\/strong><em> na Carteira Nacional de Habilita\u00e7\u00e3o (CNH).<\/em> <\/p>\n<\/p><\/div>\n<div data-block-type=\"raw\" data-block-weight=\"46\" id=\"chunk-76us4\">\n<blockquote><p>&#8220;No per\u00edodo analisado, foram registradas 772 infra\u00e7\u00f5es v\u00e1lidas em um fluxo total de 1.927.615 ve\u00edculos, o que representa um \u00edndice de apenas 0,040% de autua\u00e7\u00f5es em rela\u00e7\u00e3o ao volume total de ve\u00edculos que circularam pelos pontos monitorados&#8221;, analisa a Empresa P\u00fablica de Transporte e Circula\u00e7\u00e3o (EPTC).<\/p><\/blockquote><\/div>\n<div id=\"chunk-3a8dp\">\n<p data-track-category=\"Link no Texto\" data-track-links> A <strong>campe\u00e3 de multas<\/strong> foi a avenida Prot\u00e1sio Alves. Foram registradas 280 infra\u00e7\u00f5es no cruzamento com a rua Vicente da Fontoura. <\/p>\n<\/p><\/div>\n<div data-block-type=\"raw\" data-block-weight=\"8\" id=\"chunk-8f99j\">\n<p><h2>Novos radares entram em opera\u00e7\u00e3o na pr\u00f3xima semana<\/h2>\n<\/p><\/div>\n<div id=\"chunk-7gd0l\">\n<p data-track-category=\"Link no Texto\" data-track-links> <span>A partir da pr\u00f3xima segunda-feira (27), novos pontos da cidade passam a contar com fiscaliza\u00e7\u00e3o via DAS<\/span>. Os equipamentos ir\u00e3o monitorar os seguintes cruzamentos: <\/p>\n<\/p><\/div>\n<div data-block-type=\"raw\" data-block-weight=\"22\" id=\"chunk-f6fpd\">\n<ul>\n<li>Avenida Farrapos x Rua Santo Ant\u00f4nio<\/li>\n<li>Avenida Oscar Pereira x Avenida Apar\u00edcio Borges<\/li>\n<li>Avenida Nonoai\/Avenida Cavalhada x Av. Campos Velho\/Avenida Vicente Monteggia<\/li>\n<\/ul><\/div>\n<div data-block-type=\"backstage-photo\" id=\"chunk-79dld\">\n<p> Equipamento instalado no cruzamento da Avenida Prot\u00e1sio Alves com a Rua Vicente da Fontoura, no bairro Rio Branco. \u2014 Foto: Gustavo Roth\/EPTC\/PMPA <\/p>\n<\/p><\/div>\n<div data-block-type=\"raw\" data-block-weight=\"6\" id=\"chunk-e29uk\">\n<p><h2>Para EPTC, n\u00fameros revelam &#8216;bom comportamento&#8217;<\/h2>\n<\/p><\/div>\n<div id=\"chunk-5gvm6\">\n<p data-track-category=\"Link no Texto\" data-track-links> O diretor-presidente da EPTC, Pedro Bisch Neto, destaca que os dados refor\u00e7am o comportamento respons\u00e1vel dos condutores na cidade. <\/p>\n<\/p><\/div>\n<div id=\"chunk-t38p\">\n<p data-track-category=\"Link no Texto\" data-track-links> &#8220;Os n\u00fameros mostram que Porto Alegre tem uma popula\u00e7\u00e3o atenta e que, na sua grande maioria, respeita as regras e a sinaliza\u00e7\u00e3o do tr\u00e2nsito, o que \u00e9 fundamental para a seguran\u00e7a de todos. Al\u00e9m disso, evidenciam a import\u00e2ncia do uso da tecnologia no monitoramento das vias&#8221;, destaca. <\/p>\n<\/p><\/div>\n<div data-block-type=\"raw\" data-block-weight=\"6\" id=\"chunk-15o70\">\n<p><h2>Multas n\u00e3o ser\u00e3o aplicadas de madrugada<\/h2>\n<\/p><\/div>\n<div id=\"chunk-4v1pg\">\n<p data-track-category=\"Link no Texto\" data-track-links> Apesar da opera\u00e7\u00e3o cont\u00ednua dos equipamentos, a EPTC informa que <strong>n\u00e3o haver\u00e1 multas entre 23h e 5h<\/strong>. Uma resolu\u00e7\u00e3o publicada no ano passado <span>permite que motoristas avancem o sinal nesse per\u00edodo<\/span>. <\/p>\n<\/p><\/div>\n<div id=\"chunk-e5fhv\">\n<p data-track-category=\"Link no Texto\" data-track-links> A flexibiliza\u00e7\u00e3o vale das <strong>23h \u00e0s 4h59<\/strong>. Para seguir, <strong>o condutor deve reduzir a velocidade, observar o fluxo de ve\u00edculos e pedestres e n\u00e3o ultrapassar 30 km\/h ao cruzar a via<\/strong>. <\/p>\n<\/p><\/div>\n<div data-block-type=\"raw\" data-block-weight=\"3\" id=\"chunk-6f37i\">\n<p><h2>Por que &#8220;Caetano&#8221;?<\/h2>\n<\/p><\/div>\n<div id=\"chunk-5bsu5\">\n<p data-track-category=\"Link no Texto\" data-track-links> <span>Os radares s\u00e3o apelidados de &#8220;Caetanos&#8221; em homenagem ao m\u00fasico <\/span><strong><span>Caetano Veloso<\/span><\/strong>. Em um documento da CET-SP (Companhia de Engenharia de Tr\u00e1fego de S\u00e3o Paulo), o apelido se popularizou logo ap\u00f3s a instala\u00e7\u00e3o dos primeiros aparelhos do tipo, em 1993. <\/p>\n<\/p><\/div>\n<div id=\"chunk-41kni\">\n<p data-track-category=\"Link no Texto\" data-track-links> Na \u00e9poca, o m\u00fasico j\u00e1 havia lan\u00e7ado pelo menos tr\u00eas m\u00fasicas em que criticava o comportamento dos motoristas que ultrapassam o sinal vermelho. <\/p>\n<\/p><\/div>\n<div data-block-type=\"raw\" data-block-weight=\"75\" id=\"chunk-5rsad\">\n<ul>\n<li>\ud83d\udea6\ud83c\udfb5<em> Caetano Veloso fala sobre a infra\u00e7\u00e3o de tr\u00e2nsito em pelo menos tr\u00eas m\u00fasicas. Em &#8220;Neide Candolina&#8221; (1991), canta <\/em><strong><em>&#8220;&#8230;e ela nunca furou um sinal, e isso \u00e9 legal&#8221;<\/em><\/strong><em>. Em &#8220;Haiti&#8221; (1993), diz: <\/em><strong><em>&#8220;&#8230;e quando voc\u00ea furar o sinal vermelho, o velho sinal vermelho&#8230;&#8221;<\/em><\/strong><em>. E tamb\u00e9m em &#8220;Podres Poderes&#8221; (1984), talvez a mais contundente: &#8220;<\/em><strong><em>Enquanto os homens exercem seus podres poderes, motos e fuscas avan\u00e7am os sinais vermelho e perdem os verdes. Somos uns bo\u00e7ais&#8221;<\/em><\/strong><em>.<\/em><\/li>\n<\/ul><\/div>\n<div id=\"chunk-1cdl5\">\n<p data-track-category=\"Link no Texto\" data-track-links> Um ano depois da instala\u00e7\u00e3o dos primeiros &#8220;Caetanos&#8221; em S\u00e3o Paulo, o cantor <span>foi rosto da campanha de conscientiza\u00e7\u00e3o \u201cEduca\u00e7\u00e3o Para o Tr\u00e2nsito\u201d, da TV Globo, em 1994<\/span>. Foi quando o apelido se popularizou \u2014 curiosamente, acabou se consolidando mais no RS, onde \u00e9 usado at\u00e9 hoje, do que em S\u00e3o Paulo. <\/p>\n<\/p><\/div>\n<div data-block-type=\"raw\" data-block-weight=\"49\" id=\"chunk-ejd10\">\n<blockquote><p>\u201cCompor uma can\u00e7\u00e3o, declarar o amor \u00e0 namorada, abra\u00e7ar os amigos, participar de uma campanha de cidadania \u2014 tudo isso \u00e9 uma quest\u00e3o de querer, de decidir, de escolher. Eu decidi estar aqui dizendo essas coisas. Voc\u00ea decide se quer ser, no tr\u00e2nsito, um cidad\u00e3o\u201d, disse Caetano \u00e0 \u00e9poca. <\/p><\/blockquote><\/div>\n<div data-block-type=\"backstage-photo\" id=\"chunk-59ho4\">\n<p> Radares que fiscalizam sinal vermelho s\u00e3o conhecidos como &#8216;Caetanos&#8217; por causa do cantor Caetano Veloso \u2014 Foto: Divulga\u00e7\u00e3o\/EPTC e Aline Fonseca\/Divulga\u00e7\u00e3o <\/p>\n<\/p><\/div>\n<div data-block-type=\"raw\" data-block-weight=\"4\" id=\"chunk-aon7f\">\n<p><h2>Radares visam reduzir acidentes<\/h2>\n<\/p><\/div>\n<div id=\"chunk-96fvc\">\n<p data-track-category=\"Link no Texto\" data-track-links> Porto Alegre teve o <strong>m\u00eas de janeiro mais violento no tr\u00e2nsito nos \u00faltimos anos<\/strong>, de acordo com dados da EPTC. <\/p>\n<\/p><\/div>\n<div data-block-type=\"raw\" data-block-weight=\"47\" id=\"chunk-84cur\">\n<ul>\n<li>\u26a0\ufe0f Na compara\u00e7\u00e3o entre janeiro de 2025 para o mesmo m\u00eas de 2026, as <strong>mortes no tr\u00e1fego mais que dobraram<\/strong>, saltando de cinco, no ano passado, para 11, neste ano. J\u00e1 o m\u00eas de fevereiro apresentou estabilidade: foram <strong>sete mortes em 2025<\/strong> e <strong>outras sete em 2026<\/strong>.<\/li>\n<\/ul><\/div>\n<div id=\"chunk-frsu7\">\n<p data-track-category=\"Link no Texto\" data-track-links> O diretor-presidente da EPTC, Pedro Bisch Neto, afirma que <span>os cruzamentos concentram parte significativa dos acidentes na Capital<\/span>. <\/p>\n<\/p><\/div>\n<div data-block-type=\"raw\" data-block-weight=\"47\" id=\"chunk-6bhkm\">\n<blockquote><p>\u201cAs estat\u00edsticas apontaram os cruzamentos como um dos principais locais e causas de sinistros. Isso nos gerou uma urg\u00eancia de preparar um sistema de controle que pudesse promover uma mudan\u00e7a comportamental mais efetiva. Simples campanhas estavam sendo fracas, ent\u00e3o mapeamos os 15 principais cruzamentos da cidade\u201d, diz.<\/p><\/blockquote><\/div>\n<div id=\"chunk-enah1\">\n<p data-track-category=\"Link no Texto\" data-track-links> No in\u00edcio do ano, a EPTC divulgou balan\u00e7o sobre acidentes com morte em 2025. O levantamento mostrou que <strong>o desrespeito \u00e0 sinaliza\u00e7\u00e3o<\/strong>, especialmente o avan\u00e7o de sinal de pare ou do sem\u00e1foro vermelho, foi o<strong> principal fator de risco<\/strong>. <\/p>\n<\/p><\/div>\n<div id=\"chunk-mp1q\">\n<p data-track-category=\"Link no Texto\" data-track-links> Tamb\u00e9m aparecem como condutas perigosas a <span>velocidade excessiva, alcoolemia, convers\u00f5es proibidas e dire\u00e7\u00e3o por condutores sem Carteira Nacional de Habilita\u00e7\u00e3o (CNH) regular<\/span>. <\/p>\n<\/p><\/div>\n<div data-block-type=\"backstage-photo\" id=\"chunk-er07i\">\n<p> Motoristas ultrapassam sinal vermelho em Porto Alegre \u2014 Foto: Divulga\u00e7\u00e3o\/ EPTC\/ PMPA <\/p>\n<\/p><\/div>\n<div data-block-type=\"raw\" data-block-weight=\"8\" id=\"chunk-8mlfj\">\n<p><h2>Porto Alegre deve ter 15 Caetanos no total<\/h2>\n<\/p><\/div>\n<div id=\"chunk-62ovq\">\n<p data-track-category=\"Link no Texto\" data-track-links> Ao todo, a Empresa P\u00fablica de Transporte e Circula\u00e7\u00e3o (EPTC) prev\u00ea a<strong> instala\u00e7\u00e3o de 15 &#8220;Caetanos&#8221; em Porto Alegre at\u00e9 maio.<\/strong> <\/p>\n<\/p><\/div>\n<div id=\"chunk-ejsjf\">\n<p data-track-category=\"Link no Texto\" data-track-links> <strong>Confira os cruzamentos que receber\u00e3o os equipamentos:<\/strong> <\/p>\n<\/p><\/div>\n<div data-block-type=\"raw\" data-block-weight=\"134\" id=\"chunk-7ik9p\">\n<ul>\n<li><strong><span>Prot\u00e1sio Alves x Vicente da Fontoura<\/span><\/strong> (desde 1\u00ba de mar\u00e7o);<\/li>\n<li><strong><span>Bento Gon\u00e7alves x Princesa Isabel<\/span><\/strong> (desde 1\u00ba de mar\u00e7o);<\/li>\n<li><strong>Farrapos x Santo Ant\u00f4nio<\/strong> (a partir de 27 de abril);<\/li>\n<li><strong>Apar\u00edcio Borges x Oscar Pereira<\/strong> (a partir de 27 de abril);<\/li>\n<li><strong>Cavalhada\/Nonoai x Campos Velho\/Vicente Monteggia<\/strong> (a partir de 27 de abril);<\/li>\n<li><strong>Baltazar de Oliveira Garcia x Dante Angelo Pilla<\/strong> (instala\u00e7\u00e3o at\u00e9 maio);<\/li>\n<li><strong>Ipiranga x Silva S\u00f3<\/strong> (instala\u00e7\u00e3o at\u00e9 maio);<\/li>\n<li><strong>Sert\u00f3rio x Souza Reis x Edu Chaves<\/strong> (instala\u00e7\u00e3o at\u00e9 maio);<\/li>\n<li><strong>Bento Gon\u00e7alves x Ant\u00f4nio de Carvalho<\/strong> (instala\u00e7\u00e3o at\u00e9 maio);<\/li>\n<li><strong>Bento Gon\u00e7alves x Jo\u00e3o de Oliveira Remi\u00e3o<\/strong> (instala\u00e7\u00e3o at\u00e9 maio);<\/li>\n<li><strong>Prot\u00e1sio Alves x Ramiro Barcelos<\/strong> (instala\u00e7\u00e3o at\u00e9 maio);<\/li>\n<li><strong>Sert\u00f3rio x Cear\u00e1<\/strong> (instala\u00e7\u00e3o at\u00e9 maio);<\/li>\n<li><strong>Ipiranga x Salvador Fran\u00e7a<\/strong> (instala\u00e7\u00e3o at\u00e9 maio);<\/li>\n<li><strong>Carlos Gomes x Pl\u00ednio Brasil Milano<\/strong> (instala\u00e7\u00e3o at\u00e9 maio);<\/li>\n<li><strong>Ipiranga x Azenha<\/strong> (instala\u00e7\u00e3o at\u00e9 maio).<\/li>\n<\/ul><\/div>\n<div data-block-type=\"raw\" data-block-weight=\"5\" id=\"chunk-v7n7\">\n<p><h2>V\u00cdDEOS: Tudo sobre o RS<\/h2>\n<\/p><\/div>\n<\/p><\/div>\n","protected":false},"excerpt":{"rendered":"<p>Ao todo, foram 405 multas por excesso de velocidade e 367 multas por avan\u00e7o de sinal. Tr\u00eas radares operaram durante todo m\u00eas de mar\u00e7o. Dois deles ficam nos cruzamentos da&hellip;<\/p>\n","protected":false},"author":1,"featured_media":41378,"comment_status":"open","ping_status":"open","sticky":false,"template":"","format":"standard","meta":{"footnotes":""},"categories":[6],"tags":[],"class_list":["post-41377","post","type-post","status-publish","format-standard","has-post-thumbnail","hentry","category-regiao"],"_links":{"self":[{"href":"https:\/\/radioultimapalavra.amelhor.net\/site\/wp-json\/wp\/v2\/posts\/41377","targetHints":{"allow":["GET"]}}],"collection":[{"href":"https:\/\/radioultimapalavra.amelhor.net\/site\/wp-json\/wp\/v2\/posts"}],"about":[{"href":"https:\/\/radioultimapalavra.amelhor.net\/site\/wp-json\/wp\/v2\/types\/post"}],"author":[{"embeddable":true,"href":"https:\/\/radioultimapalavra.amelhor.net\/site\/wp-json\/wp\/v2\/users\/1"}],"replies":[{"embeddable":true,"href":"https:\/\/radioultimapalavra.amelhor.net\/site\/wp-json\/wp\/v2\/comments?post=41377"}],"version-history":[{"count":0,"href":"https:\/\/radioultimapalavra.amelhor.net\/site\/wp-json\/wp\/v2\/posts\/41377\/revisions"}],"wp:featuredmedia":[{"embeddable":true,"href":"https:\/\/radioultimapalavra.amelhor.net\/site\/wp-json\/wp\/v2\/media\/41378"}],"wp:attachment":[{"href":"https:\/\/radioultimapalavra.amelhor.net\/site\/wp-json\/wp\/v2\/media?parent=41377"}],"wp:term":[{"taxonomy":"category","embeddable":true,"href":"https:\/\/radioultimapalavra.amelhor.net\/site\/wp-json\/wp\/v2\/categories?post=41377"},{"taxonomy":"post_tag","embeddable":true,"href":"https:\/\/radioultimapalavra.amelhor.net\/site\/wp-json\/wp\/v2\/tags?post=41377"}],"curies":[{"name":"wp","href":"https:\/\/api.w.org\/{rel}","templated":true}]}}