{"id":41415,"date":"2026-04-22T21:53:12","date_gmt":"2026-04-23T00:53:12","guid":{"rendered":"https:\/\/radioultimapalavra.amelhor.net\/site\/bebe-prematuro-que-morreu-apos-testar-positivo-para-superbacteria-em-hospital-tinha-irmao-gemeo-que-segue-internado-no-rs\/"},"modified":"2026-04-22T21:53:12","modified_gmt":"2026-04-23T00:53:12","slug":"bebe-prematuro-que-morreu-apos-testar-positivo-para-superbacteria-em-hospital-tinha-irmao-gemeo-que-segue-internado-no-rs","status":"publish","type":"post","link":"https:\/\/radioultimapalavra.amelhor.net\/site\/bebe-prematuro-que-morreu-apos-testar-positivo-para-superbacteria-em-hospital-tinha-irmao-gemeo-que-segue-internado-no-rs\/","title":{"rendered":"Beb\u00ea prematuro que morreu ap\u00f3s testar positivo para superbact\u00e9ria em hospital tinha irm\u00e3o g\u00eameo, que segue internado no RS"},"content":{"rendered":"<div>\n<div id=\"chunk-c1r3k\">\n<p data-track-category=\"Link no Texto\" data-track-links> O beb\u00ea que morreu havia nascido com <strong>26 semanas de gesta\u00e7\u00e3o<\/strong> e <strong>600 gramas<\/strong> estava entre os <span>quatro pacientes da UTI Neonatal que testaram positivo para a bact\u00e9ria <\/span><strong><span>Acinetobacter baumannii<\/span><\/strong>. <\/p>\n<\/p><\/div>\n<div id=\"chunk-7s3jf\">\n<p data-track-category=\"Link no Texto\" data-track-links> Segundo o Grupo Hospitalar Concei\u00e7\u00e3o (GHC), a bact\u00e9ria \u00e9 <strong>multirresistente,<\/strong> <strong>sens\u00edvel a antibi\u00f3ticos e &#8220;comum em ambientes hospitalares&#8221;.<\/strong> <\/p>\n<\/p><\/div>\n<div data-block-type=\"backstage-photo\" id=\"chunk-3jmpm\">\n<p> Hospital F\u00eamina fecha UTI neonatal ap\u00f3s surto de superbact\u00e9ria \u2014 Foto: Reprodu\u00e7\u00e3o\/ RBS TV <\/p>\n<\/p><\/div>\n<div id=\"chunk-1o0f9\">\n<p data-track-category=\"Link no Texto\" data-track-links> A <em>Acinetobacter baumannii<\/em> \u00e9 <span>associada principalmente a infec\u00e7\u00f5es hospitalares<\/span>. Segundo especialistas, ela \u00e9 <strong>pouco agressiva<\/strong>, mas apresenta <strong>alto grau de resist\u00eancia aos antibi\u00f3ticos atualmente dispon\u00edveis<\/strong>. <\/p>\n<\/p><\/div>\n<div id=\"chunk-9bsrr\">\n<p data-track-category=\"Link no Texto\" data-track-links> &#8220;\u00c9 uma bact\u00e9ria pouco agressiva, mas muito resistente, de modo que n\u00e3o existe mais antibi\u00f3tico para usar e a gente acaba tendo que resgatar antibi\u00f3ticos muito antigos, como drogas usadas 70 anos atr\u00e1s e que acabam sendo muito t\u00f3xicas&#8221;, explica o m\u00e9dico e presidente da Sociedade Ga\u00facha de Infectologia, Alessandro Pasqualotto. <\/p>\n<\/p><\/div>\n<div id=\"chunk-16ok\">\n<p data-track-category=\"Link no Texto\" data-track-links> O hospital n\u00e3o informou se o irm\u00e3o g\u00eameo, que segue internado, tamb\u00e9m testou positivo para a bact\u00e9ria. <\/p>\n<\/p><\/div>\n<div data-block-type=\"raw\" data-block-weight=\"1\" id=\"chunk-131mm\">\n<p><h2>Interna\u00e7\u00f5es<\/h2>\n<\/p><\/div>\n<div data-block-type=\"backstage-photo\" id=\"chunk-1n8be\">\n<p> Hospital F\u00eamina fecha UTI neonatal ap\u00f3s surto de superbact\u00e9ria \u2014 Foto: Reprodu\u00e7\u00e3o\/ RBS TV <\/p>\n<\/p><\/div>\n<div id=\"chunk-dop8m\">\n<p data-track-category=\"Link no Texto\" data-track-links> Ao todo, <strong>34 rec\u00e9m-nascidos estavam internados<\/strong> na UTI Neonatal no momento da identifica\u00e7\u00e3o da bact\u00e9ria. At\u00e9 esta publica\u00e7\u00e3o, <span>23 pacientes j\u00e1 tiveram alta<\/span>. <\/p>\n<\/p><\/div>\n<div id=\"chunk-1siv8\">\n<p data-track-category=\"Link no Texto\" data-track-links> Al\u00e9m do beb\u00ea que morreu, <strong>outros tr\u00eas testaram positivo e seguem em estado est\u00e1vel<\/strong>, segundo GHC. Eles est\u00e3o <strong>isolados <\/strong>e recebem acompanhamento de uma equipe exclusiva, sem contato com outros setores do hospital. <\/p>\n<\/p><\/div>\n<div data-block-type=\"raw\" data-block-weight=\"35\" id=\"chunk-66r52\">\n<blockquote><p>&#8220;Esses beb\u00eas est\u00e3o em tratamento intensivo, recebendo antibi\u00f3ticos e mais uma s\u00e9rie de cuidados que \u00e9 necess\u00e1rio para prematuros t\u00e3o extremos&#8221;, explica a diretora de aten\u00e7\u00e3o \u00e0 sa\u00fade do Grupo Hospitalar Concei\u00e7\u00e3o, Rosana Reis Nothen.<\/p><\/blockquote><\/div>\n<div id=\"chunk-ffqre\">\n<p data-track-category=\"Link no Texto\" data-track-links> Ap\u00f3s a detec\u00e7\u00e3o da bact\u00e9ria, <span>o hospital fechou temporariamente a UTI Neonatal<\/span> e adotou medidas de conten\u00e7\u00e3o, como a <strong>suspens\u00e3o de novas admiss\u00f5es<\/strong> e a realiza\u00e7\u00e3o de testes em todos os beb\u00eas internados no setor. <\/p>\n<\/p><\/div>\n<div id=\"chunk-cv0rh\">\n<p data-track-category=\"Link no Texto\" data-track-links> As gestantes de alto risco est\u00e3o sendo redirecionadas para outras maternidades da capital. <\/p>\n<\/p><\/div>\n<div id=\"chunk-f2rk6\">\n<p data-track-category=\"Link no Texto\" data-track-links> O caso \u00e9 monitorado pelo hospital, pela Vigil\u00e2ncia Sanit\u00e1ria e pelas secretarias municipal e estadual da Sa\u00fade. <\/p>\n<\/p><\/div>\n<div id=\"chunk-birbl\">\n<p data-track-category=\"Link no Texto\" data-track-links> Em nota, a Secretaria Municipal de Sa\u00fade (SMS) informou que est\u00e1 apoiando &#8220;o redirecionamento de gestantes de 20-35 semanas para as demais maternidades da capital, garantindo a continuidade do atendimento. Por medida de seguran\u00e7a e monitoramento de rotina, novas admiss\u00f5es na unidade est\u00e3o temporariamente suspensas.&#8221; <em>Leia, abaixo, na \u00edntegra.<\/em> <\/p>\n<\/p><\/div>\n<div id=\"chunk-51r2v\">\n<p data-track-category=\"Link no Texto\" data-track-links> Segundo o Grupo Hospitalar Concei\u00e7\u00e3o (GHC), foram acionadas as secretarias municipal e estadual da Sa\u00fade, al\u00e9m da Vigil\u00e2ncia Sanit\u00e1ria. A \u00e1rea afetada passou por <strong>isolamento total<\/strong>, com <span>bloqueio de circula\u00e7\u00f5es internas, <\/span><strong><span>suspens\u00e3o tempor\u00e1ria de novas admiss\u00f5es<\/span><\/strong><span> e realiza\u00e7\u00e3o de testes em todos os beb\u00eas internados no setor<\/span>. <\/p>\n<\/p><\/div>\n<div id=\"chunk-347i0\">\n<p data-track-category=\"Link no Texto\" data-track-links> A Secretaria Estadual de Sa\u00fade (SES) disse que &#8220;est\u00e1 acompanhando a situa\u00e7\u00e3o, em di\u00e1logo com a SMS, e \u00e0 disposi\u00e7\u00e3o para auxiliar no que for necess\u00e1rio&#8221;. <\/p>\n<\/p><\/div>\n<div data-block-type=\"raw\" data-block-weight=\"1\" id=\"chunk-vo7s\">\n<p><h2>Superbact\u00e9ria<\/h2>\n<\/p><\/div>\n<div id=\"chunk-95aht\">\n<p data-track-category=\"Link no Texto\" data-track-links> A <strong>Acinetobacter baumannii<\/strong>, bact\u00e9ria detectada no hospital do RS, foi listada pela Organiza\u00e7\u00e3o Mundial da Sa\u00fade (OMS) em 2024 como <span>uma das bact\u00e9rias mais perigosas do mundo<\/span>. <\/p>\n<\/p><\/div>\n<div id=\"chunk-drkn9\">\n<p data-track-category=\"Link no Texto\" data-track-links> A OMS classifica as bact\u00e9rias como perigosas com base em v\u00e1rios crit\u00e9rios: <\/p>\n<\/p><\/div>\n<div data-block-type=\"raw\" data-block-weight=\"22\" id=\"chunk-bmjql\">\n<ul>\n<li>Taxas de mortalidade<\/li>\n<li>Incid\u00eancia (n\u00famero de infec\u00e7\u00f5es)<\/li>\n<li>Impacto na sa\u00fade<\/li>\n<li>Desenvolvimento de resist\u00eancia<\/li>\n<li>Transmissibilidade<\/li>\n<li>Evitabilidade<\/li>\n<li>Op\u00e7\u00f5es de tratamento<\/li>\n<li>Desenvolvimento de novos medicamentos<\/li>\n<\/ul><\/div>\n<div id=\"chunk-errue\">\n<p data-track-category=\"Link no Texto\" data-track-links> A Acinetobacter baumannii \u00e9 descrita como um &#8220;<span>pat\u00f3geno bacteriano oportunista emergente<\/span>&#8221; associado a infec\u00e7\u00f5es hospitalares. <\/p>\n<\/p><\/div>\n<div id=\"chunk-5ib59\">\n<p data-track-category=\"Link no Texto\" data-track-links> O risco de infec\u00e7\u00e3o aumenta conforme o tempo em que os pacientes permanecem hospitalizados. Pessoas com sistemas imunol\u00f3gicos vulner\u00e1veis est\u00e3o particularmente em risco. A Acinetobacter baumannii tamb\u00e9m \u00e9 resistente aos carbapen\u00eamicos. <\/p>\n<\/p><\/div>\n<div data-block-type=\"raw\" data-block-weight=\"30\" id=\"chunk-flnvt\">\n<ul>\n<li>\ud83d\udc8a <span>Carbapen\u00eamicos <\/span>s\u00e3o os chamados <strong>antibi\u00f3ticos de reserva<\/strong>, que s\u00e3o utilizados somente em \u00faltimo caso, quando n\u00e3o h\u00e1 outra alternativa. O uso indiscriminado destes antibi\u00f3ticos promove o desenvolvimento de resist\u00eancia.<\/li>\n<\/ul><\/div>\n<div data-block-type=\"raw\" data-block-weight=\"5\" id=\"chunk-ffm0k\">\n<p><h2>O que diz o GHC<\/h2>\n<\/p><\/div>\n<div id=\"chunk-d1a74\">\n<p data-track-category=\"Link no Texto\" data-track-links> <em>&#8220;Bact\u00e9ria identificada na UTI Neonatal do F\u00eamina \u00e9 sens\u00edvel a antibi\u00f3ticos <\/em> <\/p>\n<\/p><\/div>\n<div id=\"chunk-e36ba\">\n<p data-track-category=\"Link no Texto\" data-track-links> <em>1.A primeira informa\u00e7\u00e3o relevante \u00e9 que a bact\u00e9ria encontrada na UTI Neonatal do Hospital F\u00eamina \u00e9 multirresistente e sens\u00edvel a antibi\u00f3ticos, que passaram a ser usados para o tratamento e combate imediatos. N\u00e3o se trata, portanto, de bact\u00e9ria pan-resistente.<\/em> <\/p>\n<\/p><\/div>\n<div id=\"chunk-fiukj\">\n<p data-track-category=\"Link no Texto\" data-track-links> <em>2.No dia 16\/04, quando o Hospital F\u00eamina detectou a presen\u00e7a da bact\u00e9ria acinetobacter baumannii, na UTI Neonatal, imediatamente, todos os \u00f3rg\u00e3os de controle e regula\u00e7\u00e3o do sistema de sa\u00fade em Porto Alegre foram avisados e a Unidade foi fechada para o recebimento de novos pacientes. Os hospitais do GHC atuam como sentinela para situa\u00e7\u00f5es sanit\u00e1rias. Por esta raz\u00e3o, o comunicado foi imediato para todo o sistema.<\/em> <\/p>\n<\/p><\/div>\n<div id=\"chunk-6rom\">\n<p data-track-category=\"Link no Texto\" data-track-links> <em>3.O hospital adotou o acompanhamento dos internados por tr\u00eas equipes distintas: uma atende pacientes sem nenhum contato com a bact\u00e9ria, outra atende pacientes que tiveram contato, mas n\u00e3o positivaram e o terceiro grupo que atende exclusivamente os tr\u00eas pacientes que foram detectados com a bact\u00e9ria.<\/em> <\/p>\n<\/p><\/div>\n<div id=\"chunk-2qol8\">\n<p data-track-category=\"Link no Texto\" data-track-links> <em>4.Dos 34 pacientes internados no F\u00eamina e testados no dia 16\/04, quatro positivaram para a bact\u00e9ria. Infelizmente, um deles, em situa\u00e7\u00e3o de prematuridade extrema, com 26 semanas de gesta\u00e7\u00e3o e parto considerado de alto risco, veio a \u00f3bito. Os outros tr\u00eas beb\u00eas est\u00e3o est\u00e1veis e isolados, sendo acompanhados por equipe exclusiva de cuidados, sem contato com outros setores. Desse total, 23 pacientes j\u00e1 tiveram alta.<\/em> <\/p>\n<\/p><\/div>\n<div id=\"chunk-95qeo\">\n<p data-track-category=\"Link no Texto\" data-track-links> <em>5.As equipes cl\u00ednica e de enfermagem do Hospital F\u00eamina v\u00eam atuando de forma diligente, garantindo que nenhum paciente internado ou gestante que tenha buscado o hospital fiquem sem atendimento ou expostos a situa\u00e7\u00f5es de risco.&#8221;<\/em> <\/p>\n<\/p><\/div>\n<div data-block-type=\"raw\" data-block-weight=\"5\" id=\"chunk-cvadh\">\n<p><h2>O que diz a SMS<\/h2>\n<\/p><\/div>\n<div id=\"chunk-16soj\">\n<p data-track-category=\"Link no Texto\" data-track-links> <em>&#8220;A Secretaria Municipal de Sa\u00fade (SMS) de Porto Alegre acompanha a execu\u00e7\u00e3o dos protocolos de controle sanit\u00e1rio na UTI Neonatal do Hospital F\u00eamina e est\u00e1 apoiando, atrav\u00e9s do SAMU e da Regula\u00e7\u00e3o Municipal, o redirecionamento de gestantes de 20-35 semanas para as demais maternidades da capital, garantindo a continuidade do atendimento. Por medida de seguran\u00e7a e monitoramento de rotina, novas admiss\u00f5es na unidade est\u00e3o temporariamente suspensas.&#8221;<\/em> <\/p>\n<\/p><\/div>\n<div data-block-type=\"raw\" data-block-weight=\"5\" id=\"chunk-4eabb\">\n<p><h2>V\u00cdDEOS: Tudo sobre o RS<\/h2>\n<\/p><\/div>\n<\/p><\/div>\n","protected":false},"excerpt":{"rendered":"<p>O beb\u00ea que morreu havia nascido com 26 semanas de gesta\u00e7\u00e3o e 600 gramas estava entre os quatro pacientes da UTI Neonatal que testaram positivo para a bact\u00e9ria Acinetobacter baumannii.&hellip;<\/p>\n","protected":false},"author":1,"featured_media":41416,"comment_status":"open","ping_status":"open","sticky":false,"template":"","format":"standard","meta":{"footnotes":""},"categories":[6],"tags":[],"class_list":["post-41415","post","type-post","status-publish","format-standard","has-post-thumbnail","hentry","category-regiao"],"_links":{"self":[{"href":"https:\/\/radioultimapalavra.amelhor.net\/site\/wp-json\/wp\/v2\/posts\/41415","targetHints":{"allow":["GET"]}}],"collection":[{"href":"https:\/\/radioultimapalavra.amelhor.net\/site\/wp-json\/wp\/v2\/posts"}],"about":[{"href":"https:\/\/radioultimapalavra.amelhor.net\/site\/wp-json\/wp\/v2\/types\/post"}],"author":[{"embeddable":true,"href":"https:\/\/radioultimapalavra.amelhor.net\/site\/wp-json\/wp\/v2\/users\/1"}],"replies":[{"embeddable":true,"href":"https:\/\/radioultimapalavra.amelhor.net\/site\/wp-json\/wp\/v2\/comments?post=41415"}],"version-history":[{"count":0,"href":"https:\/\/radioultimapalavra.amelhor.net\/site\/wp-json\/wp\/v2\/posts\/41415\/revisions"}],"wp:featuredmedia":[{"embeddable":true,"href":"https:\/\/radioultimapalavra.amelhor.net\/site\/wp-json\/wp\/v2\/media\/41416"}],"wp:attachment":[{"href":"https:\/\/radioultimapalavra.amelhor.net\/site\/wp-json\/wp\/v2\/media?parent=41415"}],"wp:term":[{"taxonomy":"category","embeddable":true,"href":"https:\/\/radioultimapalavra.amelhor.net\/site\/wp-json\/wp\/v2\/categories?post=41415"},{"taxonomy":"post_tag","embeddable":true,"href":"https:\/\/radioultimapalavra.amelhor.net\/site\/wp-json\/wp\/v2\/tags?post=41415"}],"curies":[{"name":"wp","href":"https:\/\/api.w.org\/{rel}","templated":true}]}}