{"id":41417,"date":"2026-04-22T21:53:11","date_gmt":"2026-04-23T00:53:11","guid":{"rendered":"https:\/\/radioultimapalavra.amelhor.net\/site\/evento-religioso-reune-20-mil-fieis-na-orla-do-gasometro-em-porto-alegre\/"},"modified":"2026-04-22T21:53:11","modified_gmt":"2026-04-23T00:53:11","slug":"evento-religioso-reune-20-mil-fieis-na-orla-do-gasometro-em-porto-alegre","status":"publish","type":"post","link":"https:\/\/radioultimapalavra.amelhor.net\/site\/evento-religioso-reune-20-mil-fieis-na-orla-do-gasometro-em-porto-alegre\/","title":{"rendered":"Evento religioso re\u00fane 20 mil fi\u00e9is na Orla do Gas\u00f4metro, em Porto Alegre"},"content":{"rendered":"<div itemscope itemtype=\"http:\/\/schema.org\/NewsArticle\">  <span itemprop=\"image\" itemscope itemtype=\"http:\/\/schema.org\/ImageObject\"> <meta itemprop=\"representativeOfPage\" content=\"true\"> <meta itemprop=\"url\" content=\"https:\/\/s2-g1.glbimg.com\/0dCyADvH9FIsUHJ_9taiN8zCcL0=\/1280x0\/filters:format(jpeg)\/https:\/\/s01.video.glbimg.com\/x720\/14548116.jpg\"> <meta itemprop=\"width\" content=\"1280\"> <meta itemprop=\"height\" content=\"720\"> <\/span>   <\/p>\n<div>\n<div>\n<p> <meta itemprop=\"alternateName\" content=\"Encontro levou multid\u00e3o a ponto tur\u00edstico e prop\u00f4s comunh\u00e3o entre fi\u00e9is de diferentes vertentes religiosas. Foram arrecadadas milhares de doa\u00e7\u00f5es, que ser\u00e3o destinadas a entidades assistenciais do RS. \"> <\/p>\n<h2 itemprop=\"alternativeHeadline\">Encontro levou multid\u00e3o a ponto tur\u00edstico e prop\u00f4s comunh\u00e3o entre fi\u00e9is de diferentes vertentes religiosas. Foram arrecadadas milhares de doa\u00e7\u00f5es, que ser\u00e3o destinadas a entidades assistenciais do RS. <\/h2>\n<\/p><\/div>\n<hr>\n<div data-block-type=\"summary\">\n<details>\n<summary>  <\/summary>\n<div>\n<ul>\n<li>\n<div id=\"chunk-c8lkh\">\n<p data-track-category=\"Link no Texto\" data-track-links> Evento religioso reuniu mais de 20 mil pessoas na Orla do Gas\u00f4metro, em Porto Alegre, nesta ter\u00e7a-feira (21). <\/p>\n<\/p><\/div>\n<\/li>\n<li>\n<div id=\"chunk-5npod\">\n<p data-track-category=\"Link no Texto\" data-track-links> O encontro prop\u00f4s momentos de ora\u00e7\u00e3o e comunh\u00e3o entre participantes de diferentes vertentes religiosas. <\/p>\n<\/p><\/div>\n<\/li>\n<li>\n<div id=\"chunk-4ma6m\">\n<p data-track-category=\"Link no Texto\" data-track-links> Segundo o movimento &#8220;A Origem&#8221;, organizador da iniciativa, o objetivo foi criar um ambiente de paz e integra\u00e7\u00e3o em um cen\u00e1rio natural, para refor\u00e7ar a mensagem de unidade entre os crist\u00e3os. <\/p>\n<\/p><\/div>\n<\/li>\n<li>\n<div id=\"chunk-erdr3\">\n<p data-track-category=\"Link no Texto\" data-track-links> O encontro foi gratuito e contou com o trabalho de mais de 300 volunt\u00e1rios. <\/p>\n<\/p><\/div>\n<\/li>\n<\/ul><\/div>\n<\/details><\/div>\n<\/p><\/div>\n<div>  <meta itemprop=\"isAccessibleForFree\" content=\"true\"> <\/p>\n<div data-block-type=\"backstage-video\" itemscope itemtype=\"http:\/\/schema.org\/VideoObject\" itemprop=\"video\" id=\"chunk-e5cpo\"> <meta itemprop=\"name\" content=\"Evento religioso atrai multid\u00e3o \u00e0 Orla do Gas\u00f4metro em Porto Alegre\"> <meta itemprop=\"thumbnailUrl\" content=\"https:\/\/s01.video.glbimg.com\/x240\/14548116.jpg\"> <meta itemprop=\"datePublished\" content=\"2026-04-22T16:14:07.512Z\"> <meta itemprop=\"uploadDate\" content=\"2026-04-22T16:14:07.512Z\"> <meta itemprop=\"contentUrl\" content=\"https:\/\/vodstreaming01.video.globo.com\/44\/77\/5d\/14548116_5d184c95345051d2be71259753a18d2ed5241a3a\/14548116-360p_300k_h264-ef1328d0-2095-013f-ce84-2e50040b9e6f.mp4\"> <\/p>\n<div> <meta itemprop=\"name\" content=\"Evento religioso atrai multid\u00e3o \u00e0 Orla do Gas\u00f4metro em Porto Alegre\"> <meta itemprop=\"thumbnailUrl\" content=\"https:\/\/s01.video.glbimg.com\/x240\/14548116.jpg\"> <meta itemprop=\"datePublished\" content=\"2026-04-22T16:14:07.512Z\"> <meta itemprop=\"uploadDate\" content=\"2026-04-22T16:14:07.512Z\"> <meta itemprop=\"contentUrl\" content=\"https:\/\/vodstreaming01.video.globo.com\/44\/77\/5d\/14548116_5d184c95345051d2be71259753a18d2ed5241a3a\/14548116-360p_300k_h264-ef1328d0-2095-013f-ce84-2e50040b9e6f.mp4\">  <\/p>\n<div data-video-id=\"14548116\">\n<p><img decoding=\"async\" src=\"https:\/\/s01.video.glbimg.com\/x240\/14548116.jpg\" alt=\"Evento religioso atrai multid\u00e3o \u00e0 Orla do Gas\u00f4metro em Porto Alegre\" title=\"Evento religioso atrai multid\u00e3o \u00e0 Orla do Gas\u00f4metro em Porto Alegre\"><\/p>\n<p><bs-player videoid=\"14548116\" subscriber-only=\"false\" id=\"wp3-player-e5cpo\" serviceid=\"151\" auth=\"false\" data-opt-mute adplacement=\"accompanying\" autoplay rounded><\/bs-player> <\/div>\n<\/p><\/div>\n<p itemprop=\"description\"> Evento religioso atrai multid\u00e3o \u00e0 Orla do Gas\u00f4metro em Porto Alegre <\/p>\n<\/p><\/div>\n<div id=\"chunk-45i92\">\n<p data-track-category=\"Link no Texto\" data-track-links> Um <strong>evento religioso reuniu mais de 20 mil pessoas na Orla do Gas\u00f4metro<\/strong>, em Porto Alegre, nesta ter\u00e7a-feira (21). O encontro prop\u00f4s momentos de ora\u00e7\u00e3o e comunh\u00e3o entre <span>participantes de diferentes vertentes religiosas<\/span>. <\/p>\n<\/p><\/div>\n<div>\n<div id=\"chunk-djc16\">\n<p data-track-category=\"Link no Texto\" data-track-links> Segundo o movimento &#8220;A Origem&#8221;, organizador da iniciativa, o objetivo foi <strong>criar um ambiente de paz e integra\u00e7\u00e3o em um cen\u00e1rio natural<\/strong>, para <span>refor\u00e7ar a mensagem de unidade entre os crist\u00e3os<\/span>. <\/p>\n<\/p><\/div>\n<div id=\"chunk-vrfm\">\n<p data-track-category=\"Link no Texto\" data-track-links> O <strong>encontro foi gratuito<\/strong> e contou com o trabalho de <span>mais de 300 volunt\u00e1rios<\/span>. Durante o evento, foram <strong>arrecadadas milhares de doa\u00e7\u00f5es<\/strong> de alimentos, roupas e materiais escolares, que ser\u00e3o <span>distribu\u00eddas para entidades assistenciais do Rio Grande do Sul<\/span>. <\/p>\n<\/p><\/div>\n<div data-block-type=\"backstage-gif\" id=\"chunk-136uu\">  <\/amp-video> <\/p>\n<p> Evento religioso atrai multid\u00e3o \u00e0 Orla do Gas\u00f4metro em Porto Alegre. \u2014 Foto: Reprodu\u00e7\u00e3o\/RBS TV <\/p>\n<\/p><\/div>\n<div data-block-type=\"backstage-photo\" id=\"chunk-4t61m\">\n<p> Encontro prop\u00f4s momentos de comunh\u00e3o entre participantes de diferentes vertentes religiosas. \u2014 Foto: Reprodu\u00e7\u00e3o\/RBS TV <\/p>\n<\/p><\/div>\n<div data-block-type=\"raw\" data-block-weight=\"5\" id=\"chunk-4r243\">\n<p><h2><strong>V\u00cdDEOS: Tudo sobre o RS<\/strong><\/h2>\n<\/p><\/div>\n<\/p><\/div>\n<div id=\"newsletter-g1-modal__overlay\">\n<h3>Ops!<\/h3>\n<\/p><\/div>\n<\/p><\/div>\n<\/p><\/div>\n","protected":false},"excerpt":{"rendered":"<p>Encontro levou multid\u00e3o a ponto tur\u00edstico e prop\u00f4s comunh\u00e3o entre fi\u00e9is de diferentes vertentes religiosas. Foram arrecadadas milhares de doa\u00e7\u00f5es, que ser\u00e3o destinadas a entidades assistenciais do RS. Evento religioso&hellip;<\/p>\n","protected":false},"author":1,"featured_media":41418,"comment_status":"open","ping_status":"open","sticky":false,"template":"","format":"standard","meta":{"footnotes":""},"categories":[6],"tags":[],"class_list":["post-41417","post","type-post","status-publish","format-standard","has-post-thumbnail","hentry","category-regiao"],"_links":{"self":[{"href":"https:\/\/radioultimapalavra.amelhor.net\/site\/wp-json\/wp\/v2\/posts\/41417","targetHints":{"allow":["GET"]}}],"collection":[{"href":"https:\/\/radioultimapalavra.amelhor.net\/site\/wp-json\/wp\/v2\/posts"}],"about":[{"href":"https:\/\/radioultimapalavra.amelhor.net\/site\/wp-json\/wp\/v2\/types\/post"}],"author":[{"embeddable":true,"href":"https:\/\/radioultimapalavra.amelhor.net\/site\/wp-json\/wp\/v2\/users\/1"}],"replies":[{"embeddable":true,"href":"https:\/\/radioultimapalavra.amelhor.net\/site\/wp-json\/wp\/v2\/comments?post=41417"}],"version-history":[{"count":0,"href":"https:\/\/radioultimapalavra.amelhor.net\/site\/wp-json\/wp\/v2\/posts\/41417\/revisions"}],"wp:featuredmedia":[{"embeddable":true,"href":"https:\/\/radioultimapalavra.amelhor.net\/site\/wp-json\/wp\/v2\/media\/41418"}],"wp:attachment":[{"href":"https:\/\/radioultimapalavra.amelhor.net\/site\/wp-json\/wp\/v2\/media?parent=41417"}],"wp:term":[{"taxonomy":"category","embeddable":true,"href":"https:\/\/radioultimapalavra.amelhor.net\/site\/wp-json\/wp\/v2\/categories?post=41417"},{"taxonomy":"post_tag","embeddable":true,"href":"https:\/\/radioultimapalavra.amelhor.net\/site\/wp-json\/wp\/v2\/tags?post=41417"}],"curies":[{"name":"wp","href":"https:\/\/api.w.org\/{rel}","templated":true}]}}