{"id":41419,"date":"2026-04-22T21:53:10","date_gmt":"2026-04-23T00:53:10","guid":{"rendered":"https:\/\/radioultimapalavra.amelhor.net\/site\/bombeiro-militar-e-preso-por-suspeita-de-importunacao-sexual-dentro-de-onibus-no-rs\/"},"modified":"2026-04-22T21:53:10","modified_gmt":"2026-04-23T00:53:10","slug":"bombeiro-militar-e-preso-por-suspeita-de-importunacao-sexual-dentro-de-onibus-no-rs","status":"publish","type":"post","link":"https:\/\/radioultimapalavra.amelhor.net\/site\/bombeiro-militar-e-preso-por-suspeita-de-importunacao-sexual-dentro-de-onibus-no-rs\/","title":{"rendered":"Bombeiro Militar \u00e9 preso por suspeita de importuna\u00e7\u00e3o sexual dentro de \u00f4nibus no RS"},"content":{"rendered":"<div id=\"chunk-6s81l\">\n<p data-track-category=\"Link no Texto\" data-track-links> Um <strong>bombeiro militar foi preso em flagrante por suspeita de importuna\u00e7\u00e3o sexual<\/strong> contra uma mulher de 34 anos <span>dentro de um \u00f4nibus intermunicipal<\/span>, na madrugada desta quarta-feira (22). O ve\u00edculo, da empresa Ouro e Prata, <strong>saiu da rodovi\u00e1ria de <\/strong>Porto Alegre<strong> em dire\u00e7\u00e3o a Dom Pedrito<\/strong>, na Fronteira Oeste. <\/p>\n<\/p><\/div>\n<div>\n<div id=\"chunk-beedb\">\n<p data-track-category=\"Link no Texto\" data-track-links> A <strong>passageira relatou que estava dormindo<\/strong> durante a viagem, mas <span>acordou e percebeu que o homem sentado ao lado estava tocando o seio dela<\/span>. <strong>O suspeito, que n\u00e3o teve o nome divulgado, estava com a farda do Corpo de Bombeiros Militar do RS<\/strong>. <\/p>\n<\/p><\/div>\n<div id=\"chunk-d2svt\">\n<p data-track-category=\"Link no Texto\" data-track-links> Segundo a ocorr\u00eancia, o caso ocorreu por volta de 1h30, na altura de P\u00e2ntano Grande, no Vale do Rio Pardo. Ap\u00f3s perceber a situa\u00e7\u00e3o, <strong>a mulher procurou o motorista e denunciou o fato<\/strong>, o que gerou tumulto dentro do ve\u00edculo. A Brigada Militar foi acionada e, ao abordar o suspeito, recolheu a arma dele e <span>o encaminhou \u00e0 Delegacia de Pol\u00edcia de Cachoeira do Sul<\/span>. <\/p>\n<\/p><\/div>\n<div id=\"chunk-1gen0\">\n<p data-track-category=\"Link no Texto\" data-track-links> A <strong>Pol\u00edcia Civil confirmou a pris\u00e3o em flagrante por importuna\u00e7\u00e3o sexual<\/strong>. O suspeito, de 41 anos, <span>bombeiro militar em Bag\u00e9<\/span>, permaneceu em sil\u00eancio na delegacia. Ele foi<strong> encaminhado ao Pres\u00eddio Policial Militar, em Porto Alegre<\/strong>. <\/p>\n<\/p><\/div>\n<div id=\"chunk-6sth5\">\n<p data-track-category=\"Link no Texto\" data-track-links> Em nota, o <strong>Corpo de Bombeiros Militar informou que a Corregedoria-Geral vai apurar os fatos<\/strong> e que a <span>abertura de um procedimento administrativo ser\u00e1 analisada ap\u00f3s o recebimento da documenta\u00e7\u00e3o<\/span>. A <strong>empresa Ouro e Prata afirmou que o motorista seguiu o protocolo previsto<\/strong> e acionou a autoridade competente. <\/p>\n<\/p><\/div>\n<div id=\"chunk-bacgc\">\n<p data-track-category=\"Link no Texto\" data-track-links> A <span>v\u00edtima foi acompanhada pela Brigada Militar<\/span> at\u00e9 embarcar em outro \u00f4nibus, \u00e0s margens da BR-290, para seguir viagem. <\/p>\n<\/p><\/div>\n<div data-block-type=\"backstage-photo\" id=\"chunk-57jrp\">\n<p> Bombeiro militar \u00e9 preso por suspeita de importuna\u00e7\u00e3o sexual dentro de \u00f4nibus no RS. \u2014 Foto: Divulga\u00e7\u00e3o\/BM <\/p>\n<\/p><\/div>\n<div data-block-type=\"raw\" data-block-weight=\"5\" id=\"chunk-4r243\">\n<p><h2><strong>V\u00cdDEOS: Tudo sobre o RS<\/strong><\/h2>\n<\/p><\/div>\n<\/p><\/div>\n","protected":false},"excerpt":{"rendered":"<p>Um bombeiro militar foi preso em flagrante por suspeita de importuna\u00e7\u00e3o sexual contra uma mulher de 34 anos dentro de um \u00f4nibus intermunicipal, na madrugada desta quarta-feira (22). O ve\u00edculo,&hellip;<\/p>\n","protected":false},"author":1,"featured_media":41420,"comment_status":"open","ping_status":"open","sticky":false,"template":"","format":"standard","meta":{"footnotes":""},"categories":[6],"tags":[],"class_list":["post-41419","post","type-post","status-publish","format-standard","has-post-thumbnail","hentry","category-regiao"],"_links":{"self":[{"href":"https:\/\/radioultimapalavra.amelhor.net\/site\/wp-json\/wp\/v2\/posts\/41419","targetHints":{"allow":["GET"]}}],"collection":[{"href":"https:\/\/radioultimapalavra.amelhor.net\/site\/wp-json\/wp\/v2\/posts"}],"about":[{"href":"https:\/\/radioultimapalavra.amelhor.net\/site\/wp-json\/wp\/v2\/types\/post"}],"author":[{"embeddable":true,"href":"https:\/\/radioultimapalavra.amelhor.net\/site\/wp-json\/wp\/v2\/users\/1"}],"replies":[{"embeddable":true,"href":"https:\/\/radioultimapalavra.amelhor.net\/site\/wp-json\/wp\/v2\/comments?post=41419"}],"version-history":[{"count":0,"href":"https:\/\/radioultimapalavra.amelhor.net\/site\/wp-json\/wp\/v2\/posts\/41419\/revisions"}],"wp:featuredmedia":[{"embeddable":true,"href":"https:\/\/radioultimapalavra.amelhor.net\/site\/wp-json\/wp\/v2\/media\/41420"}],"wp:attachment":[{"href":"https:\/\/radioultimapalavra.amelhor.net\/site\/wp-json\/wp\/v2\/media?parent=41419"}],"wp:term":[{"taxonomy":"category","embeddable":true,"href":"https:\/\/radioultimapalavra.amelhor.net\/site\/wp-json\/wp\/v2\/categories?post=41419"},{"taxonomy":"post_tag","embeddable":true,"href":"https:\/\/radioultimapalavra.amelhor.net\/site\/wp-json\/wp\/v2\/tags?post=41419"}],"curies":[{"name":"wp","href":"https:\/\/api.w.org\/{rel}","templated":true}]}}