{"id":41421,"date":"2026-04-22T21:53:09","date_gmt":"2026-04-23T00:53:09","guid":{"rendered":"https:\/\/radioultimapalavra.amelhor.net\/site\/entenda-o-que-sao-os-flashes-vermelhos-que-iluminaram-o-ceu-do-litoral-do-rs-e-veja-fotos-do-fenomeno\/"},"modified":"2026-04-22T21:53:09","modified_gmt":"2026-04-23T00:53:09","slug":"entenda-o-que-sao-os-flashes-vermelhos-que-iluminaram-o-ceu-do-litoral-do-rs-e-veja-fotos-do-fenomeno","status":"publish","type":"post","link":"https:\/\/radioultimapalavra.amelhor.net\/site\/entenda-o-que-sao-os-flashes-vermelhos-que-iluminaram-o-ceu-do-litoral-do-rs-e-veja-fotos-do-fenomeno\/","title":{"rendered":"Entenda o que s\u00e3o os flashes vermelhos que iluminaram o c\u00e9u do litoral do RS (e veja fotos do fen\u00f4meno)"},"content":{"rendered":"<div itemscope itemtype=\"http:\/\/schema.org\/NewsArticle\">  <span itemprop=\"image\" itemscope itemtype=\"http:\/\/schema.org\/ImageObject\"> <meta itemprop=\"representativeOfPage\" content=\"true\"> <meta itemprop=\"url\" content=\"https:\/\/s2-g1.glbimg.com\/Zt2SkAGEnx_wePw9jDxWKDF_eBY=\/1920x0\/filters:format(jpeg)\/https:\/\/i.s3.glbimg.com\/v1\/AUTH_59edd422c0c84a879bd37670ae4f538a\/internal_photos\/bs\/2026\/P\/U\/E28bzQRImaQA6DDIRIdQ\/g1-1-.jpg\"> <meta itemprop=\"width\" content=\"1920\"> <meta itemprop=\"height\" content=\"1080\"> <\/span>   <\/p>\n<div>\n<div>\n<p data-block-type=\"title\"> <meta itemprop=\"name\" content=\"Entenda o que s\u00e3o os flashes vermelhos que iluminaram o c\u00e9u do litoral do RS (e veja fotos do fen\u00f4meno)\"> <\/p>\n<h2 itemprop=\"headline\">Entenda o que s\u00e3o os flashes vermelhos que iluminaram o c\u00e9u do litoral do RS (e veja fotos do fen\u00f4meno)<\/h2>\n<\/p>\n<p> <meta itemprop=\"alternateName\" content=\"Fen\u00f4meno raro \u00e9 dif\u00edcil de ser capturado pois \u00e9 muito r\u00e1pido, com dura\u00e7\u00e3o de 3 a 10 milissegundos.\"> <\/p>\n<h2 itemprop=\"alternativeHeadline\">Fen\u00f4meno raro \u00e9 dif\u00edcil de ser capturado pois \u00e9 muito r\u00e1pido, com dura\u00e7\u00e3o de 3 a 10 milissegundos.<\/h2>\n<\/p><\/div>\n<hr>\n<div data-block-type=\"summary\">\n<details>\n<summary>  <\/summary>\n<div>\n<ul>\n<li>\n<div id=\"chunk-fve32\">\n<p data-track-category=\"Link no Texto\" data-track-links> Luzes vermelhas iluminaram o c\u00e9u de Torres, no Litoral Norte do Rio Grande do Sul. <\/p>\n<\/p><\/div>\n<\/li>\n<li>\n<div id=\"chunk-dvc89\">\n<p data-track-category=\"Link no Texto\" data-track-links> O fen\u00f4meno raro \u00e9 dif\u00edcil de ser capturado, pois \u00e9 muito r\u00e1pido, com dura\u00e7\u00e3o de 3 a 10 milissegundos. <\/p>\n<\/p><\/div>\n<\/li>\n<li>\n<div id=\"chunk-5iimh\">\n<p data-track-category=\"Link no Texto\" data-track-links> Por\u00e9m, no \u00faltimo s\u00e1bado (18), o fot\u00f3grafo Gabriel Zaparolli conseguiu fazer fotos do &#8220;red sprite&#8221; a quase um quil\u00f4metro de dist\u00e2ncia da tempestade, que aconteceu em alto-mar. <\/p>\n<\/p><\/div>\n<\/li>\n<li>\n<div id=\"chunk-79efm\">\n<p data-track-category=\"Link no Texto\" data-track-links> A Climatempo Meteorologia explica que os &#8220;red sprites&#8221; s\u00e3o enormes descargas el\u00e9tricas de cor vermelha acima do topo das nuvens. <\/p>\n<\/p><\/div>\n<\/li>\n<\/ul><\/div>\n<\/details><\/div>\n<\/p><\/div>\n<div>  <meta itemprop=\"isAccessibleForFree\" content=\"true\"> <\/p>\n<div data-block-type=\"backstage-photo\" id=\"chunk-3jahi\">\n<p> &#8216;Red sprite&#8217;: Entenda o que \u00e9 o flash vermelho que iluminou o c\u00e9u do litoral do RS \u2014 Foto: Gabriel Zaparolli\/Divulga\u00e7\u00e3o <\/p>\n<\/p><\/div>\n<div id=\"chunk-argj9\">\n<p data-track-category=\"Link no Texto\" data-track-links> Luzes vermelhas iluminaram o c\u00e9u de Torres, no Litoral Norte do Rio Grande do Sul. O fen\u00f4meno raro \u00e9 dif\u00edcil de ser capturado, pois \u00e9 muito r\u00e1pido, com dura\u00e7\u00e3o de 3 a 10 milissegundos. Por\u00e9m, no \u00faltimo s\u00e1bado (18), o <span>astrofot\u00f3grafo Gabriel Zaparolli conseguiu fazer fotos do &#8220;red sprite&#8221; a quase mil km de dist\u00e2ncia da tempestade, que aconteceu em alto-mar<\/span>. <\/p>\n<\/p><\/div>\n<div>\n<div id=\"chunk-8633l\">\n<p data-track-category=\"Link no Texto\" data-track-links> Zaparolli, que \u00e9 integrante da Rede Brasileira de Monitoramento de Meteoros (Bramon) e observa esse tipo de fen\u00f4meno h\u00e1 mais de 9 anos, classifica a experi\u00eancia como &#8220;um espet\u00e1culo raro e altamente din\u00e2mico&#8221;. O fot\u00f3grafo conta que avistou mais de 25 sprites. <\/p>\n<\/p><\/div>\n<div data-block-type=\"raw\" data-block-weight=\"56\" id=\"chunk-dbio8\">\n<blockquote><p>&#8220;A linha de tempestades estava a aproximadamente 870 km do meu ponto de observa\u00e7\u00e3o, em Torres. De acordo com artigos cient\u00edficos sobre Eventos Luminosos Transientes, esse tipo de cen\u00e1rio pode permitir a detec\u00e7\u00e3o de sprites a dist\u00e2ncias pr\u00f3ximas de 1000 km, algo que, na pr\u00e1tica, exige alinhamento quase perfeito entre atmosfera, visibilidade e atividade el\u00e9trica&#8221;, destaca.<\/p><\/blockquote><\/div>\n<div data-block-type=\"backstage-video\" itemscope itemtype=\"http:\/\/schema.org\/VideoObject\" itemprop=\"video\" id=\"chunk-405jg\"> <meta itemprop=\"name\" content=\"Veja os v\u00eddeos que est\u00e3o em alta no g1\"> <meta itemprop=\"thumbnailUrl\" content=\"https:\/\/s04.video.glbimg.com\/x240\/992055.jpg\"> <meta itemprop=\"datePublished\" content=\"2026-04-22T13:08:21.755Z\"> <meta itemprop=\"uploadDate\" content=\"2026-04-22T13:08:21.755Z\"> <\/p>\n<div> <meta itemprop=\"name\" content=\"Veja os v\u00eddeos que est\u00e3o em alta no g1\"> <meta itemprop=\"thumbnailUrl\" content=\"https:\/\/s04.video.glbimg.com\/x240\/992055.jpg\"> <meta itemprop=\"datePublished\" content=\"2026-04-22T13:08:21.755Z\"> <meta itemprop=\"uploadDate\" content=\"2026-04-22T13:08:21.755Z\">  <\/p>\n<div data-video-id=\"992055\">\n<p><img decoding=\"async\" src=\"https:\/\/s04.video.glbimg.com\/x240\/992055.jpg\" alt=\"Veja os v\u00eddeos que est\u00e3o em alta no g1\" title=\"Veja os v\u00eddeos que est\u00e3o em alta no g1\"><\/p>\n<p><bs-player videoid=\"992055\" subscriber-only=\"false\" id=\"wp3-player-405jg\" serviceid=\"151\" auth=\"false\" data-opt-mute adplacement=\"accompanying\" autoplay rounded><\/bs-player> <\/div>\n<\/p><\/div>\n<p itemprop=\"description\"> Veja os v\u00eddeos que est\u00e3o em alta no g1 <\/p>\n<\/p><\/div>\n<div id=\"chunk-fve4s\">\n<p data-track-category=\"Link no Texto\" data-track-links> A Climatempo Meteorologia explica que os <span>&#8220;red sprites&#8221; s\u00e3o enormes descargas el\u00e9tricas de cor vermelha acima do topo das nuvens<\/span>. Esses flashes vermelhos acontecem na mesosfera, a uma dist\u00e2ncia de at\u00e9 80 km do solo. Al\u00e9m disso, podem ter um di\u00e2metro de at\u00e9 50 km. <\/p>\n<\/p><\/div>\n<div id=\"chunk-3k0dn\">\n<p data-track-category=\"Link no Texto\" data-track-links> &#8220;Utilizei uma c\u00e2mera e uma lente ultra sens\u00edvel luz para poder capturar com sucesso esses eventos que tem dura\u00e7\u00e3o de milissegundos. Basicamente um piscar de olhos e voc\u00ea pode perder de vista&#8221;, afirma o fot\u00f3grafo. <\/p>\n<\/p><\/div>\n<div id=\"chunk-92gcf\">\n<p data-track-category=\"Link no Texto\" data-track-links> Os sprites geralmente s\u00e3o observados \u00e0 noite, devido \u00e0 baixa luminosidade. Eles s\u00e3o um dos raros Eventos Luminosos Transit\u00f3rios (TLEs), que causam efeitos \u00f3pticos na m\u00e9dia e alta atmosfera de campos eletromagn\u00e9ticos de nuvens de tempestade. <\/p>\n<\/p><\/div>\n<div data-key=\"e7n27\" id=\"chunk-e7n27\">\n<h4>&#8216;Red sprite&#8217;: Entenda o que \u00e9 o flash vermelho que iluminou o c\u00e9u do litoral do RS<\/h4>\n<div>\n<p>1\/3<\/p>\n<p>&#8216;Red sprite&#8217;: Entenda o que \u00e9 o flash vermelho que iluminou o c\u00e9u do litoral do RS \u2014 Foto: Gabriel Zaparolli\/Divulga\u00e7\u00e3o<\/p>\n<\/p><\/div>\n<\/p><\/div>\n<div data-block-type=\"raw\" data-block-weight=\"5\" id=\"chunk-cpfpm\">\n<p><h2>V\u00cdDEOS: Tudo sobre o RS<\/h2>\n<\/p><\/div>\n<\/p><\/div>\n<div id=\"newsletter-g1-modal__overlay\">\n<h3>Ops!<\/h3>\n<\/p><\/div>\n<\/p><\/div>\n<\/p><\/div>\n","protected":false},"excerpt":{"rendered":"<p>Entenda o que s\u00e3o os flashes vermelhos que iluminaram o c\u00e9u do litoral do RS (e veja fotos do fen\u00f4meno) Fen\u00f4meno raro \u00e9 dif\u00edcil de ser capturado pois \u00e9 muito&hellip;<\/p>\n","protected":false},"author":1,"featured_media":41422,"comment_status":"open","ping_status":"open","sticky":false,"template":"","format":"standard","meta":{"footnotes":""},"categories":[6],"tags":[],"class_list":["post-41421","post","type-post","status-publish","format-standard","has-post-thumbnail","hentry","category-regiao"],"_links":{"self":[{"href":"https:\/\/radioultimapalavra.amelhor.net\/site\/wp-json\/wp\/v2\/posts\/41421","targetHints":{"allow":["GET"]}}],"collection":[{"href":"https:\/\/radioultimapalavra.amelhor.net\/site\/wp-json\/wp\/v2\/posts"}],"about":[{"href":"https:\/\/radioultimapalavra.amelhor.net\/site\/wp-json\/wp\/v2\/types\/post"}],"author":[{"embeddable":true,"href":"https:\/\/radioultimapalavra.amelhor.net\/site\/wp-json\/wp\/v2\/users\/1"}],"replies":[{"embeddable":true,"href":"https:\/\/radioultimapalavra.amelhor.net\/site\/wp-json\/wp\/v2\/comments?post=41421"}],"version-history":[{"count":0,"href":"https:\/\/radioultimapalavra.amelhor.net\/site\/wp-json\/wp\/v2\/posts\/41421\/revisions"}],"wp:featuredmedia":[{"embeddable":true,"href":"https:\/\/radioultimapalavra.amelhor.net\/site\/wp-json\/wp\/v2\/media\/41422"}],"wp:attachment":[{"href":"https:\/\/radioultimapalavra.amelhor.net\/site\/wp-json\/wp\/v2\/media?parent=41421"}],"wp:term":[{"taxonomy":"category","embeddable":true,"href":"https:\/\/radioultimapalavra.amelhor.net\/site\/wp-json\/wp\/v2\/categories?post=41421"},{"taxonomy":"post_tag","embeddable":true,"href":"https:\/\/radioultimapalavra.amelhor.net\/site\/wp-json\/wp\/v2\/tags?post=41421"}],"curies":[{"name":"wp","href":"https:\/\/api.w.org\/{rel}","templated":true}]}}