{"id":41423,"date":"2026-04-23T04:11:38","date_gmt":"2026-04-23T07:11:38","guid":{"rendered":"https:\/\/radioultimapalavra.amelhor.net\/site\/el-nino-tem-90-de-probabilidade-de-acontecer-e-pode-causar-impactos-no-rs-ainda-em-2026-diz-climatologista-entenda\/"},"modified":"2026-04-23T04:11:38","modified_gmt":"2026-04-23T07:11:38","slug":"el-nino-tem-90-de-probabilidade-de-acontecer-e-pode-causar-impactos-no-rs-ainda-em-2026-diz-climatologista-entenda","status":"publish","type":"post","link":"https:\/\/radioultimapalavra.amelhor.net\/site\/el-nino-tem-90-de-probabilidade-de-acontecer-e-pode-causar-impactos-no-rs-ainda-em-2026-diz-climatologista-entenda\/","title":{"rendered":"El Ni\u00f1o tem &#8216;90% de probabilidade&#8217; de acontecer e pode causar impactos no RS ainda em 2026, diz climatologista; entenda"},"content":{"rendered":"<div>\n<div id=\"chunk-4cbv6\">\n<p data-track-category=\"Link no Texto\" data-track-links> <em>\ud83c\udf0a ENTENDA: O El Ni\u00f1o \u00e9 caracterizado pelo aquecimento maior ou igual a 0,5\u00b0C das \u00e1guas do Oceano Pac\u00edfico. O fen\u00f4meno acontece com frequ\u00eancia a cada dois a sete anos.<\/em> <\/p>\n<\/p><\/div>\n<div id=\"chunk-13cc4\">\n<p data-track-category=\"Link no Texto\" data-track-links> Em entrevista \u00e0 RBS TV, <strong>Anderson Ruhoff, climatologista e professor do Instituto de Geoci\u00eancias da Universidade Federal do Rio Grande do Sul (UFRGS)<\/strong>, confirmou que as chances aumentam entre setembro deste ano e janeiro de 2027. &#8220;Em torno de 90% de probabilidade de ocorr\u00eancia, especialmente no segundo semestre.&#8221; Por\u00e9m, ele destaca que ainda \u00e9 cedo para prever os impactos no Rio Grande do Sul. <\/p>\n<\/p><\/div>\n<div data-block-type=\"raw\" data-block-weight=\"39\" id=\"chunk-fl9nk\">\n<blockquote><p>&#8220;O que a gente pode dizer hoje \u00e9 que ele tem uma probabilidade muito grande de ocorrer, de uma forma moderada, forte ou muito forte. E isso indica, basicamente, que eventos podem ocorrer aqui no Rio Grande do Sul.&#8221;<\/p><\/blockquote><\/div>\n<div id=\"chunk-djptu\">\n<p data-track-category=\"Link no Texto\" data-track-links> O especialista destaca que as grandes enchentes de 2023 e 2024 no estado aconteceram devido a uma combina\u00e7\u00e3o de diversos eventos, como o <strong>bloqueio atmosf\u00e9rico causado pelas altas temperaturas<\/strong> no centro do Brasil e que fizeram com que a chuva se concentrasse no Sul do pa\u00eds. <\/p>\n<\/p><\/div>\n<div id=\"chunk-706ho\">\n<p data-track-category=\"Link no Texto\" data-track-links> Assim, o <span>comportamento das temperaturas na regi\u00e3o central do Brasil s\u00e3o &#8220;eventos importantes que a gente precisaria observar&#8221;<\/span>, de acordo com Ruhoff. <\/p>\n<\/p><\/div>\n<div data-block-type=\"raw\" data-block-weight=\"33\" id=\"chunk-vi4h\">\n<blockquote><p>&#8220;Naquele per\u00edodo, n\u00f3s t\u00ednhamos temperaturas muito elevadas na regi\u00e3o central do Brasil, que geraram esses bloqueios atmosf\u00e9ricos e, ao mesmo tempo, os oceanos, especialmente o Atl\u00e2ntico Equatorial e Tropical, estavam muito quentes tamb\u00e9m.&#8221;<\/p><\/blockquote><\/div>\n<div id=\"chunk-2sv2m\">\n<p data-track-category=\"Link no Texto\" data-track-links> Conforme a Climatempo Meteorologia, historicamente, o aumento da chuva na Regi\u00e3o Sul \u00e9 mais preocupante na primavera, que j\u00e1 \u00e9 uma esta\u00e7\u00e3o que costuma registrar eventos de chuva mais intensos. <\/p>\n<\/p><\/div>\n<div data-block-type=\"backstage-video\" itemscope itemtype=\"http:\/\/schema.org\/VideoObject\" itemprop=\"video\" id=\"chunk-fg796\"> <meta itemprop=\"name\" content=\"Risco de super El Ni\u00f1o existe, mas especialistas pedem cautela\"> <meta itemprop=\"thumbnailUrl\" content=\"https:\/\/s01.video.glbimg.com\/x240\/14543468.jpg\"> <meta itemprop=\"datePublished\" content=\"2026-04-22T11:16:17.724Z\"> <meta itemprop=\"uploadDate\" content=\"2026-04-22T11:16:17.724Z\"> <meta itemprop=\"contentUrl\" content=\"https:\/\/vodstreaming01.video.globo.com\/44\/dc\/bf\/14543468_bf9509213afa9c538d43b936f198b0ef48cd63e9\/14543468-360p_487k_h264-67461e50-1f4a-013f-0008-000000000000.mp4\"> <\/p>\n<div> <meta itemprop=\"name\" content=\"Risco de super El Ni\u00f1o existe, mas especialistas pedem cautela\"> <meta itemprop=\"thumbnailUrl\" content=\"https:\/\/s01.video.glbimg.com\/x240\/14543468.jpg\"> <meta itemprop=\"datePublished\" content=\"2026-04-22T11:16:17.724Z\"> <meta itemprop=\"uploadDate\" content=\"2026-04-22T11:16:17.724Z\"> <meta itemprop=\"contentUrl\" content=\"https:\/\/vodstreaming01.video.globo.com\/44\/dc\/bf\/14543468_bf9509213afa9c538d43b936f198b0ef48cd63e9\/14543468-360p_487k_h264-67461e50-1f4a-013f-0008-000000000000.mp4\">  <\/p>\n<div data-video-id=\"14543468\">\n<p><img decoding=\"async\" src=\"https:\/\/s01.video.glbimg.com\/x240\/14543468.jpg\" alt=\"Risco de super El Ni\u00f1o existe, mas especialistas pedem cautela\" title=\"Risco de super El Ni\u00f1o existe, mas especialistas pedem cautela\"><\/p>\n<p><bs-player videoid=\"14543468\" subscriber-only=\"false\" id=\"wp3-player-fg796\" serviceid=\"151\" auth=\"false\" data-opt-mute adplacement=\"accompanying\" autoplay rounded><\/bs-player> <\/div>\n<\/p><\/div>\n<p itemprop=\"description\"> Risco de super El Ni\u00f1o existe, mas especialistas pedem cautela <\/p>\n<\/p><\/div>\n<div data-block-type=\"backstage-photo\" id=\"chunk-4ep3o\">\n<p> El Ni\u00f1o e La Ni\u00f1a \u2014 Foto: Arte g1\/Luisa Rivas <\/p>\n<\/p><\/div>\n<div data-block-type=\"backstage-photo\" id=\"chunk-2ppud\">\n<p> Enchente hist\u00f3rica atingiu o Mercado P\u00fablico de Porto Alegre em maio de 2024. \u2014 Foto: Adriano Machado\/Reuters <\/p>\n<\/p><\/div>\n<div data-block-type=\"raw\" data-block-weight=\"5\" id=\"chunk-1b6co\">\n<p><h2>V\u00cdDEOS: Tudo sobre o RS<\/h2>\n<\/p><\/div>\n<\/p><\/div>\n","protected":false},"excerpt":{"rendered":"<p>\ud83c\udf0a ENTENDA: O El Ni\u00f1o \u00e9 caracterizado pelo aquecimento maior ou igual a 0,5\u00b0C das \u00e1guas do Oceano Pac\u00edfico. O fen\u00f4meno acontece com frequ\u00eancia a cada dois a sete anos.&hellip;<\/p>\n","protected":false},"author":1,"featured_media":41424,"comment_status":"open","ping_status":"open","sticky":false,"template":"","format":"standard","meta":{"footnotes":""},"categories":[6],"tags":[],"class_list":["post-41423","post","type-post","status-publish","format-standard","has-post-thumbnail","hentry","category-regiao"],"_links":{"self":[{"href":"https:\/\/radioultimapalavra.amelhor.net\/site\/wp-json\/wp\/v2\/posts\/41423","targetHints":{"allow":["GET"]}}],"collection":[{"href":"https:\/\/radioultimapalavra.amelhor.net\/site\/wp-json\/wp\/v2\/posts"}],"about":[{"href":"https:\/\/radioultimapalavra.amelhor.net\/site\/wp-json\/wp\/v2\/types\/post"}],"author":[{"embeddable":true,"href":"https:\/\/radioultimapalavra.amelhor.net\/site\/wp-json\/wp\/v2\/users\/1"}],"replies":[{"embeddable":true,"href":"https:\/\/radioultimapalavra.amelhor.net\/site\/wp-json\/wp\/v2\/comments?post=41423"}],"version-history":[{"count":0,"href":"https:\/\/radioultimapalavra.amelhor.net\/site\/wp-json\/wp\/v2\/posts\/41423\/revisions"}],"wp:featuredmedia":[{"embeddable":true,"href":"https:\/\/radioultimapalavra.amelhor.net\/site\/wp-json\/wp\/v2\/media\/41424"}],"wp:attachment":[{"href":"https:\/\/radioultimapalavra.amelhor.net\/site\/wp-json\/wp\/v2\/media?parent=41423"}],"wp:term":[{"taxonomy":"category","embeddable":true,"href":"https:\/\/radioultimapalavra.amelhor.net\/site\/wp-json\/wp\/v2\/categories?post=41423"},{"taxonomy":"post_tag","embeddable":true,"href":"https:\/\/radioultimapalavra.amelhor.net\/site\/wp-json\/wp\/v2\/tags?post=41423"}],"curies":[{"name":"wp","href":"https:\/\/api.w.org\/{rel}","templated":true}]}}