{"id":41425,"date":"2026-04-23T04:11:37","date_gmt":"2026-04-23T07:11:37","guid":{"rendered":"https:\/\/radioultimapalavra.amelhor.net\/site\/conheca-mirante-a-mais-de-12-mil-metros-de-altura-em-sao-jose-dos-ausentes-que-tem-vista-para-sc-e-ate-para-o-mar\/"},"modified":"2026-04-23T04:11:37","modified_gmt":"2026-04-23T07:11:37","slug":"conheca-mirante-a-mais-de-12-mil-metros-de-altura-em-sao-jose-dos-ausentes-que-tem-vista-para-sc-e-ate-para-o-mar","status":"publish","type":"post","link":"https:\/\/radioultimapalavra.amelhor.net\/site\/conheca-mirante-a-mais-de-12-mil-metros-de-altura-em-sao-jose-dos-ausentes-que-tem-vista-para-sc-e-ate-para-o-mar\/","title":{"rendered":"Conhe\u00e7a mirante a mais de 1,2 mil metros de altura em S\u00e3o Jos\u00e9 dos Ausentes que tem vista para SC (e at\u00e9 para o mar)"},"content":{"rendered":"<div>\n<div id=\"chunk-2p9mg\">\n<p data-track-category=\"Link no Texto\" data-track-links> \ud83c\udf04 Situado \u00e0s margens da BR-285, pr\u00f3ximo \u00e0 Serra da Rocinha, o local de <strong>acesso gratuito <\/strong>tem atra\u00eddo visitantes para<span> contemplar o nascer e o p\u00f4r do sol<\/span>. <\/p>\n<\/p><\/div>\n<div id=\"chunk-3fd8p\">\n<p data-track-category=\"Link no Texto\" data-track-links> Na manh\u00e3 desta quarta-feira (22), a temperatura no local era de <strong>11\u00b0C<\/strong>, com vento forte. O turista Daniel, de Maracaj\u00e1 (SC), foi um dos que <strong>acordaram cedo para apreciar a paisagem<\/strong>. <\/p>\n<\/p><\/div>\n<div data-block-type=\"raw\" data-block-weight=\"23\" id=\"chunk-4q66i\">\n<blockquote><p>&#8220;A gente passa um pouquinho de perrengue, acorda um pouquinho cedo, mas vale a pena&#8221;, afirmou, enquanto observava os primeiros raios de sol.<\/p><\/blockquote><\/div>\n<div id=\"chunk-dgrd1\">\n<p data-track-category=\"Link no Texto\" data-track-links> O munic\u00edpio de S\u00e3o Jos\u00e9 dos Ausentes possui <span>mais de 100 quil\u00f4metros de extens\u00e3o de bordas de c\u00e2nions, o que o torna um destino para o turismo de contempla\u00e7\u00e3o<\/span>. Do mirante, \u00e9 poss\u00edvel avistar <strong>forma\u00e7\u00f5es rochosas da Serra Geral e, em dias de c\u00e9u limpo, a vista se estende at\u00e9 o Oceano Atl\u00e2ntico<\/strong>, permitindo ver ao longe as cidades de Laguna (SC) e Torres (RS). <\/p>\n<\/p><\/div>\n<div id=\"chunk-5r8a5\">\n<p data-track-category=\"Link no Texto\" data-track-links> O ponto \u00e9 procurado tanto no amanhecer quanto no final da tarde, quando a luz do sol colore os campos e os c\u00e2nions. <\/p>\n<\/p><\/div>\n<div data-block-type=\"raw\" data-block-weight=\"3\" id=\"chunk-co8ml\">\n<p><h2>Acesso e infraestrutura<\/h2>\n<\/p><\/div>\n<div id=\"chunk-6i9df\">\n<p data-track-category=\"Link no Texto\" data-track-links> O acesso ao mirante \u00e9 gratuito pela <strong>BR-285<\/strong>. Para quem vem do centro de S\u00e3o Jos\u00e9 dos Ausentes, \u00e9 necess\u00e1rio pegar um desvio sinalizado pela <strong>ERS-020<\/strong>, pois parte do trajeto \u00e9 feito por estradas de ch\u00e3o. <\/p>\n<\/p><\/div>\n<div id=\"chunk-6fg82\">\n<p data-track-category=\"Link no Texto\" data-track-links> O Departamento Nacional de Infraestrutura de Transportes (DNIT) realiza obras para pavimentar cerca de 8 quil\u00f4metros da BR-285, com previs\u00e3o de conclus\u00e3o at\u00e9 o final de 2027. A ERS-020 tamb\u00e9m passa por obras sob responsabilidade do Departamento Aut\u00f4nomo de Estradas de Rodagem (Daer), mas ainda sem data de entrega definida. <\/p>\n<\/p><\/div>\n<div data-block-type=\"backstage-photo\" id=\"chunk-eb1rm\">\n<p> Conhe\u00e7a mirante no RS com vista para SC e para o mar \u2014 Foto: Ana J\u00falia Griguol\/RBS TV <\/p>\n<\/p><\/div>\n<div data-block-type=\"raw\" data-block-weight=\"5\" id=\"chunk-fac53\">\n<p><h2>V\u00cdDEOS: Tudo sobre o RS<\/h2>\n<\/p><\/div>\n<\/p><\/div>\n","protected":false},"excerpt":{"rendered":"<p>\ud83c\udf04 Situado \u00e0s margens da BR-285, pr\u00f3ximo \u00e0 Serra da Rocinha, o local de acesso gratuito tem atra\u00eddo visitantes para contemplar o nascer e o p\u00f4r do sol. Na manh\u00e3&hellip;<\/p>\n","protected":false},"author":1,"featured_media":41426,"comment_status":"open","ping_status":"open","sticky":false,"template":"","format":"standard","meta":{"footnotes":""},"categories":[6],"tags":[],"class_list":["post-41425","post","type-post","status-publish","format-standard","has-post-thumbnail","hentry","category-regiao"],"_links":{"self":[{"href":"https:\/\/radioultimapalavra.amelhor.net\/site\/wp-json\/wp\/v2\/posts\/41425","targetHints":{"allow":["GET"]}}],"collection":[{"href":"https:\/\/radioultimapalavra.amelhor.net\/site\/wp-json\/wp\/v2\/posts"}],"about":[{"href":"https:\/\/radioultimapalavra.amelhor.net\/site\/wp-json\/wp\/v2\/types\/post"}],"author":[{"embeddable":true,"href":"https:\/\/radioultimapalavra.amelhor.net\/site\/wp-json\/wp\/v2\/users\/1"}],"replies":[{"embeddable":true,"href":"https:\/\/radioultimapalavra.amelhor.net\/site\/wp-json\/wp\/v2\/comments?post=41425"}],"version-history":[{"count":0,"href":"https:\/\/radioultimapalavra.amelhor.net\/site\/wp-json\/wp\/v2\/posts\/41425\/revisions"}],"wp:featuredmedia":[{"embeddable":true,"href":"https:\/\/radioultimapalavra.amelhor.net\/site\/wp-json\/wp\/v2\/media\/41426"}],"wp:attachment":[{"href":"https:\/\/radioultimapalavra.amelhor.net\/site\/wp-json\/wp\/v2\/media?parent=41425"}],"wp:term":[{"taxonomy":"category","embeddable":true,"href":"https:\/\/radioultimapalavra.amelhor.net\/site\/wp-json\/wp\/v2\/categories?post=41425"},{"taxonomy":"post_tag","embeddable":true,"href":"https:\/\/radioultimapalavra.amelhor.net\/site\/wp-json\/wp\/v2\/tags?post=41425"}],"curies":[{"name":"wp","href":"https:\/\/api.w.org\/{rel}","templated":true}]}}