{"id":41427,"date":"2026-04-23T09:26:08","date_gmt":"2026-04-23T12:26:08","guid":{"rendered":"https:\/\/radioultimapalavra.amelhor.net\/site\/caes-e-gatos-de-raca-canil-com-mais-de-200-animais-e-interditado-e-responsaveis-sao-presos-por-maus-tratos-no-rs\/"},"modified":"2026-04-23T09:26:08","modified_gmt":"2026-04-23T12:26:08","slug":"caes-e-gatos-de-raca-canil-com-mais-de-200-animais-e-interditado-e-responsaveis-sao-presos-por-maus-tratos-no-rs","status":"publish","type":"post","link":"https:\/\/radioultimapalavra.amelhor.net\/site\/caes-e-gatos-de-raca-canil-com-mais-de-200-animais-e-interditado-e-responsaveis-sao-presos-por-maus-tratos-no-rs\/","title":{"rendered":"C\u00e3es e gatos de ra\u00e7a: canil com mais de 200 animais \u00e9 interditado e respons\u00e1veis s\u00e3o presos por maus-tratos no RS"},"content":{"rendered":"<div id=\"chunk-f68f\">\n<p data-track-category=\"Link no Texto\" data-track-links> Um <span>canil com mais de 200 animais, entre cachorros e gatos, foi interditado<\/span> em Dois Irm\u00e3os, na Regi\u00e3o Metropolitana de Porto Alegre. A Pol\u00edcia Civil fez uma opera\u00e7\u00e3o no local na manh\u00e3 de quarta-feira (22). <span>Foram encontrados c\u00e3es de ra\u00e7as como Spitz Alem\u00e3o e Cavalier, comercializados por valores entre R$ 5 e R$ 15 mil<\/span>. <\/p>\n<\/p><\/div>\n<div>\n<div id=\"chunk-lce8\">\n<p data-track-category=\"Link no Texto\" data-track-links> Os respons\u00e1veis pelo canil, um homem e uma mulher, foram <strong>presos em flagrante por maus-tratos<\/strong> aos animais. Os suspeitos j\u00e1 tinham sido presos anteriormente pelo mesmo crime. <\/p>\n<\/p><\/div>\n<div id=\"chunk-2iclc\">\n<p data-track-category=\"Link no Texto\" data-track-links> Conforme o delegado Felipe Borba, havia 170 cachorros e mais de 50 gatos no espa\u00e7o. Durante a inspe\u00e7\u00e3o, foram observados diversos <span>animais com quadros cl\u00ednicos de diarreia, sarna e dermatites al\u00e9rgicas, al\u00e9m de superlota\u00e7\u00e3o, mistura de esp\u00e9cies no mesmo ambiente, falhas de higieniza\u00e7\u00e3o e aus\u00eancia de controle sanit\u00e1rio e reprodutivo<\/span>. <\/p>\n<\/p><\/div>\n<div data-block-type=\"raw\" data-block-weight=\"40\" id=\"chunk-3g3s\">\n<blockquote><p>&#8220;Estamos diante de uma situa\u00e7\u00e3o de elevada reprovabilidade social, em que animais s\u00e3o submetidos a sofrimento em um contexto de explora\u00e7\u00e3o econ\u00f4mica. A atua\u00e7\u00e3o da Pol\u00edcia Civil visa a interromper essa pr\u00e1tica e a responsabilizar os envolvidos&#8221;, destaca o delegado.<\/p><\/blockquote><\/div>\n<div id=\"chunk-e340b\">\n<p data-track-category=\"Link no Texto\" data-track-links> Ap\u00f3s receber uma den\u00fancia an\u00f4nima, a pol\u00edcia cumpriu um mandado de busca e apreens\u00e3o no estabelecimento. A a\u00e7\u00e3o contou com o apoio da Vigil\u00e2ncia Sanit\u00e1ria municipal, da Associa\u00e7\u00e3o de Prote\u00e7\u00e3o aos Animais do munic\u00edpio e de m\u00e9dicas veterin\u00e1rias, que atuaram na avalia\u00e7\u00e3o das condi\u00e7\u00f5es de sa\u00fade e bem-estar dos animais. <\/p>\n<\/p><\/div>\n<div id=\"chunk-kr8f\">\n<p data-track-category=\"Link no Texto\" data-track-links> Durante a fiscaliza\u00e7\u00e3o, foram constatadas diversas<strong> irregularidades sanit\u00e1rias, al\u00e9m de sinais de maus-tratos<\/strong>. Os c\u00e3es e gatos de ra\u00e7a eram mantidos tanto no interior quanto no p\u00e1tio do im\u00f3vel. A Vigil\u00e2ncia Sanit\u00e1ria determinou a interdi\u00e7\u00e3o do canil. <span>Os animais foram recolhidos e encaminhados para outro local. <\/span> <\/p>\n<\/p><\/div>\n<div id=\"chunk-7vvus\">\n<p data-track-category=\"Link no Texto\" data-track-links> Foram identificadas falhas estruturais, sanit\u00e1rias e de bem-estar animal. Quanto \u00e0 infraestrutura, n\u00e3o havia piso imperme\u00e1vel e sistema adequado de drenagem, al\u00e9m da inexist\u00eancia de separa\u00e7\u00e3o dos animais por esp\u00e9cie, idade e condi\u00e7\u00e3o fisiol\u00f3gica. <\/p>\n<\/p><\/div>\n<div id=\"chunk-etr4t\">\n<p data-track-category=\"Link no Texto\" data-track-links> Em rela\u00e7\u00e3o ao controle reprodutivo, o <span>canil n\u00e3o possu\u00eda registros obrigat\u00f3rios sobre ciclos de cio, coberturas, n\u00famero de gesta\u00e7\u00f5es por f\u00eamea, idade dos animais ou intervalo entre gesta\u00e7\u00f5es<\/span>, em desacordo com a legisla\u00e7\u00e3o vigente. <\/p>\n<\/p><\/div>\n<div id=\"chunk-34nrm\">\n<p data-track-category=\"Link no Texto\" data-track-links> Tamb\u00e9m foi observado que f\u00eameas prenhas n\u00e3o eram mantidas em ambientes adequados. Al\u00e9m disso, n\u00e3o havia acompanhamento veterin\u00e1rio regular nem registros de controle de parasitas. <\/p>\n<\/p><\/div>\n<div id=\"chunk-d3r48\">\n<p data-track-category=\"Link no Texto\" data-track-links> A vistoria apontou ainda a aus\u00eancia de controle sobre o desenvolvimento dos filhotes, falta de monitoramento de peso e inexist\u00eancia de comprova\u00e7\u00e3o de vacina\u00e7\u00e3o conforme a idade. Tamb\u00e9m n\u00e3o havia garantia de perman\u00eancia dos filhotes com as m\u00e3es pelo per\u00edodo m\u00ednimo recomendado. <\/p>\n<\/p><\/div>\n<div data-block-type=\"backstage-photo\" id=\"chunk-5kn6g\">\n<p> C\u00e3es e gatos de ra\u00e7a: canil com mais de 200 animais \u00e9 interditado e respons\u00e1veis s\u00e3o presos por maus-tratos no RS \u2014 Foto: Pol\u00edcia Civil\/Divulga\u00e7\u00e3o <\/p>\n<\/p><\/div>\n<div data-block-type=\"raw\" data-block-weight=\"5\" id=\"chunk-4j36i\">\n<p><h2>V\u00cdDEOS: Tudo sobre o RS<\/h2>\n<\/p><\/div>\n<\/p><\/div>\n","protected":false},"excerpt":{"rendered":"<p>Um canil com mais de 200 animais, entre cachorros e gatos, foi interditado em Dois Irm\u00e3os, na Regi\u00e3o Metropolitana de Porto Alegre. A Pol\u00edcia Civil fez uma opera\u00e7\u00e3o no local&hellip;<\/p>\n","protected":false},"author":1,"featured_media":41428,"comment_status":"open","ping_status":"open","sticky":false,"template":"","format":"standard","meta":{"footnotes":""},"categories":[6],"tags":[],"class_list":["post-41427","post","type-post","status-publish","format-standard","has-post-thumbnail","hentry","category-regiao"],"_links":{"self":[{"href":"https:\/\/radioultimapalavra.amelhor.net\/site\/wp-json\/wp\/v2\/posts\/41427","targetHints":{"allow":["GET"]}}],"collection":[{"href":"https:\/\/radioultimapalavra.amelhor.net\/site\/wp-json\/wp\/v2\/posts"}],"about":[{"href":"https:\/\/radioultimapalavra.amelhor.net\/site\/wp-json\/wp\/v2\/types\/post"}],"author":[{"embeddable":true,"href":"https:\/\/radioultimapalavra.amelhor.net\/site\/wp-json\/wp\/v2\/users\/1"}],"replies":[{"embeddable":true,"href":"https:\/\/radioultimapalavra.amelhor.net\/site\/wp-json\/wp\/v2\/comments?post=41427"}],"version-history":[{"count":0,"href":"https:\/\/radioultimapalavra.amelhor.net\/site\/wp-json\/wp\/v2\/posts\/41427\/revisions"}],"wp:featuredmedia":[{"embeddable":true,"href":"https:\/\/radioultimapalavra.amelhor.net\/site\/wp-json\/wp\/v2\/media\/41428"}],"wp:attachment":[{"href":"https:\/\/radioultimapalavra.amelhor.net\/site\/wp-json\/wp\/v2\/media?parent=41427"}],"wp:term":[{"taxonomy":"category","embeddable":true,"href":"https:\/\/radioultimapalavra.amelhor.net\/site\/wp-json\/wp\/v2\/categories?post=41427"},{"taxonomy":"post_tag","embeddable":true,"href":"https:\/\/radioultimapalavra.amelhor.net\/site\/wp-json\/wp\/v2\/tags?post=41427"}],"curies":[{"name":"wp","href":"https:\/\/api.w.org\/{rel}","templated":true}]}}