{"id":41431,"date":"2026-04-23T14:25:57","date_gmt":"2026-04-23T17:25:57","guid":{"rendered":"https:\/\/radioultimapalavra.amelhor.net\/site\/prepare-o-casaco-rs-deve-ter-frio-de-ate-0oc-na-semana-que-vem-veja-previsao-do-tempo\/"},"modified":"2026-04-23T14:25:57","modified_gmt":"2026-04-23T17:25:57","slug":"prepare-o-casaco-rs-deve-ter-frio-de-ate-0oc-na-semana-que-vem-veja-previsao-do-tempo","status":"publish","type":"post","link":"https:\/\/radioultimapalavra.amelhor.net\/site\/prepare-o-casaco-rs-deve-ter-frio-de-ate-0oc-na-semana-que-vem-veja-previsao-do-tempo\/","title":{"rendered":"Prepare o casaco! RS deve ter frio de at\u00e9 0\u00baC na semana que vem; veja previs\u00e3o do tempo"},"content":{"rendered":"<div itemscope itemtype=\"http:\/\/schema.org\/NewsArticle\">  <span itemprop=\"image\" itemscope itemtype=\"http:\/\/schema.org\/ImageObject\"> <meta itemprop=\"representativeOfPage\" content=\"true\"> <meta itemprop=\"url\" content=\"https:\/\/s2-g1.glbimg.com\/ZMR03_4KB3XRKQeOKDM4eoi78o0=\/1920x0\/filters:format(jpeg)\/https:\/\/i.s3.glbimg.com\/v1\/AUTH_59edd422c0c84a879bd37670ae4f538a\/internal_photos\/bs\/2026\/k\/9\/uc0Q8PRu24ETBcIegSIw\/g1-7-.jpg\"> <meta itemprop=\"width\" content=\"1920\"> <meta itemprop=\"height\" content=\"1080\"> <\/span>   <\/p>\n<div>\n<div>\n<p data-block-type=\"title\"> <meta itemprop=\"name\" content=\"Prepare o casaco! RS deve ter frio de at\u00e9 0\u00baC na semana que vem; veja previs\u00e3o do tempo\"> <\/p>\n<h2 itemprop=\"headline\">Prepare o casaco! RS deve ter frio de at\u00e9 0\u00baC na semana que vem; veja previs\u00e3o do tempo<\/h2>\n<\/p>\n<p> <meta itemprop=\"alternateName\" content=\"Previs\u00e3o indica uma importante mudan\u00e7a no tempo no in\u00edcio da pr\u00f3xima semana com o ingresso de ar polar no Sul do Brasil.\"> <\/p>\n<h2 itemprop=\"alternativeHeadline\">Previs\u00e3o indica uma importante mudan\u00e7a no tempo no in\u00edcio da pr\u00f3xima semana com o ingresso de ar polar no Sul do Brasil.<\/h2>\n<\/p><\/div>\n<hr>\n<div data-block-type=\"summary\">\n<details>\n<summary>  <\/summary>\n<div>\n<ul>\n<li>\n<div id=\"chunk-9dut3\">\n<p data-track-category=\"Link no Texto\" data-track-links> Massa de ar frio de origem polar avan\u00e7a sobre o RS nos pr\u00f3ximos dias. <\/p>\n<\/p><\/div>\n<\/li>\n<li>\n<div id=\"chunk-9081r\">\n<p data-track-category=\"Link no Texto\" data-track-links> Previs\u00e3o do tempo indica queda significativa nas temperaturas no in\u00edcio da pr\u00f3xima semana. <\/p>\n<\/p><\/div>\n<\/li>\n<li>\n<div id=\"chunk-acpm\">\n<p data-track-category=\"Link no Texto\" data-track-links> Sistema come\u00e7a a ingressar pelo Sul do Brasil na noite de domingo (26). <\/p>\n<\/p><\/div>\n<\/li>\n<li>\n<div id=\"chunk-b6lhp\">\n<p data-track-category=\"Link no Texto\" data-track-links> Efeitos mais expressivos ser\u00e3o sentidos entre segunda (27) e ter\u00e7a-feira (28). <\/p>\n<\/p><\/div>\n<\/li>\n<\/ul><\/div>\n<\/details><\/div>\n<\/p><\/div>\n<div>  <meta itemprop=\"isAccessibleForFree\" content=\"true\"> <\/p>\n<div data-block-type=\"backstage-video\" itemscope itemtype=\"http:\/\/schema.org\/VideoObject\" itemprop=\"video\" id=\"chunk-e562c\"> <meta itemprop=\"name\" content=\"Massa de ar frio mais intensa do ano avan\u00e7a sobre o RS com previs\u00e3o de 0\u00baC\"> <meta itemprop=\"thumbnailUrl\" content=\"https:\/\/s04.video.glbimg.com\/x240\/14551499.jpg\"> <meta itemprop=\"datePublished\" content=\"2026-04-23T14:58:51.150Z\"> <meta itemprop=\"uploadDate\" content=\"2026-04-23T14:58:51.150Z\"> <meta itemprop=\"contentUrl\" content=\"https:\/\/vodstreaming01.video.globo.com\/45\/30\/11\/14551499_110c669512e129e67654853fbcac8bc9716b9c54\/14551499-360p_300k_h264-9cb4f930-215b-013f-b1f4-5e27451248eb.mp4\"> <\/p>\n<div> <meta itemprop=\"name\" content=\"Massa de ar frio mais intensa do ano avan\u00e7a sobre o RS com previs\u00e3o de 0\u00baC\"> <meta itemprop=\"thumbnailUrl\" content=\"https:\/\/s04.video.glbimg.com\/x240\/14551499.jpg\"> <meta itemprop=\"datePublished\" content=\"2026-04-23T14:58:51.150Z\"> <meta itemprop=\"uploadDate\" content=\"2026-04-23T14:58:51.150Z\"> <meta itemprop=\"contentUrl\" content=\"https:\/\/vodstreaming01.video.globo.com\/45\/30\/11\/14551499_110c669512e129e67654853fbcac8bc9716b9c54\/14551499-360p_300k_h264-9cb4f930-215b-013f-b1f4-5e27451248eb.mp4\">  <\/p>\n<div data-video-id=\"14551499\">\n<p><img decoding=\"async\" src=\"https:\/\/s04.video.glbimg.com\/x240\/14551499.jpg\" alt=\"Massa de ar frio mais intensa do ano avan\u00e7a sobre o RS com previs\u00e3o de 0\u00baC\" title=\"Massa de ar frio mais intensa do ano avan\u00e7a sobre o RS com previs\u00e3o de 0\u00baC\"><\/p>\n<p><bs-player videoid=\"14551499\" subscriber-only=\"false\" id=\"wp3-player-e562c\" serviceid=\"151\" auth=\"false\" data-opt-mute adplacement=\"accompanying\" autoplay rounded><\/bs-player> <\/div>\n<\/p><\/div>\n<p itemprop=\"description\"> Massa de ar frio mais intensa do ano avan\u00e7a sobre o RS com previs\u00e3o de 0\u00baC <\/p>\n<\/p><\/div>\n<div id=\"chunk-dt53t\">\n<p data-track-category=\"Link no Texto\" data-track-links> \u00c9 hora de tirar os casacos do guarda-roupa. Os <span>term\u00f4metros podem marcar 0\u00baC nos pr\u00f3ximos dias no Rio Grande do Sul<\/span>. A Climatempo Meteorologia explica que a mudan\u00e7a ser\u00e1 causada por uma <strong>massa de ar frio de origem polar<\/strong>, a mais intensa de 2026 at\u00e9 o momento. <\/p>\n<\/p><\/div>\n<div>\n<div id=\"chunk-3tefa\">\n<p data-track-category=\"Link no Texto\" data-track-links> A previs\u00e3o do tempo indica uma queda significativa nas temperaturas no in\u00edcio da pr\u00f3xima semana. O sistema come\u00e7a a ingressar pelo Sul do Brasil na noite de domingo (26), mas os <span>efeitos mais expressivos ser\u00e3o sentidos entre segunda (27) e ter\u00e7a-feira (28), que deve ser o dia mais frio de 2026 at\u00e9 o momento<\/span> em diferentes cidades ga\u00fachas. <\/p>\n<\/p><\/div>\n<div id=\"chunk-4akmr\">\n<p data-track-category=\"Link no Texto\" data-track-links> H\u00e1 previs\u00e3o de frio principalmente nas primeiras horas do dia. As m\u00ednimas podem se aproximar de 0\u00b0C em algumas regi\u00f5es. Nos Campos de Cima da Serra, em cidades como S\u00e3o Jos\u00e9 dos Ausentes, s\u00e3o esperadas marcas <strong>entre 0\u00b0C e 2\u00b0C<\/strong>. Na Fronteira com o Uruguai os dias devem come\u00e7ar com m\u00ednimas entre<strong> 3\u00b0C e 5\u00b0C<\/strong>. J\u00e1 a Regi\u00e3o Metropolitana de Porto Alegre pode ter frio <strong>abaixo de 10\u00baC<\/strong>. <\/p>\n<\/p><\/div>\n<div id=\"chunk-6h2rj\">\n<p data-track-category=\"Link no Texto\" data-track-links> Segundo a Climatempo, o sol aparece ao longo do dia, mas a sensa\u00e7\u00e3o t\u00e9rmica ser\u00e1 baixa e \u00e0 tarde tamb\u00e9m ser\u00e1 gelada em alguns pontos do estado. <\/p>\n<\/p><\/div>\n<div data-block-type=\"backstage-photo\" id=\"chunk-duds\">\n<p> Massa de ar frio mais intensa do ano avan\u00e7a sobre o RS com previs\u00e3o de 0\u00baC \u2014 Foto: Porthus Junior \/ Agencia RBS <\/p>\n<\/p><\/div>\n<div data-block-type=\"raw\" data-block-weight=\"5\" id=\"chunk-49pd2\">\n<p><h2>V\u00cdDEOS: Tudo sobre o RS<\/h2>\n<\/p><\/div>\n<\/p><\/div>\n<div id=\"newsletter-g1-modal__overlay\">\n<h3>Ops!<\/h3>\n<\/p><\/div>\n<\/p><\/div>\n<\/p><\/div>\n","protected":false},"excerpt":{"rendered":"<p>Prepare o casaco! RS deve ter frio de at\u00e9 0\u00baC na semana que vem; veja previs\u00e3o do tempo Previs\u00e3o indica uma importante mudan\u00e7a no tempo no in\u00edcio da pr\u00f3xima semana&hellip;<\/p>\n","protected":false},"author":1,"featured_media":41432,"comment_status":"open","ping_status":"open","sticky":false,"template":"","format":"standard","meta":{"footnotes":""},"categories":[6],"tags":[],"class_list":["post-41431","post","type-post","status-publish","format-standard","has-post-thumbnail","hentry","category-regiao"],"_links":{"self":[{"href":"https:\/\/radioultimapalavra.amelhor.net\/site\/wp-json\/wp\/v2\/posts\/41431","targetHints":{"allow":["GET"]}}],"collection":[{"href":"https:\/\/radioultimapalavra.amelhor.net\/site\/wp-json\/wp\/v2\/posts"}],"about":[{"href":"https:\/\/radioultimapalavra.amelhor.net\/site\/wp-json\/wp\/v2\/types\/post"}],"author":[{"embeddable":true,"href":"https:\/\/radioultimapalavra.amelhor.net\/site\/wp-json\/wp\/v2\/users\/1"}],"replies":[{"embeddable":true,"href":"https:\/\/radioultimapalavra.amelhor.net\/site\/wp-json\/wp\/v2\/comments?post=41431"}],"version-history":[{"count":0,"href":"https:\/\/radioultimapalavra.amelhor.net\/site\/wp-json\/wp\/v2\/posts\/41431\/revisions"}],"wp:featuredmedia":[{"embeddable":true,"href":"https:\/\/radioultimapalavra.amelhor.net\/site\/wp-json\/wp\/v2\/media\/41432"}],"wp:attachment":[{"href":"https:\/\/radioultimapalavra.amelhor.net\/site\/wp-json\/wp\/v2\/media?parent=41431"}],"wp:term":[{"taxonomy":"category","embeddable":true,"href":"https:\/\/radioultimapalavra.amelhor.net\/site\/wp-json\/wp\/v2\/categories?post=41431"},{"taxonomy":"post_tag","embeddable":true,"href":"https:\/\/radioultimapalavra.amelhor.net\/site\/wp-json\/wp\/v2\/tags?post=41431"}],"curies":[{"name":"wp","href":"https:\/\/api.w.org\/{rel}","templated":true}]}}