{"id":41437,"date":"2026-04-23T14:25:54","date_gmt":"2026-04-23T17:25:54","guid":{"rendered":"https:\/\/radioultimapalavra.amelhor.net\/site\/escolinha-para-caes-faz-festa-do-pijama-oferece-spa-e-viraliza-nas-redes-sociais-com-beagles-fantasiados\/"},"modified":"2026-04-23T14:25:54","modified_gmt":"2026-04-23T17:25:54","slug":"escolinha-para-caes-faz-festa-do-pijama-oferece-spa-e-viraliza-nas-redes-sociais-com-beagles-fantasiados","status":"publish","type":"post","link":"https:\/\/radioultimapalavra.amelhor.net\/site\/escolinha-para-caes-faz-festa-do-pijama-oferece-spa-e-viraliza-nas-redes-sociais-com-beagles-fantasiados\/","title":{"rendered":"&#8216;Escolinha&#8217; para c\u00e3es faz festa do pijama, oferece spa e viraliza nas redes sociais com beagles fantasiados"},"content":{"rendered":"<div id=\"chunk-3174t\">\n<p data-track-category=\"Link no Texto\" data-track-links> Uma <span>&#8220;escolinha&#8221; para cachorros<\/span>, com direito a <strong>festa do pijama<\/strong>, <strong>spa<\/strong> e <strong>aulas de nata\u00e7\u00e3o<\/strong> viralizou nas redes sociais. A iniciativa \u00e9 do <strong>criador de conte\u00fado L\u00e9o Oliveira, de <\/strong>Novo Hamburgo, na Regi\u00e3o Metropolitana de Porto Alegre. <span>Ele transformou a pr\u00f3pria casa em um hotel e creche para c\u00e3es<\/span>. <\/p>\n<\/p><\/div>\n<div>\n<div id=\"chunk-2ci3c\">\n<p data-track-category=\"Link no Texto\" data-track-links> Um dos <strong>v\u00eddeos publicados no Instagram<\/strong> j\u00e1 ultrapassou a marca de <span>seis milh\u00f5es de visualiza\u00e7\u00f5es<\/span>. <strong>No YouTube<\/strong>, <span>os conte\u00fados somam mais de um milh\u00e3o de cliques<\/span>. <\/p>\n<\/p><\/div>\n<div id=\"chunk-7ntkp\">\n<p data-track-category=\"Link no Texto\" data-track-links> Tudo come\u00e7ou em 2017, quando L\u00e9o passou a gravar v\u00eddeos sobre a rotina com os tr\u00eas c\u00e3es dele: <strong>Benjamin, Bibiana e Isabella, da ra\u00e7a beagle<\/strong>. O sucesso do conte\u00fado o levou a <span>deixar o emprego formal para empreender<\/span>. <\/p>\n<\/p><\/div>\n<div data-block-type=\"raw\" data-block-weight=\"47\" id=\"chunk-6mr0i\">\n<blockquote><p>&#8220;No final de 2022, resolvi empreender com um hotel e creche para c\u00e3es. Eu buscava algo para colocar em pr\u00e1tica tudo o que eu gravava e tudo o que um &#8216;pai de pet&#8217; gostaria de saber ao deixar seu filho de quatro patas em um hotel&#8221;, afirma.<\/p><\/blockquote><\/div>\n<div data-block-type=\"raw\" data-block-weight=\"4\" id=\"chunk-37ako\">\n<p><h2>Do hobby ao neg\u00f3cio<\/h2>\n<\/p><\/div>\n<div id=\"chunk-30brk\">\n<p data-track-category=\"Link no Texto\" data-track-links> <strong>L\u00e9o investiu R$ 120 mil para transformar a casa<\/strong> em um ambiente<span> confort\u00e1vel e divertido para os &#8220;h\u00f3spedes&#8221;<\/span>. O local tem <strong>gramado amplo<\/strong>, <strong>piscina para aulas de nata\u00e7\u00e3o<\/strong>, <strong>banheira de hidromassagem<\/strong> e at\u00e9 um <strong>espa\u00e7o de cromoterapia<\/strong> \u2014 t\u00e9cnica que utiliza cores para promover relaxamento. <\/p>\n<\/p><\/div>\n<div id=\"chunk-fvo6g\">\n<p data-track-category=\"Link no Texto\" data-track-links> &#8220;Todo c\u00e3o que quer entrar na &#8216;escolinha&#8217; precisa fazer uma adapta\u00e7\u00e3o com os meus tr\u00eas beagles; afinal, aqui \u00e9 a casa deles&#8221;, explica o empreendedor. O neg\u00f3cio \u00e9 administrado pelo criador de conte\u00fado e a companheira. A escolinha tem parceria com cl\u00ednicas veterin\u00e1rias para garantir o bem-estar dos &#8220;alunos&#8221;. <\/p>\n<\/p><\/div>\n<div data-block-type=\"raw\" data-block-weight=\"3\" id=\"chunk-4rnfm\">\n<p><h2>Sucesso nas redes<\/h2>\n<\/p><\/div>\n<div id=\"chunk-2eed3\">\n<p data-track-category=\"Link no Texto\" data-track-links> Al\u00e9m dos cuidados, os <strong>&#8220;alunos&#8221; participam das grava\u00e7\u00f5es para as redes sociais<\/strong>. Entre as atividades que viralizaram, est\u00e3o a <span>&#8220;ca\u00e7a aos petiscos&#8221;, a &#8220;noite do pijama&#8221; e o &#8220;spa&#8221; na escolinha<\/span>. <\/p>\n<\/p><\/div>\n<div id=\"chunk-56o62\">\n<p data-track-category=\"Link no Texto\" data-track-links> &#8220;N\u00f3s temos um calend\u00e1rio com v\u00e1rias datas e a gente vai criando essas atividades ao longo do ano&#8221;, conta. Segundo L\u00e9o, os animais s\u00f3 usam fantasias para os v\u00eddeos ap\u00f3s estarem totalmente adaptados ao ambiente. <\/p>\n<\/p><\/div>\n<div id=\"chunk-7iua\">\n<p data-track-category=\"Link no Texto\" data-track-links> Apesar de j\u00e1 ter <strong>v\u00eddeos com milh\u00f5es de visualiza\u00e7\u00f5es<\/strong>, <span>a repercuss\u00e3o ainda o impressiona<\/span>. &#8220;Eu fico espantado. N\u00e3o vou te dizer que \u00e9 algo normal, porque n\u00e3o \u00e9. Toda vez que um v\u00eddeo se destaca, eu fico muito feliz. Sou muito grato&#8221;, finaliza. <\/p>\n<\/p><\/div>\n<div data-block-type=\"backstage-photo\" id=\"chunk-5hs2i\">\n<p> Com festa do pijama e spa, &#8216;escolinha&#8217; para c\u00e3es de ga\u00facho viraliza nas redes sociais. \u2014 Foto: Reprodu\u00e7\u00e3o\/Instagram <\/p>\n<\/p><\/div>\n<div data-block-type=\"raw\" data-block-weight=\"5\" id=\"chunk-4r243\">\n<p><h2><strong>V\u00cdDEOS: Tudo sobre o RS<\/strong><\/h2>\n<\/p><\/div>\n<\/p><\/div>\n","protected":false},"excerpt":{"rendered":"<p>Uma &#8220;escolinha&#8221; para cachorros, com direito a festa do pijama, spa e aulas de nata\u00e7\u00e3o viralizou nas redes sociais. A iniciativa \u00e9 do criador de conte\u00fado L\u00e9o Oliveira, de Novo&hellip;<\/p>\n","protected":false},"author":1,"featured_media":41438,"comment_status":"open","ping_status":"open","sticky":false,"template":"","format":"standard","meta":{"footnotes":""},"categories":[6],"tags":[],"class_list":["post-41437","post","type-post","status-publish","format-standard","has-post-thumbnail","hentry","category-regiao"],"_links":{"self":[{"href":"https:\/\/radioultimapalavra.amelhor.net\/site\/wp-json\/wp\/v2\/posts\/41437","targetHints":{"allow":["GET"]}}],"collection":[{"href":"https:\/\/radioultimapalavra.amelhor.net\/site\/wp-json\/wp\/v2\/posts"}],"about":[{"href":"https:\/\/radioultimapalavra.amelhor.net\/site\/wp-json\/wp\/v2\/types\/post"}],"author":[{"embeddable":true,"href":"https:\/\/radioultimapalavra.amelhor.net\/site\/wp-json\/wp\/v2\/users\/1"}],"replies":[{"embeddable":true,"href":"https:\/\/radioultimapalavra.amelhor.net\/site\/wp-json\/wp\/v2\/comments?post=41437"}],"version-history":[{"count":0,"href":"https:\/\/radioultimapalavra.amelhor.net\/site\/wp-json\/wp\/v2\/posts\/41437\/revisions"}],"wp:featuredmedia":[{"embeddable":true,"href":"https:\/\/radioultimapalavra.amelhor.net\/site\/wp-json\/wp\/v2\/media\/41438"}],"wp:attachment":[{"href":"https:\/\/radioultimapalavra.amelhor.net\/site\/wp-json\/wp\/v2\/media?parent=41437"}],"wp:term":[{"taxonomy":"category","embeddable":true,"href":"https:\/\/radioultimapalavra.amelhor.net\/site\/wp-json\/wp\/v2\/categories?post=41437"},{"taxonomy":"post_tag","embeddable":true,"href":"https:\/\/radioultimapalavra.amelhor.net\/site\/wp-json\/wp\/v2\/tags?post=41437"}],"curies":[{"name":"wp","href":"https:\/\/api.w.org\/{rel}","templated":true}]}}