{"id":41439,"date":"2026-04-23T14:25:53","date_gmt":"2026-04-23T17:25:53","guid":{"rendered":"https:\/\/radioultimapalavra.amelhor.net\/site\/voce-sabia-que-existe-um-dia-mundial-do-pinguim-evento-em-porto-alegre-vai-distribuir-sorvete-de-graca-para-fas-da-ave-tipica-da-antartida\/"},"modified":"2026-04-23T14:25:53","modified_gmt":"2026-04-23T17:25:53","slug":"voce-sabia-que-existe-um-dia-mundial-do-pinguim-evento-em-porto-alegre-vai-distribuir-sorvete-de-graca-para-fas-da-ave-tipica-da-antartida","status":"publish","type":"post","link":"https:\/\/radioultimapalavra.amelhor.net\/site\/voce-sabia-que-existe-um-dia-mundial-do-pinguim-evento-em-porto-alegre-vai-distribuir-sorvete-de-graca-para-fas-da-ave-tipica-da-antartida\/","title":{"rendered":"Voc\u00ea sabia que existe um Dia Mundial do Pinguim? Evento em Porto Alegre vai distribuir sorvete de gra\u00e7a para &#8216;f\u00e3s&#8217; da ave t\u00edpica da Ant\u00e1rtida"},"content":{"rendered":"<div itemscope itemtype=\"http:\/\/schema.org\/NewsArticle\">  <span itemprop=\"image\" itemscope itemtype=\"http:\/\/schema.org\/ImageObject\"> <meta itemprop=\"representativeOfPage\" content=\"true\"> <meta itemprop=\"url\" content=\"https:\/\/s2-g1.glbimg.com\/p__UwkPSqLCXdcrHFGlp1S0rS0Q=\/1920x0\/filters:format(jpeg)\/https:\/\/i.s3.glbimg.com\/v1\/AUTH_59edd422c0c84a879bd37670ae4f538a\/internal_photos\/bs\/2026\/c\/x\/xWmeYTRaeICPrXwcbMlw\/g1-2-.jpg\"> <meta itemprop=\"width\" content=\"1920\"> <meta itemprop=\"height\" content=\"1080\"> <\/span>   <\/p>\n<div>\n<div>\n<p data-block-type=\"title\"> <meta itemprop=\"name\" content=\"Voc\u00ea sabia que existe um Dia Mundial do Pinguim? Evento em Porto Alegre vai distribuir sorvete de gra\u00e7a para 'f\u00e3s' da ave t\u00edpica da Ant\u00e1rtida\"> <\/p>\n<h2 itemprop=\"headline\">Voc\u00ea sabia que existe um Dia Mundial do Pinguim? Evento em Porto Alegre vai distribuir sorvete de gra\u00e7a para &#8216;f\u00e3s&#8217; da ave t\u00edpica da Ant\u00e1rtida<\/h2>\n<\/p>\n<p> <meta itemprop=\"alternateName\" content=\"Evento na capital ga\u00facha vai celebrar o Dia Mundial do Pinguim, no pr\u00f3ximo s\u00e1bado (25). \"> <\/p>\n<h2 itemprop=\"alternativeHeadline\">Evento na capital ga\u00facha vai celebrar o Dia Mundial do Pinguim, no pr\u00f3ximo s\u00e1bado (25). <\/h2>\n<\/p><\/div>\n<hr>\n<div data-block-type=\"summary\">\n<details>\n<summary>  <\/summary>\n<div>\n<ul>\n<li>\n<div id=\"chunk-dr22s\">\n<p data-track-category=\"Link no Texto\" data-track-links> Evento vai reunir adoradores de pinguim e distribuir sorvete de gra\u00e7a em Porto Alegre. <\/p>\n<\/p><\/div>\n<\/li>\n<li>\n<div id=\"chunk-6j88n\">\n<p data-track-category=\"Link no Texto\" data-track-links> O 1\u00ba Encontro de Adoradores de Pinguim, ocorrer\u00e1 na gelateria El Lato (Rua Carlos Trein Filho, n\u00ba 1220, no bairro Auxiliadora) das 12h \u00e0s 16h. <\/p>\n<\/p><\/div>\n<\/li>\n<li>\n<div id=\"chunk-cv54u\">\n<p data-track-category=\"Link no Texto\" data-track-links> O encontro contar\u00e1 com DJ e a presen\u00e7a de um pinguim infl\u00e1vel gigante. <\/p>\n<\/p><\/div>\n<\/li>\n<li>\n<div id=\"chunk-2d38r\">\n<p data-track-category=\"Link no Texto\" data-track-links> Al\u00e9m do sorvete gratuito, os participantes receber\u00e3o o selo de &#8220;adorador oficial&#8221; e poder\u00e3o participar de uma roleta de pr\u00eamios com brindes e experi\u00eancias. <\/p>\n<\/p><\/div>\n<\/li>\n<\/ul><\/div>\n<\/details><\/div>\n<\/p><\/div>\n<div>  <meta itemprop=\"isAccessibleForFree\" content=\"true\"> <\/p>\n<div data-block-type=\"backstage-photo\" id=\"chunk-2qlc2\">\n<p> Evento vai reunir &#8216;adoradores de pinguim&#8217; e distribuir sorvete de gra\u00e7a em Porto Alegre \u2014 Foto: Divulga\u00e7\u00e3o <\/p>\n<\/p><\/div>\n<div id=\"chunk-adqvo\">\n<p data-track-category=\"Link no Texto\" data-track-links> Apesar de viverem na Ant\u00e1rtida, no Polo Sul, os <strong>pinguins re\u00fanem f\u00e3s por todo o mundo<\/strong>. V\u00eddeos na internet, brinquedos e desenhos em roupas e acess\u00f3rios s\u00e3o alguns dos exemplos encontrados no dia a dia pelos admiradores destas aves marinhas t\u00e3o fofas! <\/p>\n<\/p><\/div>\n<div>\n<div id=\"chunk-boqko\">\n<p data-track-category=\"Link no Texto\" data-track-links> <span>Para celebrar o Dia Mundial do Pinguim, no pr\u00f3ximo s\u00e1bado (25), uma sorveteria de <\/span>Porto Alegre<span> vai distribuir gelatos de gra\u00e7a<\/span>. Mas s\u00f3 para os que levarem algum item relacionado a pinguins \u2014 como pel\u00facias, estampas ou objetos. <\/p>\n<\/p><\/div>\n<div id=\"chunk-9f4pd\">\n<p data-track-category=\"Link no Texto\" data-track-links> O <strong>1\u00ba Encontro de Adoradores de Pinguim<\/strong> ocorrer\u00e1 na gelateria El Lato (Rua Carlos Trein Filho, n\u00ba 1220, no bairro Auxiliadora) das 12h \u00e0s 16h. O encontro contar\u00e1 com DJ e a presen\u00e7a de um pinguim infl\u00e1vel gigante. <\/p>\n<\/p><\/div>\n<div data-block-type=\"raw\" data-block-weight=\"27\" id=\"chunk-eksk3\">\n<blockquote><p>&#8220;A ideia \u00e9 criar comunidade. Transformar uma data curiosa em um espa\u00e7o de encontro leve e divertido, onde as pessoas possam brincar&#8221;, explica a s\u00f3cia Tatiana Druck.<\/p><\/blockquote><\/div>\n<div data-block-type=\"backstage-video\" itemscope itemtype=\"http:\/\/schema.org\/VideoObject\" itemprop=\"video\" id=\"chunk-d189v\"> <meta itemprop=\"name\" content=\"Veja os v\u00eddeos que est\u00e3o em alta no g1\"> <meta itemprop=\"thumbnailUrl\" content=\"https:\/\/s04.video.glbimg.com\/x240\/992055.jpg\"> <meta itemprop=\"datePublished\" content=\"2026-04-23T12:09:41.412Z\"> <meta itemprop=\"uploadDate\" content=\"2026-04-23T12:09:41.412Z\"> <\/p>\n<div> <meta itemprop=\"name\" content=\"Veja os v\u00eddeos que est\u00e3o em alta no g1\"> <meta itemprop=\"thumbnailUrl\" content=\"https:\/\/s04.video.glbimg.com\/x240\/992055.jpg\"> <meta itemprop=\"datePublished\" content=\"2026-04-23T12:09:41.412Z\"> <meta itemprop=\"uploadDate\" content=\"2026-04-23T12:09:41.412Z\">  <\/p>\n<div data-video-id=\"992055\">\n<p><img decoding=\"async\" src=\"https:\/\/s04.video.glbimg.com\/x240\/992055.jpg\" alt=\"Veja os v\u00eddeos que est\u00e3o em alta no g1\" title=\"Veja os v\u00eddeos que est\u00e3o em alta no g1\"><\/p>\n<p><bs-player videoid=\"992055\" subscriber-only=\"false\" id=\"wp3-player-d189v\" serviceid=\"151\" auth=\"false\" data-opt-mute adplacement=\"accompanying\" autoplay rounded><\/bs-player> <\/div>\n<\/p><\/div>\n<p itemprop=\"description\"> Veja os v\u00eddeos que est\u00e3o em alta no g1 <\/p>\n<\/p><\/div>\n<div id=\"chunk-balg6\">\n<p data-track-category=\"Link no Texto\" data-track-links> Segundo a marca, que tem o pinguim na sua identidade visual, &#8220;um pinguim teria atravessado o oceano, direto da Patag\u00f4nia, cruzado o Gua\u00edba e chegado \u00e0 cidade \u2014 e agora outros estariam a caminho&#8221;. <\/p>\n<\/p><\/div>\n<div id=\"chunk-ao234\">\n<p data-track-category=\"Link no Texto\" data-track-links> Al\u00e9m do sorvete gratuito, os <span>participantes receber\u00e3o o selo de &#8220;adorador oficial&#8221;<\/span> e poder\u00e3o participar de uma roleta de pr\u00eamios com brindes e experi\u00eancias. <\/p>\n<\/p><\/div>\n<div data-block-type=\"backstage-photo\" id=\"chunk-89s17\">\n<p> Hora da selfie: outro pinguim se aproxima curioso com a c\u00e2mera encontrada \u2014 Foto: Divis\u00e3o Australiana na Ant\u00e1rtida\/Reprodu\u00e7\u00e3o\/BBC <\/p>\n<\/p><\/div>\n<div data-block-type=\"raw\" data-block-weight=\"5\" id=\"chunk-6142b\">\n<p><h2>V\u00cdDEOS: Tudo sobre o RS<\/h2>\n<\/p><\/div>\n<\/p><\/div>\n<div id=\"newsletter-g1-modal__overlay\">\n<h3>Ops!<\/h3>\n<\/p><\/div>\n<\/p><\/div>\n<\/p><\/div>\n","protected":false},"excerpt":{"rendered":"<p>Voc\u00ea sabia que existe um Dia Mundial do Pinguim? Evento em Porto Alegre vai distribuir sorvete de gra\u00e7a para &#8216;f\u00e3s&#8217; da ave t\u00edpica da Ant\u00e1rtida Evento na capital ga\u00facha vai&hellip;<\/p>\n","protected":false},"author":1,"featured_media":41440,"comment_status":"open","ping_status":"open","sticky":false,"template":"","format":"standard","meta":{"footnotes":""},"categories":[6],"tags":[],"class_list":["post-41439","post","type-post","status-publish","format-standard","has-post-thumbnail","hentry","category-regiao"],"_links":{"self":[{"href":"https:\/\/radioultimapalavra.amelhor.net\/site\/wp-json\/wp\/v2\/posts\/41439","targetHints":{"allow":["GET"]}}],"collection":[{"href":"https:\/\/radioultimapalavra.amelhor.net\/site\/wp-json\/wp\/v2\/posts"}],"about":[{"href":"https:\/\/radioultimapalavra.amelhor.net\/site\/wp-json\/wp\/v2\/types\/post"}],"author":[{"embeddable":true,"href":"https:\/\/radioultimapalavra.amelhor.net\/site\/wp-json\/wp\/v2\/users\/1"}],"replies":[{"embeddable":true,"href":"https:\/\/radioultimapalavra.amelhor.net\/site\/wp-json\/wp\/v2\/comments?post=41439"}],"version-history":[{"count":0,"href":"https:\/\/radioultimapalavra.amelhor.net\/site\/wp-json\/wp\/v2\/posts\/41439\/revisions"}],"wp:featuredmedia":[{"embeddable":true,"href":"https:\/\/radioultimapalavra.amelhor.net\/site\/wp-json\/wp\/v2\/media\/41440"}],"wp:attachment":[{"href":"https:\/\/radioultimapalavra.amelhor.net\/site\/wp-json\/wp\/v2\/media?parent=41439"}],"wp:term":[{"taxonomy":"category","embeddable":true,"href":"https:\/\/radioultimapalavra.amelhor.net\/site\/wp-json\/wp\/v2\/categories?post=41439"},{"taxonomy":"post_tag","embeddable":true,"href":"https:\/\/radioultimapalavra.amelhor.net\/site\/wp-json\/wp\/v2\/tags?post=41439"}],"curies":[{"name":"wp","href":"https:\/\/api.w.org\/{rel}","templated":true}]}}