{"id":41441,"date":"2026-04-23T19:33:03","date_gmt":"2026-04-23T22:33:03","guid":{"rendered":"https:\/\/radioultimapalavra.amelhor.net\/site\/video-mostra-perseguicao-de-carro-em-porto-alegre-homem-e-preso-por-trafico-de-drogas-e-tentativa-de-homicidio\/"},"modified":"2026-04-23T19:33:03","modified_gmt":"2026-04-23T22:33:03","slug":"video-mostra-perseguicao-de-carro-em-porto-alegre-homem-e-preso-por-trafico-de-drogas-e-tentativa-de-homicidio","status":"publish","type":"post","link":"https:\/\/radioultimapalavra.amelhor.net\/site\/video-mostra-perseguicao-de-carro-em-porto-alegre-homem-e-preso-por-trafico-de-drogas-e-tentativa-de-homicidio\/","title":{"rendered":"V\u00cdDEO mostra persegui\u00e7\u00e3o de carro em Porto Alegre; homem \u00e9 preso por tr\u00e1fico de drogas e tentativa de homic\u00eddio"},"content":{"rendered":"<div id=\"chunk-2s2t8\">\n<p data-track-category=\"Link no Texto\" data-track-links> A Pol\u00edcia Rodovi\u00e1ria Federal (PRF) prendeu, na tarde desta quinta-feira (23), um homem por tr\u00e1fico de drogas e tentativa de homic\u00eddio, ap\u00f3s <strong>fuga e atropelamento de um motociclista<\/strong> no centro de Porto Alegre. <span>Segundo a PRF, o atropelamento teria sido proposital<\/span>. <\/p>\n<\/p><\/div>\n<div>\n<div id=\"chunk-b99kv\">\n<p data-track-category=\"Link no Texto\" data-track-links> A a\u00e7\u00e3o teve in\u00edcio ap\u00f3s a pol\u00edcia rodovi\u00e1ria receber informa\u00e7\u00f5es da Brigada Militar da possibilidade de <span>um \u00d4nix estar sendo utilizado para tr\u00e1fico de drogas<\/span> na Regi\u00e3o Metropolitana. O condutor n\u00e3o teve a identidade divulgada. <\/p>\n<\/p><\/div>\n<div id=\"chunk-9ld8s\">\n<p data-track-category=\"Link no Texto\" data-track-links> O autom\u00f3vel foi localizado transitando na BR-290, momento em que os policiais deram ordem de parada para fiscaliza\u00e7\u00e3o. <strong>O condutor teria ent\u00e3o desobedecido \u00e0 ordem e dado in\u00edcio \u00e0 fuga<\/strong>, realizando <span>diversas manobras perigosas na tentativa de escapar da abordagem<\/span>. <\/p>\n<\/p><\/div>\n<div data-block-type=\"raw\" data-block-weight=\"27\" id=\"chunk-7352o\">\n<blockquote><p>\u201cAo ingressar no centro de Porto Alegre, o motorista atropelou um motociclista, quase passando sobre a cabe\u00e7a dele com a roda traseira do carro\u201d, informou a PRF. <\/p><\/blockquote><\/div>\n<div id=\"chunk-7mjic\">\n<p data-track-category=\"Link no Texto\" data-track-links> A v\u00edtima recebeu atendimento inicial da equipe policial e, posteriormente, foi socorrida pelo Servi\u00e7o de Atendimento M\u00f3vel de Urg\u00eancia (SAMU), com les\u00f5es leves. <\/p>\n<\/p><\/div>\n<div id=\"chunk-778r3\">\n<p data-track-category=\"Link no Texto\" data-track-links> Durante o deslocamento, ele <strong>arremessou dois pacotes pela janela<\/strong>, posteriormente localizados pelos policiais, ainda segundo a PRF. No interior dos inv\u00f3lucros, foram encontradas <span>28 por\u00e7\u00f5es de maconha, 13 por\u00e7\u00f5es de coca\u00edna e 18 comprimidos de ecstasy<\/span>, j\u00e1 fracionados e prontos para comercializa\u00e7\u00e3o. <\/p>\n<\/p><\/div>\n<div id=\"chunk-evi9\">\n<p data-track-category=\"Link no Texto\" data-track-links> A fuga terminou na regi\u00e3o da Orla do Gua\u00edba, onde <strong>o homem, de 23 anos, foi alcan\u00e7ado e preso<\/strong>. Ele n\u00e3o possu\u00eda antecedentes criminais at\u00e9 o momento. <\/p>\n<\/p><\/div>\n<div id=\"chunk-9rj9i\">\n<p data-track-category=\"Link no Texto\" data-track-links> O indiv\u00edduo foi encaminhado \u00e0 pol\u00edcia judici\u00e1ria. Ele deve responder pelos<span> crimes de tr\u00e1fico de drogas e tentativa de homic\u00eddio<\/span>. <\/p>\n<\/p><\/div>\n<div data-block-type=\"backstage-photo\" id=\"chunk-tegt\">\n<p> Persegui\u00e7\u00e3o de carro em Porto Alegre termina com homem preso \u2014 Foto: PRF\/Divulga\u00e7\u00e3o <\/p>\n<\/p><\/div>\n<div data-block-type=\"raw\" data-block-weight=\"5\" id=\"chunk-4eabb\">\n<p><h2>V\u00cdDEOS: Tudo sobre o RS<\/h2>\n<\/p><\/div>\n<\/p><\/div>\n","protected":false},"excerpt":{"rendered":"<p>A Pol\u00edcia Rodovi\u00e1ria Federal (PRF) prendeu, na tarde desta quinta-feira (23), um homem por tr\u00e1fico de drogas e tentativa de homic\u00eddio, ap\u00f3s fuga e atropelamento de um motociclista no centro&hellip;<\/p>\n","protected":false},"author":1,"featured_media":41442,"comment_status":"open","ping_status":"open","sticky":false,"template":"","format":"standard","meta":{"footnotes":""},"categories":[6],"tags":[],"class_list":["post-41441","post","type-post","status-publish","format-standard","has-post-thumbnail","hentry","category-regiao"],"_links":{"self":[{"href":"https:\/\/radioultimapalavra.amelhor.net\/site\/wp-json\/wp\/v2\/posts\/41441","targetHints":{"allow":["GET"]}}],"collection":[{"href":"https:\/\/radioultimapalavra.amelhor.net\/site\/wp-json\/wp\/v2\/posts"}],"about":[{"href":"https:\/\/radioultimapalavra.amelhor.net\/site\/wp-json\/wp\/v2\/types\/post"}],"author":[{"embeddable":true,"href":"https:\/\/radioultimapalavra.amelhor.net\/site\/wp-json\/wp\/v2\/users\/1"}],"replies":[{"embeddable":true,"href":"https:\/\/radioultimapalavra.amelhor.net\/site\/wp-json\/wp\/v2\/comments?post=41441"}],"version-history":[{"count":0,"href":"https:\/\/radioultimapalavra.amelhor.net\/site\/wp-json\/wp\/v2\/posts\/41441\/revisions"}],"wp:featuredmedia":[{"embeddable":true,"href":"https:\/\/radioultimapalavra.amelhor.net\/site\/wp-json\/wp\/v2\/media\/41442"}],"wp:attachment":[{"href":"https:\/\/radioultimapalavra.amelhor.net\/site\/wp-json\/wp\/v2\/media?parent=41441"}],"wp:term":[{"taxonomy":"category","embeddable":true,"href":"https:\/\/radioultimapalavra.amelhor.net\/site\/wp-json\/wp\/v2\/categories?post=41441"},{"taxonomy":"post_tag","embeddable":true,"href":"https:\/\/radioultimapalavra.amelhor.net\/site\/wp-json\/wp\/v2\/tags?post=41441"}],"curies":[{"name":"wp","href":"https:\/\/api.w.org\/{rel}","templated":true}]}}