{"id":41445,"date":"2026-04-23T19:33:01","date_gmt":"2026-04-23T22:33:01","guid":{"rendered":"https:\/\/radioultimapalavra.amelhor.net\/site\/temporal-no-rs-caminhao-tomba-com-a-forca-de-vento-em-estrada-quedas-de-arvores-e-casas-destelhadas-tambem-foram-registradas\/"},"modified":"2026-04-23T19:33:01","modified_gmt":"2026-04-23T22:33:01","slug":"temporal-no-rs-caminhao-tomba-com-a-forca-de-vento-em-estrada-quedas-de-arvores-e-casas-destelhadas-tambem-foram-registradas","status":"publish","type":"post","link":"https:\/\/radioultimapalavra.amelhor.net\/site\/temporal-no-rs-caminhao-tomba-com-a-forca-de-vento-em-estrada-quedas-de-arvores-e-casas-destelhadas-tambem-foram-registradas\/","title":{"rendered":"Temporal no RS: caminh\u00e3o tomba com a for\u00e7a de vento em estrada; quedas de \u00e1rvores e casas destelhadas tamb\u00e9m foram registradas"},"content":{"rendered":"<div id=\"chunk-9ld8s\">\n<p data-track-category=\"Link no Texto\" data-track-links> Um <strong>forte temporal<\/strong> atingiu a Regi\u00e3o Norte do Rio Grande do Sul no final da manh\u00e3 desta quinta-feira (23). Fortes ventos e chuva causaram estragos, incluindo o <span>destelhamento de casas, queda de constru\u00e7\u00f5es e um caminh\u00e3o tombado<\/span>. <em>Veja foto abaixo<\/em>. <\/p>\n<\/p><\/div>\n<div>\n<div id=\"chunk-5ga7v\">\n<p data-track-category=\"Link no Texto\" data-track-links> Em Cruz Alta, no noroeste ga\u00facho, um <strong>caminh\u00e3o tombou pela for\u00e7a do vento<\/strong>. O Corpo de Bombeiros e a Defesa Civil atenderam a ocorr\u00eancia por volta das 11h, na RS-481, trecho que liga o munic\u00edpio a Salto do Jacu\u00ed. <\/p>\n<\/p><\/div>\n<div id=\"chunk-ken0\">\n<p data-track-category=\"Link no Texto\" data-track-links> As <span>autoridades confirmaram que o ve\u00edculo estava carregado<\/span>, mas apesar do ocorrido, <strong>ningu\u00e9m ficou ferido<\/strong>. Tamb\u00e9m na regi\u00e3o, entre Cruz Alta e J\u00falio de Castilhos, a queda de uma \u00e1rvore na altura do km 204 da BR-158 <strong>interrompeu o tr\u00e2nsito por tr\u00eas horas durante a manh\u00e3<\/strong>. <\/p>\n<\/p><\/div>\n<div id=\"chunk-2l07u\">\n<p data-track-category=\"Link no Texto\" data-track-links> O bloqueio total gerou filas de 5 quil\u00f4metros at\u00e9 a libera\u00e7\u00e3o da pista, por volta das 13h, ap\u00f3s o Corpo de Bombeiros utilizar uma retroescavadeira para limpar a via. <\/p>\n<\/p><\/div>\n<div id=\"chunk-53beg\">\n<p data-track-category=\"Link no Texto\" data-track-links> O <strong>munic\u00edpio de <\/strong>Selbach<strong>, no Alto do Jacu\u00ed, foi severamente atingido<\/strong>. A cidade registrou a <span>queda de diversas constru\u00e7\u00f5es, atingindo ve\u00edculos<\/span> <em>(veja no v\u00eddeo)<\/em>. N\u00e3o h\u00e1 informa\u00e7\u00f5es sobre feriados no local. <\/p>\n<\/p><\/div>\n<div id=\"chunk-9714d\">\n<p data-track-category=\"Link no Texto\" data-track-links> Na RS-223, pr\u00f3xima ao munic\u00edpio, o tr\u00e2nsito flui com restri\u00e7\u00f5es logo ap\u00f3s o trevo, onde equipes realizam o corte de \u00e1rvores que ca\u00edram sobre a rodovia. <\/p>\n<\/p><\/div>\n<div id=\"chunk-a0415\">\n<p data-track-category=\"Link no Texto\" data-track-links> Em Ibirub\u00e1, os bombeiros atenderam <strong>quatro ocorr\u00eancias de queda de \u00e1rvores<\/strong>, com registros tamb\u00e9m na RS-223 e no bairro Odila. <\/p>\n<\/p><\/div>\n<div id=\"chunk-b1ami\">\n<p data-track-category=\"Link no Texto\" data-track-links> As cidades de Espumoso e Tapera registraram fortes <span>rajadas de vento e queda de postes<\/span> por volta das 11h, na RS-332, que liga as duas cidades. Tapera tamb\u00e9m registrou <strong>queda de granizo<\/strong>. <\/p>\n<\/p><\/div>\n<div id=\"chunk-5ivmo\">\n<p data-track-category=\"Link no Texto\" data-track-links> O Comando Rodovi\u00e1rio da Brigada Militar (CRBM) e os bombeiros orientam os motoristas a redobrarem a aten\u00e7\u00e3o devido aos restos de vegeta\u00e7\u00e3o nas pistas e ao risco de novos incidentes clim\u00e1ticos. <\/p>\n<\/p><\/div>\n<div data-block-type=\"backstage-photo\" id=\"chunk-c4i0a\">\n<p> Forte temporal causa estragos no Norte do RS \u2014 Foto: Fernando Kopper\/Not\u00edcias RS <\/p>\n<\/p><\/div>\n<div data-block-type=\"backstage-photo\" id=\"chunk-97jk3\">\n<p> Caminh\u00e3o tomba com a for\u00e7a do vento no Norte do RS \u2014 Foto: Fernando Kopper\/Not\u00edcias RS <\/p>\n<\/p><\/div>\n<\/p><\/div>\n","protected":false},"excerpt":{"rendered":"<p>Um forte temporal atingiu a Regi\u00e3o Norte do Rio Grande do Sul no final da manh\u00e3 desta quinta-feira (23). Fortes ventos e chuva causaram estragos, incluindo o destelhamento de casas,&hellip;<\/p>\n","protected":false},"author":1,"featured_media":41446,"comment_status":"open","ping_status":"open","sticky":false,"template":"","format":"standard","meta":{"footnotes":""},"categories":[6],"tags":[],"class_list":["post-41445","post","type-post","status-publish","format-standard","has-post-thumbnail","hentry","category-regiao"],"_links":{"self":[{"href":"https:\/\/radioultimapalavra.amelhor.net\/site\/wp-json\/wp\/v2\/posts\/41445","targetHints":{"allow":["GET"]}}],"collection":[{"href":"https:\/\/radioultimapalavra.amelhor.net\/site\/wp-json\/wp\/v2\/posts"}],"about":[{"href":"https:\/\/radioultimapalavra.amelhor.net\/site\/wp-json\/wp\/v2\/types\/post"}],"author":[{"embeddable":true,"href":"https:\/\/radioultimapalavra.amelhor.net\/site\/wp-json\/wp\/v2\/users\/1"}],"replies":[{"embeddable":true,"href":"https:\/\/radioultimapalavra.amelhor.net\/site\/wp-json\/wp\/v2\/comments?post=41445"}],"version-history":[{"count":0,"href":"https:\/\/radioultimapalavra.amelhor.net\/site\/wp-json\/wp\/v2\/posts\/41445\/revisions"}],"wp:featuredmedia":[{"embeddable":true,"href":"https:\/\/radioultimapalavra.amelhor.net\/site\/wp-json\/wp\/v2\/media\/41446"}],"wp:attachment":[{"href":"https:\/\/radioultimapalavra.amelhor.net\/site\/wp-json\/wp\/v2\/media?parent=41445"}],"wp:term":[{"taxonomy":"category","embeddable":true,"href":"https:\/\/radioultimapalavra.amelhor.net\/site\/wp-json\/wp\/v2\/categories?post=41445"},{"taxonomy":"post_tag","embeddable":true,"href":"https:\/\/radioultimapalavra.amelhor.net\/site\/wp-json\/wp\/v2\/tags?post=41445"}],"curies":[{"name":"wp","href":"https:\/\/api.w.org\/{rel}","templated":true}]}}