{"id":41447,"date":"2026-04-23T19:33:00","date_gmt":"2026-04-23T22:33:00","guid":{"rendered":"https:\/\/radioultimapalavra.amelhor.net\/site\/suspeito-de-matar-colega-de-trabalho-a-tiros-apos-briga-dentro-da-empresa-e-procurado-pela-policia-no-rs\/"},"modified":"2026-04-23T19:33:00","modified_gmt":"2026-04-23T22:33:00","slug":"suspeito-de-matar-colega-de-trabalho-a-tiros-apos-briga-dentro-da-empresa-e-procurado-pela-policia-no-rs","status":"publish","type":"post","link":"https:\/\/radioultimapalavra.amelhor.net\/site\/suspeito-de-matar-colega-de-trabalho-a-tiros-apos-briga-dentro-da-empresa-e-procurado-pela-policia-no-rs\/","title":{"rendered":"Suspeito de matar colega de trabalho a tiros ap\u00f3s briga dentro da empresa \u00e9 procurado pela pol\u00edcia no RS"},"content":{"rendered":"<div id=\"chunk-8o8n9\">\n<p data-track-category=\"Link no Texto\" data-track-links> Um homem \u00e9 suspeito de <strong>matar a tiros um colega de trabalho<\/strong> de 38 anos em Igrejinha, na Regi\u00e3o Metropolitana de Porto Alegre. O crime aconteceu h\u00e1 duas semanas, no \u00faltimo dia 10, poucas horas depois de uma <strong>briga entre os dois dentro da empresa onde trabalhavam<\/strong>. <em>Veja v\u00eddeo acima.<\/em> <\/p>\n<\/p><\/div>\n<div>\n<div id=\"chunk-a59st\">\n<p data-track-category=\"Link no Texto\" data-track-links> O suspeito foi identificado como <strong>Edson de Lima Rodrigues<\/strong>, de 33 anos, e est\u00e1 sendo <strong>procurado <\/strong>pela pol\u00edcia. <\/p>\n<\/p><\/div>\n<div id=\"chunk-2cp8q\">\n<p data-track-category=\"Link no Texto\" data-track-links> De acordo com a investiga\u00e7\u00e3o, a confus\u00e3o teria come\u00e7ado durante o expediente, depois que <strong>o suspeito teria derrubado um copo de \u00e1gua sobre a v\u00edtima, Oldair Antonio Correa<\/strong>. Na sequ\u00eancia, a discuss\u00e3o teria evolu\u00eddo para <strong>agress\u00f5es f\u00edsicas entre os dois<\/strong>. Ap\u00f3s o epis\u00f3dio, <span>Rodrigues teria sido dispensado e deixado o local, sem retornar ao servi\u00e7o<\/span>. <\/p>\n<\/p><\/div>\n<div id=\"chunk-6copv\">\n<p data-track-category=\"Link no Texto\" data-track-links> A Delegacia de Pol\u00edcia de Igrejinha obteve imagens da briga ocorrida no ambiente de trabalho e identificou todos os envolvidos. <\/p>\n<\/p><\/div>\n<div id=\"chunk-askit\">\n<p data-track-category=\"Link no Texto\" data-track-links> Ainda conforme a investiga\u00e7\u00e3o, por volta das 21h50 do mesmo dia, ele teria ido at\u00e9 a casa da v\u00edtima em uma motocicleta, acompanhado de outro homem. Os dois teriam entrado \u00e0 for\u00e7a na resid\u00eancia e, segundo testemunhas, <span>Rodrigues teria efetuado disparos com uma pistola calibre 9 mil\u00edmetros contra o colega de trabalho<\/span>, que morreu no local. <\/p>\n<\/p><\/div>\n<div id=\"chunk-etebs\">\n<p data-track-category=\"Link no Texto\" data-track-links> O crime teria acontecido <span>na frente da esposa de Correa e da filha adolescente, de 15 anos<\/span>. <\/p>\n<\/p><\/div>\n<div id=\"chunk-btvqj\">\n<p data-track-category=\"Link no Texto\" data-track-links> A Justi\u00e7a decretou a <strong>pris\u00e3o preventiva do suspeito<\/strong> de ter acompanhado o autor dos disparos. Ele foi preso no dia 13. No mesmo dia, a Pol\u00edcia Civil localizou e apreendeu a motocicleta registrada em nome do investigado, que teria sido usada no deslocamento at\u00e9 a casa da v\u00edtima. <\/p>\n<\/p><\/div>\n<div id=\"chunk-8fpg8\">\n<p data-track-category=\"Link no Texto\" data-track-links> As buscas agora se concentram na localiza\u00e7\u00e3o do principal suspeito, que segue foragido. <\/p>\n<\/p><\/div>\n<div data-block-type=\"backstage-photo\" id=\"chunk-91d8k\">\n<p> Edson de Lima Rodrigues \u00e9 suspeito de matar colega de trabalho em Igrejinha \u2014 Foto: Divulga\u00e7\u00e3o\/ Pol\u00edcia Civil <\/p>\n<\/p><\/div>\n<div data-block-type=\"raw\" data-block-weight=\"5\" id=\"chunk-eocvr\">\n<p><h2>V\u00cdDEOS: Tudo sobre o RS<\/h2>\n<\/p><\/div>\n<\/p><\/div>\n","protected":false},"excerpt":{"rendered":"<p>Um homem \u00e9 suspeito de matar a tiros um colega de trabalho de 38 anos em Igrejinha, na Regi\u00e3o Metropolitana de Porto Alegre. O crime aconteceu h\u00e1 duas semanas, no&hellip;<\/p>\n","protected":false},"author":1,"featured_media":41448,"comment_status":"open","ping_status":"open","sticky":false,"template":"","format":"standard","meta":{"footnotes":""},"categories":[6],"tags":[],"class_list":["post-41447","post","type-post","status-publish","format-standard","has-post-thumbnail","hentry","category-regiao"],"_links":{"self":[{"href":"https:\/\/radioultimapalavra.amelhor.net\/site\/wp-json\/wp\/v2\/posts\/41447","targetHints":{"allow":["GET"]}}],"collection":[{"href":"https:\/\/radioultimapalavra.amelhor.net\/site\/wp-json\/wp\/v2\/posts"}],"about":[{"href":"https:\/\/radioultimapalavra.amelhor.net\/site\/wp-json\/wp\/v2\/types\/post"}],"author":[{"embeddable":true,"href":"https:\/\/radioultimapalavra.amelhor.net\/site\/wp-json\/wp\/v2\/users\/1"}],"replies":[{"embeddable":true,"href":"https:\/\/radioultimapalavra.amelhor.net\/site\/wp-json\/wp\/v2\/comments?post=41447"}],"version-history":[{"count":0,"href":"https:\/\/radioultimapalavra.amelhor.net\/site\/wp-json\/wp\/v2\/posts\/41447\/revisions"}],"wp:featuredmedia":[{"embeddable":true,"href":"https:\/\/radioultimapalavra.amelhor.net\/site\/wp-json\/wp\/v2\/media\/41448"}],"wp:attachment":[{"href":"https:\/\/radioultimapalavra.amelhor.net\/site\/wp-json\/wp\/v2\/media?parent=41447"}],"wp:term":[{"taxonomy":"category","embeddable":true,"href":"https:\/\/radioultimapalavra.amelhor.net\/site\/wp-json\/wp\/v2\/categories?post=41447"},{"taxonomy":"post_tag","embeddable":true,"href":"https:\/\/radioultimapalavra.amelhor.net\/site\/wp-json\/wp\/v2\/tags?post=41447"}],"curies":[{"name":"wp","href":"https:\/\/api.w.org\/{rel}","templated":true}]}}