{"id":41449,"date":"2026-04-24T01:25:26","date_gmt":"2026-04-24T04:25:26","guid":{"rendered":"https:\/\/radioultimapalavra.amelhor.net\/site\/uti-neonatal-segue-interditada-apos-deteccao-de-superbacteria-em-porto-alegre-um-bebe-prematuro-morreu\/"},"modified":"2026-04-24T01:25:26","modified_gmt":"2026-04-24T04:25:26","slug":"uti-neonatal-segue-interditada-apos-deteccao-de-superbacteria-em-porto-alegre-um-bebe-prematuro-morreu","status":"publish","type":"post","link":"https:\/\/radioultimapalavra.amelhor.net\/site\/uti-neonatal-segue-interditada-apos-deteccao-de-superbacteria-em-porto-alegre-um-bebe-prematuro-morreu\/","title":{"rendered":"UTI neonatal segue interditada ap\u00f3s detec\u00e7\u00e3o de superbact\u00e9ria em Porto Alegre; um beb\u00ea prematuro morreu"},"content":{"rendered":"<div>\n<div id=\"chunk-433es\">\n<p data-track-category=\"Link no Texto\" data-track-links> A bact\u00e9ria identificada \u00e9 a <strong><em>Acinetobacter baumannii<\/em><\/strong>, segundo o GHC. Em 2024, ela foi <span>considerada uma das mais perigosas do mundo<\/span> pela Organiza\u00e7\u00e3o Mundial da Sa\u00fade (OMS). <em>Saiba mais abaixo.<\/em> <\/p>\n<\/p><\/div>\n<div id=\"chunk-dvcqc\">\n<p data-track-category=\"Link no Texto\" data-track-links> <em>\ud83d\udd0e A cepa identificada \u00e9 multirresistente, <\/em><strong><em>por\u00e9m sens\u00edvel aos antibi\u00f3ticos j\u00e1 em uso<\/em><\/strong><em>. N\u00e3o se trata de uma bact\u00e9ria pan-resistente.<\/em> <\/p>\n<\/p><\/div>\n<div id=\"chunk-2ekan\">\n<p data-track-category=\"Link no Texto\" data-track-links> De acordo com o Grupo Hospitalar Concei\u00e7\u00e3o (GHC), em uma das \u00e1reas da UTI havia<strong> 15 rec\u00e9m-nascidos distribu\u00eddos entre as salas 0, 1 e 2.<\/strong> O beb\u00ea que n\u00e3o resistiu \u00e0 bact\u00e9ria estava internado na <strong>sala 1<\/strong>. Os outros 14 foram testados, <span>e tr\u00eas, todos da sala 1, tamb\u00e9m tiveram resultado positivo<\/span>. <\/p>\n<\/p><\/div>\n<div id=\"chunk-7ttbc\">\n<p data-track-category=\"Link no Texto\" data-track-links> Outros dois, <strong>da mesma sala<\/strong>, seguem em monitoramento, aguardando o resultado dos exames. Os outros testaram negativo. <span>Os pacientes com resultado positivo permanecem internados, em estado est\u00e1vel, em tratamento com antibi\u00f3ticos e sob isolamento, com equipe assistencial exclusiva.<\/span> <\/p>\n<\/p><\/div>\n<div id=\"chunk-5j19j\">\n<p data-track-category=\"Link no Texto\" data-track-links> De acordo com o hospital, a situa\u00e7\u00e3o est\u00e1 sob controle, sem ind\u00edcios de dissemina\u00e7\u00e3o. <strong>O restante do hospital segue operando normalmente. &#8220;<\/strong>A reabertura da UTI Neonatal ser\u00e1 definida em conjunto com a Vigil\u00e2ncia em Sa\u00fade e a Secretaria Municipal de Sa\u00fade, conforme a evolu\u00e7\u00e3o dos pacientes e dos resultados dos exames&#8221;, afirmou, em nota. <\/p>\n<\/p><\/div>\n<div id=\"chunk-95aht\">\n<p data-track-category=\"Link no Texto\" data-track-links> A <strong>Acinetobacter baumannii<\/strong>, bact\u00e9ria detectada no hospital do RS, foi listada pela Organiza\u00e7\u00e3o Mundial da Sa\u00fade (OMS) em 2024 como <span>uma das bact\u00e9rias mais perigosas do mundo<\/span>. <\/p>\n<\/p><\/div>\n<div id=\"chunk-drkn9\">\n<p data-track-category=\"Link no Texto\" data-track-links> A OMS classifica as bact\u00e9rias como perigosas com base em v\u00e1rios crit\u00e9rios: <\/p>\n<\/p><\/div>\n<div data-block-type=\"raw\" data-block-weight=\"22\" id=\"chunk-bmjql\">\n<ul>\n<li>Taxas de mortalidade<\/li>\n<li>Incid\u00eancia (n\u00famero de infec\u00e7\u00f5es)<\/li>\n<li>Impacto na sa\u00fade<\/li>\n<li>Desenvolvimento de resist\u00eancia<\/li>\n<li>Transmissibilidade<\/li>\n<li>Evitabilidade<\/li>\n<li>Op\u00e7\u00f5es de tratamento<\/li>\n<li>Desenvolvimento de novos medicamentos<\/li>\n<\/ul><\/div>\n<div id=\"chunk-errue\">\n<p data-track-category=\"Link no Texto\" data-track-links> A <em>Acinetobacter baumannii <\/em>\u00e9 descrita como um &#8220;<span>pat\u00f3geno bacteriano oportunista emergente<\/span>&#8221; associado a infec\u00e7\u00f5es hospitalares. <\/p>\n<\/p><\/div>\n<div id=\"chunk-5ib59\">\n<p data-track-category=\"Link no Texto\" data-track-links> O risco de infec\u00e7\u00e3o aumenta conforme o tempo em que os pacientes permanecem hospitalizados. Pessoas com sistemas imunol\u00f3gicos vulner\u00e1veis est\u00e3o particularmente em risco. A A<em>cinetobacter baumannii <\/em>tamb\u00e9m \u00e9 resistente aos carbapen\u00eamicos. <\/p>\n<\/p><\/div>\n<div data-block-type=\"raw\" data-block-weight=\"30\" id=\"chunk-flnvt\">\n<ul>\n<li>\ud83d\udc8a <span>Carbapen\u00eamicos <\/span>s\u00e3o os chamados <strong>antibi\u00f3ticos de reserva<\/strong>, que s\u00e3o utilizados somente em \u00faltimo caso, quando n\u00e3o h\u00e1 outra alternativa. O uso indiscriminado destes antibi\u00f3ticos promove o desenvolvimento de resist\u00eancia.<\/li>\n<\/ul><\/div>\n<div data-block-type=\"raw\" data-block-weight=\"5\" id=\"chunk-ffm0k\">\n<p><h2>O que diz o GHC<\/h2>\n<\/p><\/div>\n<div id=\"chunk-d1a74\">\n<p data-track-category=\"Link no Texto\" data-track-links> <em>&#8220;O Grupo Hospitalar Concei\u00e7\u00e3o (GHC) atualizou, nesta quinta-feira (23), a situa\u00e7\u00e3o da UTI Neonatal do Hospital F\u00eamina, em Porto Alegre, ap\u00f3s a detec\u00e7\u00e3o da bact\u00e9ria Acinetobacter baumannii no \u00faltimo dia 16 de abril. Na ocasi\u00e3o, 34 beb\u00eas estavam internados na unidade, que abrange diferentes \u00e1reas.<\/em> <\/p>\n<\/p><\/div>\n<div id=\"chunk-ciisl\">\n<p data-track-category=\"Link no Texto\" data-track-links> <em>Em uma dessas \u00e1reas, havia 15 rec\u00e9m-nascidos distribu\u00eddos entre as salas 0, 1 e 2. Um dos beb\u00eas, internado na sala 1, apresentou resultado positivo para Acinetobacter baumannii em hemocultura e veio a \u00f3bito. Os outros 14 foram testados, e tr\u00eas \u2013 todos da sala 1 \u2013 tamb\u00e9m tiveram resultado positivo. Outros dois, da mesma sala 1, seguem em monitoramento, aguardando o resultado dos exames. Os demais, das salas 0 e 2, tiveram resultados negativos e foram liberados.<\/em> <\/p>\n<\/p><\/div>\n<div id=\"chunk-51m0g\">\n<p data-track-category=\"Link no Texto\" data-track-links> <em>Os pacientes com resultado positivo permanecem internados, em estado est\u00e1vel, em tratamento com antibi\u00f3ticos e sob isolamento, com equipe assistencial exclusiva.<\/em> <\/p>\n<\/p><\/div>\n<div id=\"chunk-9mo83\">\n<p data-track-category=\"Link no Texto\" data-track-links> <em>A cepa identificada \u00e9 multirresistente, por\u00e9m sens\u00edvel aos antibi\u00f3ticos j\u00e1 em uso. N\u00e3o se trata de uma bact\u00e9ria pan-resistente. Desde a confirma\u00e7\u00e3o do caso, o hospital suspendeu temporariamente novas interna\u00e7\u00f5es na UTI Neonatal, notificou os \u00f3rg\u00e3os de sa\u00fade e reorganizou a assist\u00eancia em \u00e1reas separadas, com equipes exclusivas, al\u00e9m de refor\u00e7ar os protocolos de controle de infec\u00e7\u00e3o. N\u00e3o houve registro de novos casos, e a situa\u00e7\u00e3o est\u00e1 sob controle, sem ind\u00edcios de dissemina\u00e7\u00e3o. O restante do hospital segue operando normalmente. A reabertura da UTI Neonatal ser\u00e1 definida em conjunto com a Vigil\u00e2ncia em Sa\u00fade e a Secretaria Municipal de Sa\u00fade, conforme a evolu\u00e7\u00e3o dos pacientes e dos resultados dos exames.&#8221;<\/em> <\/p>\n<\/p><\/div>\n<div data-block-type=\"raw\" data-block-weight=\"5\" id=\"chunk-cvadh\">\n<p><h2>O que diz a SMS<\/h2>\n<\/p><\/div>\n<div id=\"chunk-16soj\">\n<p data-track-category=\"Link no Texto\" data-track-links> <em>&#8220;A Secretaria Municipal de Sa\u00fade (SMS) de Porto Alegre acompanha a execu\u00e7\u00e3o dos protocolos de controle sanit\u00e1rio na UTI Neonatal do Hospital F\u00eamina e est\u00e1 apoiando, atrav\u00e9s do SAMU e da Regula\u00e7\u00e3o Municipal, o redirecionamento de gestantes de 20-35 semanas para as demais maternidades da capital, garantindo a continuidade do atendimento. Por medida de seguran\u00e7a e monitoramento de rotina, novas admiss\u00f5es na unidade est\u00e3o temporariamente suspensas.&#8221;<\/em> <\/p>\n<\/p><\/div>\n<div data-block-type=\"backstage-photo\" id=\"chunk-9423a\">\n<p> Hospital F\u00eamina fecha UTI neonatal ap\u00f3s surto de superbact\u00e9ria \u2014 Foto: Reprodu\u00e7\u00e3o\/ RBS TV <\/p>\n<\/p><\/div>\n<div data-block-type=\"raw\" data-block-weight=\"5\" id=\"chunk-4eabb\">\n<p><h2>V\u00cdDEOS: Tudo sobre o RS<\/h2>\n<\/p><\/div>\n<\/p><\/div>\n","protected":false},"excerpt":{"rendered":"<p>A bact\u00e9ria identificada \u00e9 a Acinetobacter baumannii, segundo o GHC. Em 2024, ela foi considerada uma das mais perigosas do mundo pela Organiza\u00e7\u00e3o Mundial da Sa\u00fade (OMS). Saiba mais abaixo.&hellip;<\/p>\n","protected":false},"author":1,"featured_media":41450,"comment_status":"open","ping_status":"open","sticky":false,"template":"","format":"standard","meta":{"footnotes":""},"categories":[6],"tags":[],"class_list":["post-41449","post","type-post","status-publish","format-standard","has-post-thumbnail","hentry","category-regiao"],"_links":{"self":[{"href":"https:\/\/radioultimapalavra.amelhor.net\/site\/wp-json\/wp\/v2\/posts\/41449","targetHints":{"allow":["GET"]}}],"collection":[{"href":"https:\/\/radioultimapalavra.amelhor.net\/site\/wp-json\/wp\/v2\/posts"}],"about":[{"href":"https:\/\/radioultimapalavra.amelhor.net\/site\/wp-json\/wp\/v2\/types\/post"}],"author":[{"embeddable":true,"href":"https:\/\/radioultimapalavra.amelhor.net\/site\/wp-json\/wp\/v2\/users\/1"}],"replies":[{"embeddable":true,"href":"https:\/\/radioultimapalavra.amelhor.net\/site\/wp-json\/wp\/v2\/comments?post=41449"}],"version-history":[{"count":0,"href":"https:\/\/radioultimapalavra.amelhor.net\/site\/wp-json\/wp\/v2\/posts\/41449\/revisions"}],"wp:featuredmedia":[{"embeddable":true,"href":"https:\/\/radioultimapalavra.amelhor.net\/site\/wp-json\/wp\/v2\/media\/41450"}],"wp:attachment":[{"href":"https:\/\/radioultimapalavra.amelhor.net\/site\/wp-json\/wp\/v2\/media?parent=41449"}],"wp:term":[{"taxonomy":"category","embeddable":true,"href":"https:\/\/radioultimapalavra.amelhor.net\/site\/wp-json\/wp\/v2\/categories?post=41449"},{"taxonomy":"post_tag","embeddable":true,"href":"https:\/\/radioultimapalavra.amelhor.net\/site\/wp-json\/wp\/v2\/tags?post=41449"}],"curies":[{"name":"wp","href":"https:\/\/api.w.org\/{rel}","templated":true}]}}