{"id":41459,"date":"2026-04-24T11:32:41","date_gmt":"2026-04-24T14:32:41","guid":{"rendered":"https:\/\/radioultimapalavra.amelhor.net\/site\/missa-as-escuras-furto-de-fios-deixa-catedral-de-pelotas-com-iluminacao-comprometida\/"},"modified":"2026-04-24T11:32:41","modified_gmt":"2026-04-24T14:32:41","slug":"missa-as-escuras-furto-de-fios-deixa-catedral-de-pelotas-com-iluminacao-comprometida","status":"publish","type":"post","link":"https:\/\/radioultimapalavra.amelhor.net\/site\/missa-as-escuras-furto-de-fios-deixa-catedral-de-pelotas-com-iluminacao-comprometida\/","title":{"rendered":"Missa \u00e0s escuras: furto de fios deixa catedral de Pelotas com ilumina\u00e7\u00e3o comprometida"},"content":{"rendered":"<div itemscope itemtype=\"http:\/\/schema.org\/NewsArticle\">  <span itemprop=\"image\" itemscope itemtype=\"http:\/\/schema.org\/ImageObject\"> <meta itemprop=\"representativeOfPage\" content=\"true\"> <meta itemprop=\"url\" content=\"https:\/\/s2-g1.glbimg.com\/NZw9rs9bi9MHBxOvK7RgydfQZAY=\/1920x0\/filters:format(jpeg)\/https:\/\/i.s3.glbimg.com\/v1\/AUTH_59edd422c0c84a879bd37670ae4f538a\/internal_photos\/bs\/2026\/2\/A\/4dWM9tQymCj344GnzzDw\/g1-10-.jpg\"> <meta itemprop=\"width\" content=\"1920\"> <meta itemprop=\"height\" content=\"1080\"> <\/span>   <\/p>\n<div>\n<div>\n<p data-block-type=\"title\"> <meta itemprop=\"name\" content=\"Missa \u00e0s escuras: furto de fios deixa catedral de Pelotas com ilumina\u00e7\u00e3o comprometida\"> <\/p>\n<h2 itemprop=\"headline\">Missa \u00e0s escuras: furto de fios deixa catedral de Pelotas com ilumina\u00e7\u00e3o comprometida<\/h2>\n<\/p>\n<p> <meta itemprop=\"alternateName\" content=\"Criminosos levaram mais de 1,2 mil metros de cabos. Padre diz que n\u00e3o h\u00e1 previs\u00e3o para nova reforma por falta de recursos.\"> <\/p>\n<h2 itemprop=\"alternativeHeadline\">Criminosos levaram mais de 1,2 mil metros de cabos. Padre diz que n\u00e3o h\u00e1 previs\u00e3o para nova reforma por falta de recursos.<\/h2>\n<\/p><\/div>\n<hr>\n<div data-block-type=\"summary\">\n<details>\n<summary>  <\/summary>\n<div>\n<ul>\n<li>\n<div id=\"chunk-4mgss\">\n<p data-track-category=\"Link no Texto\" data-track-links> Catedral Metropolitana S\u00e3o Francisco de Paula, em Pelotas, est\u00e1 realizando missas com metade da igreja \u00e0s escuras. <\/p>\n<\/p><\/div>\n<\/li>\n<li>\n<div id=\"chunk-6q5gt\">\n<p data-track-category=\"Link no Texto\" data-track-links> Criminosos levaram mais de 1,2 mil metros de cabos de energia el\u00e9trica neste m\u00eas. <\/p>\n<\/p><\/div>\n<\/li>\n<li>\n<div id=\"chunk-5d70n\">\n<p data-track-category=\"Link no Texto\" data-track-links> De acordo com o p\u00e1roco da catedral, padre Wilson da Mota Fernandes, os furtos ocorreram ao longo dos \u00faltimos 20 dias. <\/p>\n<\/p><\/div>\n<\/li>\n<li>\n<div id=\"chunk-f51sc\">\n<p data-track-category=\"Link no Texto\" data-track-links> O preju\u00edzo estimado \u00e9 de cerca de R$ 15 mil. <\/p>\n<\/p><\/div>\n<\/li>\n<\/ul><\/div>\n<\/details><\/div>\n<\/p><\/div>\n<div>  <meta itemprop=\"isAccessibleForFree\" content=\"true\"> <\/p>\n<div data-block-type=\"backstage-video\" itemscope itemtype=\"http:\/\/schema.org\/VideoObject\" itemprop=\"video\" id=\"chunk-8v88o\"> <meta itemprop=\"name\" content=\"Missa \u00e0s escuras: furto de fios deixa catedral de Pelotas com ilumina\u00e7\u00e3o comprometida\"> <meta itemprop=\"thumbnailUrl\" content=\"https:\/\/s01.video.glbimg.com\/x240\/14553804.jpg\"> <meta itemprop=\"datePublished\" content=\"2026-04-24T09:24:06.128Z\"> <meta itemprop=\"uploadDate\" content=\"2026-04-24T09:24:06.128Z\"> <meta itemprop=\"contentUrl\" content=\"https:\/\/vodstreaming01.video.globo.com\/45\/92\/32\/14553804_32ba08b3f017880685dd486deae2f970c4c485ba\/14553804-360p_300k_h264-8134ead0-21f6-013f-b201-5e27451248eb.mp4\"> <\/p>\n<div> <meta itemprop=\"name\" content=\"Missa \u00e0s escuras: furto de fios deixa catedral de Pelotas com ilumina\u00e7\u00e3o comprometida\"> <meta itemprop=\"thumbnailUrl\" content=\"https:\/\/s01.video.glbimg.com\/x240\/14553804.jpg\"> <meta itemprop=\"datePublished\" content=\"2026-04-24T09:24:06.128Z\"> <meta itemprop=\"uploadDate\" content=\"2026-04-24T09:24:06.128Z\"> <meta itemprop=\"contentUrl\" content=\"https:\/\/vodstreaming01.video.globo.com\/45\/92\/32\/14553804_32ba08b3f017880685dd486deae2f970c4c485ba\/14553804-360p_300k_h264-8134ead0-21f6-013f-b201-5e27451248eb.mp4\">  <\/p>\n<div data-video-id=\"14553804\">\n<p><img decoding=\"async\" src=\"https:\/\/s01.video.glbimg.com\/x240\/14553804.jpg\" alt=\"Missa \u00e0s escuras: furto de fios deixa catedral de Pelotas com ilumina\u00e7\u00e3o comprometida\" title=\"Missa \u00e0s escuras: furto de fios deixa catedral de Pelotas com ilumina\u00e7\u00e3o comprometida\"><\/p>\n<p><bs-player videoid=\"14553804\" subscriber-only=\"false\" id=\"wp3-player-8v88o\" serviceid=\"151\" auth=\"false\" data-opt-mute adplacement=\"accompanying\" autoplay rounded><\/bs-player> <\/div>\n<\/p><\/div>\n<p itemprop=\"description\"> Missa \u00e0s escuras: furto de fios deixa catedral de Pelotas com ilumina\u00e7\u00e3o comprometida <\/p>\n<\/p><\/div>\n<div id=\"chunk-8nnih\">\n<p data-track-category=\"Link no Texto\" data-track-links> A <strong>Catedral Metropolitana S\u00e3o Francisco de Paula<\/strong>, em Pelotas, no Sul do Rio Grande do Sul, est\u00e1 realizando <span>missas com metade da igreja \u00e0s escuras ap\u00f3s uma s\u00e9rie de furtos de fios de energia el\u00e9trica<\/span> neste m\u00eas. <\/p>\n<\/p><\/div>\n<div>\n<div id=\"chunk-2inuo\">\n<p data-track-category=\"Link no Texto\" data-track-links> Os criminosos levaram mais de 1,2 mil metros de cabos. De acordo com o p\u00e1roco da catedral, padre Wilson da Mota Fernandes, os <strong>furtos ocorreram ao longo dos \u00faltimos 20 dias<\/strong>. No ano passado, a igreja j\u00e1 havia sido alvo desse tipo de crime. <\/p>\n<\/p><\/div>\n<div id=\"chunk-d09mr\">\n<p data-track-category=\"Link no Texto\" data-track-links> A \u00faltima reforma el\u00e9trica da igreja havia sido conclu\u00edda em dezembro. O valor foi arrecadado pela comunidade. <\/p>\n<\/p><\/div>\n<div data-block-type=\"raw\" data-block-weight=\"37\" id=\"chunk-31iuv\">\n<blockquote><p>&#8220;N\u00f3s gastamos mais de R$ 50 mil trocando todos os refletores, toda a fia\u00e7\u00e3o el\u00e9trica, fazendo as caixas novas de luz, porque tudo isso \u00e9 muito antigo. Ent\u00e3o \u00e9 uma demanda grande, porque \u00e9 um pr\u00e9dio grande.&#8221;<\/p><\/blockquote><\/div>\n<div id=\"chunk-cj28i\">\n<p data-track-category=\"Link no Texto\" data-track-links> O padre afirma que os furtos comprometem a realiza\u00e7\u00e3o das celebra\u00e7\u00f5es. O <span>preju\u00edzo estimado \u00e9 de cerca de R$ 15 mil<\/span>. Segundo o padre, ainda n\u00e3o h\u00e1 previs\u00e3o para o novo conserto, j\u00e1 que a comunidade n\u00e3o disp\u00f5e dos recursos necess\u00e1rios neste momento. <\/p>\n<\/p><\/div>\n<div id=\"chunk-90uu3\">\n<p data-track-category=\"Link no Texto\" data-track-links> O pr\u00e9dio, considerado patrim\u00f4nio hist\u00f3rico e art\u00edstico do Estado foi tombado pelo Instituto do Patrim\u00f4nio Hist\u00f3rico e Art\u00edstico Nacional (Iphan). Em 2025, a catedral passou por um processo de restaura\u00e7\u00e3o com investimento de mais de R$ 1 milh\u00e3o, atrav\u00e9s da Lei Rouanet. <\/p>\n<\/p><\/div>\n<div id=\"chunk-a28ep\">\n<p data-track-category=\"Link no Texto\" data-track-links> A Pol\u00edcia Civil investiga os furtos de fios na catedral. O <strong>g1<\/strong> procurou tamb\u00e9m a CEEE Equatorial, que disse que avalia a situa\u00e7\u00e3o e que faz a\u00e7\u00f5es conjuntas com a Brigada Militar e com a Pol\u00edcia Civil para combater esse tipo de crime. <\/p>\n<\/p><\/div>\n<div data-block-type=\"backstage-photo\" id=\"chunk-9ljdk\">\n<p> Missa \u00e0s escuras: furto de fios deixa catedral de Pelotas com ilumina\u00e7\u00e3o comprometida \u2014 Foto: Reprodu\u00e7\u00e3o\/RBS TV <\/p>\n<\/p><\/div>\n<div data-block-type=\"raw\" data-block-weight=\"5\" id=\"chunk-aosj1\">\n<p><h2>V\u00cdDEOS: Tudo sobre o RS<\/h2>\n<\/p><\/div>\n<\/p><\/div>\n<div id=\"newsletter-g1-modal__overlay\">\n<h3>Ops!<\/h3>\n<\/p><\/div>\n<\/p><\/div>\n<\/p><\/div>\n","protected":false},"excerpt":{"rendered":"<p>Missa \u00e0s escuras: furto de fios deixa catedral de Pelotas com ilumina\u00e7\u00e3o comprometida Criminosos levaram mais de 1,2 mil metros de cabos. Padre diz que n\u00e3o h\u00e1 previs\u00e3o para nova&hellip;<\/p>\n","protected":false},"author":1,"featured_media":41460,"comment_status":"open","ping_status":"open","sticky":false,"template":"","format":"standard","meta":{"footnotes":""},"categories":[6],"tags":[],"class_list":["post-41459","post","type-post","status-publish","format-standard","has-post-thumbnail","hentry","category-regiao"],"_links":{"self":[{"href":"https:\/\/radioultimapalavra.amelhor.net\/site\/wp-json\/wp\/v2\/posts\/41459","targetHints":{"allow":["GET"]}}],"collection":[{"href":"https:\/\/radioultimapalavra.amelhor.net\/site\/wp-json\/wp\/v2\/posts"}],"about":[{"href":"https:\/\/radioultimapalavra.amelhor.net\/site\/wp-json\/wp\/v2\/types\/post"}],"author":[{"embeddable":true,"href":"https:\/\/radioultimapalavra.amelhor.net\/site\/wp-json\/wp\/v2\/users\/1"}],"replies":[{"embeddable":true,"href":"https:\/\/radioultimapalavra.amelhor.net\/site\/wp-json\/wp\/v2\/comments?post=41459"}],"version-history":[{"count":0,"href":"https:\/\/radioultimapalavra.amelhor.net\/site\/wp-json\/wp\/v2\/posts\/41459\/revisions"}],"wp:featuredmedia":[{"embeddable":true,"href":"https:\/\/radioultimapalavra.amelhor.net\/site\/wp-json\/wp\/v2\/media\/41460"}],"wp:attachment":[{"href":"https:\/\/radioultimapalavra.amelhor.net\/site\/wp-json\/wp\/v2\/media?parent=41459"}],"wp:term":[{"taxonomy":"category","embeddable":true,"href":"https:\/\/radioultimapalavra.amelhor.net\/site\/wp-json\/wp\/v2\/categories?post=41459"},{"taxonomy":"post_tag","embeddable":true,"href":"https:\/\/radioultimapalavra.amelhor.net\/site\/wp-json\/wp\/v2\/tags?post=41459"}],"curies":[{"name":"wp","href":"https:\/\/api.w.org\/{rel}","templated":true}]}}