{"id":41461,"date":"2026-04-24T11:32:40","date_gmt":"2026-04-24T14:32:40","guid":{"rendered":"https:\/\/radioultimapalavra.amelhor.net\/site\/justica-nega-pedido-do-escola-sem-partido-e-mantem-lista-de-leituras-obrigatorias-da-ufrgs-associacao-alega-pedagio-ideologico\/"},"modified":"2026-04-24T11:32:40","modified_gmt":"2026-04-24T14:32:40","slug":"justica-nega-pedido-do-escola-sem-partido-e-mantem-lista-de-leituras-obrigatorias-da-ufrgs-associacao-alega-pedagio-ideologico","status":"publish","type":"post","link":"https:\/\/radioultimapalavra.amelhor.net\/site\/justica-nega-pedido-do-escola-sem-partido-e-mantem-lista-de-leituras-obrigatorias-da-ufrgs-associacao-alega-pedagio-ideologico\/","title":{"rendered":"Justi\u00e7a nega pedido do Escola Sem Partido e mant\u00e9m lista de leituras obrigat\u00f3rias da UFRGS; associa\u00e7\u00e3o alega &#8216;ped\u00e1gio ideol\u00f3gico&#8217;"},"content":{"rendered":"<div>\n<div id=\"chunk-dnell\">\n<p data-track-category=\"Link no Texto\" data-track-links> Cabe recurso da decis\u00e3o ao Tribunal Regional Federal da 4\u00aa Regi\u00e3o (TRF-4). <\/p>\n<\/p><\/div>\n<div id=\"chunk-9flm2\">\n<p data-track-category=\"Link no Texto\" data-track-links> Na a\u00e7\u00e3o civil p\u00fablica, a associa\u00e7\u00e3o argumentava que <strong>a exig\u00eancia de leitura de obras espec\u00edficas amea\u00e7ava &#8220;o direito \u00e0 inviolabilidade da liberdade de consci\u00eancia e de cren\u00e7a&#8221; <\/strong>dos candidatos. Segundo a entidade, a leitura poderia <span>&#8220;afetar consideravelmente o psiquismo do leitor&#8221; e estaria sendo usada como um &#8220;ped\u00e1gio ideol\u00f3gico de acesso \u00e0 universidade&#8221;<\/span>. <\/p>\n<\/p><\/div>\n<div id=\"chunk-3lqtu\">\n<p data-track-category=\"Link no Texto\" data-track-links> A associa\u00e7\u00e3o tamb\u00e9m alegou que <span>a escolha das obras n\u00e3o teria motiva\u00e7\u00e3o clara e que a pr\u00e1tica poderia promover autores por crit\u00e9rios como &#8220;etnia, ra\u00e7a, g\u00eanero e ideologia&#8221;, em vez de m\u00e9rito liter\u00e1rio<\/span>. O processo <strong>pedia a anula\u00e7\u00e3o das listas dos vestibulares de 2022 a 2025 e a proibi\u00e7\u00e3o de futuras exig\u00eancias<\/strong>, <span>al\u00e9m de uma indeniza\u00e7\u00e3o por danos morais aos estudantes.<\/span> <\/p>\n<\/p><\/div>\n<div id=\"chunk-borlq\">\n<p data-track-category=\"Link no Texto\" data-track-links> Em sua defesa, <span>a <\/span><span>UFRGS<\/span><span> argumentou que a escolha das obras \u00e9 uma prerrogativa de sua autonomia did\u00e1tico-cient\u00edfica, garantida pela Constitui\u00e7\u00e3o<\/span>. A universidade afirmou que a lista \u00e9 definida por consenso de uma comiss\u00e3o de docentes especializados e visa avaliar a capacidade de interpreta\u00e7\u00e3o e compreens\u00e3o textual dos candidatos, colocando todos em condi\u00e7\u00e3o de igualdade. <\/p>\n<\/p><\/div>\n<div id=\"chunk-fq6fi\">\n<p data-track-category=\"Link no Texto\" data-track-links> O Minist\u00e9rio P\u00fablico Federal (MPF) tamb\u00e9m se manifestou no processo, considerando o pedido &#8220;juridicamente imposs\u00edvel&#8221; e afirmando que a associa\u00e7\u00e3o pretendia &#8220;atingir fim il\u00edcito&#8221;. Para o MPF, a a\u00e7\u00e3o n\u00e3o buscava proteger, mas <strong>violar a &#8220;honra e dignidade de grupos raciais<\/strong>&#8220;, <span>em uma refer\u00eancia \u00e0 tentativa de eliminar livros como &#8220;O Avesso da Pele&#8221;, de Jeferson Ten\u00f3rio, que integra o Programa Nacional do Livro Did\u00e1tico.<\/span> <\/p>\n<\/p><\/div>\n<div id=\"chunk-augcm\">\n<p data-track-category=\"Link no Texto\" data-track-links> Ao julgar o caso, a ju\u00edza Paula Beck Bohn destacou que <span>n\u00e3o h\u00e1 uma obriga\u00e7\u00e3o real de leitura, uma vez que os candidatos podem optar por n\u00e3o prestar o vestibular da UFRGS<\/span>. <\/p>\n<\/p><\/div>\n<div data-block-type=\"raw\" data-block-weight=\"27\" id=\"chunk-ccpmv\">\n<blockquote><p>&#8220;Inexiste imposi\u00e7\u00e3o alguma \u00e0queles que desejam ingressar em institui\u00e7\u00e3o p\u00fablica de ensino superior, eis que muitas outras universidades, al\u00e9m da UFRGS, podem ser escolhidas&#8221;, afirmou na senten\u00e7a.<\/p><\/blockquote><\/div>\n<div id=\"chunk-4mp18\">\n<p data-track-category=\"Link no Texto\" data-track-links> A magistrada concluiu que a autonomia da universidade ampara o poder de exigir o conhecimento das obras. Segundo ela, a pr\u00e1tica busca <span>&#8220;fomentar o contato dos estudantes com diferentes manifesta\u00e7\u00f5es culturais e intelectuais, desafiando-os a expandirem seus horizontes e a exercitarem o senso cr\u00edtico&#8221;.<\/span> <\/p>\n<\/p><\/div>\n<div id=\"chunk-ed71v\">\n<p data-track-category=\"Link no Texto\" data-track-links> Bohn tamb\u00e9m afastou a<strong> alega\u00e7\u00e3o de viola\u00e7\u00e3o \u00e0 liberdade de consci\u00ean<\/strong>cia. <\/p>\n<\/p><\/div>\n<div data-block-type=\"raw\" data-block-weight=\"31\" id=\"chunk-32idd\">\n<blockquote><p>&#8220;A escolha de obras liter\u00e1rias para um processo seletivo n\u00e3o imp\u00f5e aos candidatos a ades\u00e3o a qualquer ideologia ou doutrina, mas sim a compreens\u00e3o e a an\u00e1lise do conte\u00fado proposto&#8221;, decidiu.<\/p><\/blockquote><\/div>\n<div data-block-type=\"raw\" data-block-weight=\"9\" id=\"chunk-8e37m\">\n<p><h2>Confira a lista de leituras para o Vestibular 2027<\/h2>\n<\/p><\/div>\n<div data-block-type=\"raw\" data-block-weight=\"84\" id=\"chunk-aeivv\">\n<ul>\n<li><strong>Quincas Borba <\/strong>\u2013 Machado de Assis<\/li>\n<li><strong>O Dem\u00f4nio Familiar <\/strong>\u2013 Jos\u00e9 de Alencar<\/li>\n<li><strong>Mrs. Dalloway <\/strong>\u2013 Virginia Woolf<\/li>\n<li><strong>A Vis\u00e3o das Plantas <\/strong>\u2013 Djaimilia Pereira de Almeida<\/li>\n<li><strong>Niketche: uma hist\u00f3ria de poligamia <\/strong>\u2013 Paulina Chiziane<\/li>\n<li><strong>O avesso da pele <\/strong>\u2013 Jeferson Ten\u00f3rio<\/li>\n<li><strong>Mas em que mundo tu vive <\/strong>\u2013 Jos\u00e9 Falero<\/li>\n<li><strong>Ideias para adiar o fim do mundo <\/strong>\u2013 Ailton Krenak<\/li>\n<li><strong>Macuna\u00edma <\/strong>\u2013 M\u00e1rio de Andrade<\/li>\n<li><strong>A f\u00faria <\/strong>\u2013 Silvina Ocampo<\/li>\n<li><strong>A teus p\u00e9s <\/strong>\u2013 Ana Cristina C\u00e9sar<\/li>\n<li><strong>Seleta de Can\u00e7\u00f5es <\/strong>\u2013 Lupic\u00ednio Rodrigues<\/li>\n<\/ul><\/div>\n<div data-block-type=\"backstage-photo\" id=\"chunk-5vfoi\">\n<p> Aluno realiza vestibular da UFRGS em Porto Alegre \u2014 Foto: Reprodu\u00e7\u00e3o\/RBS TV <\/p>\n<\/p><\/div>\n<div data-block-type=\"raw\" data-block-weight=\"5\" id=\"chunk-fac53\">\n<p><h2>V\u00cdDEOS: Tudo sobre o RS<\/h2>\n<\/p><\/div>\n<\/p><\/div>\n","protected":false},"excerpt":{"rendered":"<p>Cabe recurso da decis\u00e3o ao Tribunal Regional Federal da 4\u00aa Regi\u00e3o (TRF-4). Na a\u00e7\u00e3o civil p\u00fablica, a associa\u00e7\u00e3o argumentava que a exig\u00eancia de leitura de obras espec\u00edficas amea\u00e7ava &#8220;o direito&hellip;<\/p>\n","protected":false},"author":1,"featured_media":41462,"comment_status":"open","ping_status":"open","sticky":false,"template":"","format":"standard","meta":{"footnotes":""},"categories":[6],"tags":[],"class_list":["post-41461","post","type-post","status-publish","format-standard","has-post-thumbnail","hentry","category-regiao"],"_links":{"self":[{"href":"https:\/\/radioultimapalavra.amelhor.net\/site\/wp-json\/wp\/v2\/posts\/41461","targetHints":{"allow":["GET"]}}],"collection":[{"href":"https:\/\/radioultimapalavra.amelhor.net\/site\/wp-json\/wp\/v2\/posts"}],"about":[{"href":"https:\/\/radioultimapalavra.amelhor.net\/site\/wp-json\/wp\/v2\/types\/post"}],"author":[{"embeddable":true,"href":"https:\/\/radioultimapalavra.amelhor.net\/site\/wp-json\/wp\/v2\/users\/1"}],"replies":[{"embeddable":true,"href":"https:\/\/radioultimapalavra.amelhor.net\/site\/wp-json\/wp\/v2\/comments?post=41461"}],"version-history":[{"count":0,"href":"https:\/\/radioultimapalavra.amelhor.net\/site\/wp-json\/wp\/v2\/posts\/41461\/revisions"}],"wp:featuredmedia":[{"embeddable":true,"href":"https:\/\/radioultimapalavra.amelhor.net\/site\/wp-json\/wp\/v2\/media\/41462"}],"wp:attachment":[{"href":"https:\/\/radioultimapalavra.amelhor.net\/site\/wp-json\/wp\/v2\/media?parent=41461"}],"wp:term":[{"taxonomy":"category","embeddable":true,"href":"https:\/\/radioultimapalavra.amelhor.net\/site\/wp-json\/wp\/v2\/categories?post=41461"},{"taxonomy":"post_tag","embeddable":true,"href":"https:\/\/radioultimapalavra.amelhor.net\/site\/wp-json\/wp\/v2\/tags?post=41461"}],"curies":[{"name":"wp","href":"https:\/\/api.w.org\/{rel}","templated":true}]}}