{"id":41463,"date":"2026-04-24T16:34:16","date_gmt":"2026-04-24T19:34:16","guid":{"rendered":"https:\/\/radioultimapalavra.amelhor.net\/site\/homem-que-vendia-canetas-emagrecedoras-clandestinas-e-anabolizante-para-cavalo-nas-redes-sociais-e-preso-no-rs\/"},"modified":"2026-04-24T16:34:16","modified_gmt":"2026-04-24T19:34:16","slug":"homem-que-vendia-canetas-emagrecedoras-clandestinas-e-anabolizante-para-cavalo-nas-redes-sociais-e-preso-no-rs","status":"publish","type":"post","link":"https:\/\/radioultimapalavra.amelhor.net\/site\/homem-que-vendia-canetas-emagrecedoras-clandestinas-e-anabolizante-para-cavalo-nas-redes-sociais-e-preso-no-rs\/","title":{"rendered":"Homem que vendia canetas emagrecedoras clandestinas e anabolizante para cavalo nas redes sociais \u00e9 preso no RS"},"content":{"rendered":"<div itemscope itemtype=\"http:\/\/schema.org\/NewsArticle\">  <span itemprop=\"image\" itemscope itemtype=\"http:\/\/schema.org\/ImageObject\"> <meta itemprop=\"representativeOfPage\" content=\"true\"> <meta itemprop=\"url\" content=\"https:\/\/s2-g1.glbimg.com\/DWG8dXv1wC3Tr1nMGNwQ7GLFJyk=\/1920x0\/filters:format(jpeg)\/https:\/\/i.s3.glbimg.com\/v1\/AUTH_59edd422c0c84a879bd37670ae4f538a\/internal_photos\/bs\/2026\/h\/a\/U7cZt7RgqmAejlRA09Pw\/g1-2026-04-24t142911.500.jpg\"> <meta itemprop=\"width\" content=\"1920\"> <meta itemprop=\"height\" content=\"1080\"> <\/span>   <\/p>\n<div>\n<div>\n<p> <meta itemprop=\"alternateName\" content=\"Grupo investigado ainda comercializava anabolizantes para equinos. Pol\u00edcia apreendeu joias, pe\u00e7as em ouro e dinheiro em esp\u00e9cie. Marcas vendidas s\u00e3o proibidas pela Anvisa no Brasil.\"> <\/p>\n<h2 itemprop=\"alternativeHeadline\">Grupo investigado ainda comercializava anabolizantes para equinos. Pol\u00edcia apreendeu joias, pe\u00e7as em ouro e dinheiro em esp\u00e9cie. Marcas vendidas s\u00e3o proibidas pela Anvisa no Brasil.<\/h2>\n<\/p><\/div>\n<hr>\n<div data-block-type=\"summary\">\n<details>\n<summary>  <\/summary>\n<div>\n<ul>\n<li>\n<div id=\"chunk-d9b3u\">\n<p data-track-category=\"Link no Texto\" data-track-links> Um homem de 32 anos foi preso em flagrante nesta quinta-feira (23), em Canoas, na regi\u00e3o metropolitana de Porto Alegre, suspeito de vender ilegalmente medicamentos clandestinos para emagrecimento. <\/p>\n<\/p><\/div>\n<\/li>\n<li>\n<div id=\"chunk-1ivkv\">\n<p data-track-category=\"Link no Texto\" data-track-links> Al\u00e9m das \u201ccanetinhas emagrecedoras\u201d, foram apreendidas unidades de anabolizantes para equinos, com uso . <\/p>\n<\/p><\/div>\n<\/li>\n<li>\n<div id=\"chunk-cev4k\">\n<p data-track-category=\"Link no Texto\" data-track-links> O delegado Ayrton Figueiredo Martins Junior diz que as investiga\u00e7\u00f5es tiveram in\u00edcio ap\u00f3s den\u00fancias de venda desses rem\u00e9dios em Port\u00e3o, tamb\u00e9m na regi\u00e3o metropolitana, atrav\u00e9s de redes sociais, h\u00e1 quase dois meses, por um casal. <\/p>\n<\/p><\/div>\n<\/li>\n<li>\n<div id=\"chunk-5vomk\">\n<p data-track-category=\"Link no Texto\" data-track-links> Em an\u00fancio nas redes sociais, o suspeito ofertava ampolas de Tirzepatida da marca TG &#8211; proibida no pa\u00eds &#8211; por valores que iam de R$ 599 a R$ 1.100. <\/p>\n<\/p><\/div>\n<\/li>\n<\/ul><\/div>\n<\/details><\/div>\n<\/p><\/div>\n<div>  <meta itemprop=\"isAccessibleForFree\" content=\"true\"> <\/p>\n<div data-block-type=\"backstage-video\" itemscope itemtype=\"http:\/\/schema.org\/VideoObject\" itemprop=\"video\" id=\"chunk-8ca75\"> <meta itemprop=\"name\" content=\"Homem \u00e9 preso por vender canetas emagrecedoras clandestinas no RS\"> <meta itemprop=\"thumbnailUrl\" content=\"https:\/\/s02.video.glbimg.com\/x240\/14555493.jpg\"> <meta itemprop=\"datePublished\" content=\"2026-04-24T15:03:00.404Z\"> <meta itemprop=\"uploadDate\" content=\"2026-04-24T15:03:00.404Z\"> <meta itemprop=\"contentUrl\" content=\"https:\/\/vodstreaming01.video.globo.com\/44\/0d\/b8\/14555493_b804fd59097db8498e6cd419129e2f9f721cc8a2\/14555493-360p_300k_h264-9ccc5180-2231-013f-b209-5e27451248eb.mp4\"> <\/p>\n<div> <meta itemprop=\"name\" content=\"Homem \u00e9 preso por vender canetas emagrecedoras clandestinas no RS\"> <meta itemprop=\"thumbnailUrl\" content=\"https:\/\/s02.video.glbimg.com\/x240\/14555493.jpg\"> <meta itemprop=\"datePublished\" content=\"2026-04-24T15:03:00.404Z\"> <meta itemprop=\"uploadDate\" content=\"2026-04-24T15:03:00.404Z\"> <meta itemprop=\"contentUrl\" content=\"https:\/\/vodstreaming01.video.globo.com\/44\/0d\/b8\/14555493_b804fd59097db8498e6cd419129e2f9f721cc8a2\/14555493-360p_300k_h264-9ccc5180-2231-013f-b209-5e27451248eb.mp4\">  <\/p>\n<div data-video-id=\"14555493\">\n<p><img decoding=\"async\" src=\"https:\/\/s02.video.glbimg.com\/x240\/14555493.jpg\" alt=\"Homem \u00e9 preso por vender canetas emagrecedoras clandestinas no RS\" title=\"Homem \u00e9 preso por vender canetas emagrecedoras clandestinas no RS\"><\/p>\n<p><bs-player videoid=\"14555493\" subscriber-only=\"false\" id=\"wp3-player-8ca75\" serviceid=\"151\" auth=\"false\" data-opt-mute adplacement=\"accompanying\" autoplay rounded><\/bs-player> <\/div>\n<\/p><\/div>\n<p itemprop=\"description\"> Homem \u00e9 preso por vender canetas emagrecedoras clandestinas no RS <\/p>\n<\/p><\/div>\n<div id=\"chunk-ajo2g\">\n<p data-track-category=\"Link no Texto\" data-track-links> Um homem de 32 anos foi preso em flagrante nesta quinta-feira (23), em Canoas, na Regi\u00e3o Metropolitana de Porto Alegre, suspeito de <span>vender ilegalmente medicamentos para emagrecimento clandestinos<\/span>, ou seja, de marcas que <strong>n\u00e3o possuem registro <\/strong>na Ag\u00eancia Nacional de Vigil\u00e2ncia Sanit\u00e1ria (Anvisa) para comercializa\u00e7\u00e3o. <\/p>\n<\/p><\/div>\n<div>\n<div id=\"chunk-bvv5b\">\n<p data-track-category=\"Link no Texto\" data-track-links> Al\u00e9m das &#8220;canetas emagrecedoras&#8221;, foram apreendidas unidades de <strong>anabolizantes para equinos<\/strong>. <em>Veja a lista de produtos apreendidos abaixo<\/em>. <\/p>\n<\/p><\/div>\n<div id=\"chunk-5vt94\">\n<p data-track-category=\"Link no Texto\" data-track-links> O delegado Ayrton Figueiredo Martins Junior diz que as investiga\u00e7\u00f5es tiveram in\u00edcio ap\u00f3s den\u00fancias de venda desses rem\u00e9dios em Port\u00e3o, tamb\u00e9m na Regi\u00e3o Metropolitana, atrav\u00e9s de redes sociais, h\u00e1 quase dois meses, por um casal. <\/p>\n<\/p><\/div>\n<div data-block-type=\"raw\" data-block-weight=\"13\" id=\"chunk-e3c3q\">\n<blockquote><p>&#8220;O grupo fazia an\u00fancios chamativos e ostenta\u00e7\u00e3o de ganhos expressivos\u201d, explica o delegado. <\/p><\/blockquote><\/div>\n<div id=\"chunk-9fj0m\">\n<p data-track-category=\"Link no Texto\" data-track-links> Em an\u00fancio nas redes sociais, o suspeito ofertava ampolas de Tirzepatida da marca TG<strong> &#8211; proibida no pa\u00eds &#8211;<\/strong> por valores que iam de R$ 599 a R$ 1,1 mil. <span>Em outras postagens, os investigados afirmavam que os rem\u00e9dios eram &#8220;pr\u00e1ticos&#8221; e &#8220;eficientes na perda de peso<\/span>&#8220;. <\/p>\n<\/p><\/div>\n<div id=\"chunk-ebca6\">\n<p data-track-category=\"Link no Texto\" data-track-links> Na casa do suspeito preso, a pol\u00edcia apreendeu: <\/p>\n<\/p><\/div>\n<div data-block-type=\"raw\" data-block-weight=\"54\" id=\"chunk-cujk7\">\n<ul>\n<li>8 unidades de anabolizante para equinos; <\/li>\n<li>4 kits Retatrutide 40 mg, com caneta aplicadora, de<strong> marca que n\u00e3o possui registro de comercializa\u00e7\u00e3o, importa\u00e7\u00e3o e uso pela Anvisa<\/strong>;<\/li>\n<li>12 caixas de Tirzepatida 15mg\/0,5ml de marca <strong>tamb\u00e9m ilegal <\/strong>em territ\u00f3rio brasileiro; <\/li>\n<li>Pe\u00e7as em ouro e grande quantidade de joias; <\/li>\n<li>R$ 7,2 mil em esp\u00e9cie e telefones. <\/li>\n<\/ul><\/div>\n<div id=\"chunk-4fuda\">\n<p data-track-category=\"Link no Texto\" data-track-links> A Pol\u00edcia Civil ainda cumpriu outra ordem judicial de busca e apreens\u00e3o em Viam\u00e3o. Ap\u00f3s a pris\u00e3o, o homem, que n\u00e3o possu\u00eda antecedentes criminais, foi encaminhado para o N\u00facleo de Gest\u00e3o Estrat\u00e9gica do Sistema Prisional (NUGESP), em Porto Alegre. <\/p>\n<\/p><\/div>\n<div data-block-type=\"backstage-photo\" id=\"chunk-dsun2\">\n<p> Homem \u00e9 preso por vender canetas emagrecedoras clandestinas no RS \u2014 Foto: Pol\u00edcia Civil\/Divulga\u00e7\u00e3o <\/p>\n<\/p><\/div>\n<div data-block-type=\"raw\" data-block-weight=\"5\" id=\"chunk-3a2g7\">\n<p><h2><strong>V\u00cdDEOS: Tudo sobre o RS <\/strong><\/h2>\n<\/p><\/div>\n<\/p><\/div>\n<div id=\"newsletter-g1-modal__overlay\">\n<h3>Ops!<\/h3>\n<\/p><\/div>\n<\/p><\/div>\n<\/p><\/div>\n","protected":false},"excerpt":{"rendered":"<p>Grupo investigado ainda comercializava anabolizantes para equinos. Pol\u00edcia apreendeu joias, pe\u00e7as em ouro e dinheiro em esp\u00e9cie. Marcas vendidas s\u00e3o proibidas pela Anvisa no Brasil. Um homem de 32 anos&hellip;<\/p>\n","protected":false},"author":1,"featured_media":41464,"comment_status":"open","ping_status":"open","sticky":false,"template":"","format":"standard","meta":{"footnotes":""},"categories":[6],"tags":[],"class_list":["post-41463","post","type-post","status-publish","format-standard","has-post-thumbnail","hentry","category-regiao"],"_links":{"self":[{"href":"https:\/\/radioultimapalavra.amelhor.net\/site\/wp-json\/wp\/v2\/posts\/41463","targetHints":{"allow":["GET"]}}],"collection":[{"href":"https:\/\/radioultimapalavra.amelhor.net\/site\/wp-json\/wp\/v2\/posts"}],"about":[{"href":"https:\/\/radioultimapalavra.amelhor.net\/site\/wp-json\/wp\/v2\/types\/post"}],"author":[{"embeddable":true,"href":"https:\/\/radioultimapalavra.amelhor.net\/site\/wp-json\/wp\/v2\/users\/1"}],"replies":[{"embeddable":true,"href":"https:\/\/radioultimapalavra.amelhor.net\/site\/wp-json\/wp\/v2\/comments?post=41463"}],"version-history":[{"count":0,"href":"https:\/\/radioultimapalavra.amelhor.net\/site\/wp-json\/wp\/v2\/posts\/41463\/revisions"}],"wp:featuredmedia":[{"embeddable":true,"href":"https:\/\/radioultimapalavra.amelhor.net\/site\/wp-json\/wp\/v2\/media\/41464"}],"wp:attachment":[{"href":"https:\/\/radioultimapalavra.amelhor.net\/site\/wp-json\/wp\/v2\/media?parent=41463"}],"wp:term":[{"taxonomy":"category","embeddable":true,"href":"https:\/\/radioultimapalavra.amelhor.net\/site\/wp-json\/wp\/v2\/categories?post=41463"},{"taxonomy":"post_tag","embeddable":true,"href":"https:\/\/radioultimapalavra.amelhor.net\/site\/wp-json\/wp\/v2\/tags?post=41463"}],"curies":[{"name":"wp","href":"https:\/\/api.w.org\/{rel}","templated":true}]}}