{"id":41467,"date":"2026-04-24T16:34:14","date_gmt":"2026-04-24T19:34:14","guid":{"rendered":"https:\/\/radioultimapalavra.amelhor.net\/site\/a-familia-aumentou-no-de-capivaras-vistas-morando-as-margens-da-orla-do-guaiba-chega-a-quase-20-video\/"},"modified":"2026-04-24T16:34:14","modified_gmt":"2026-04-24T19:34:14","slug":"a-familia-aumentou-no-de-capivaras-vistas-morando-as-margens-da-orla-do-guaiba-chega-a-quase-20-video","status":"publish","type":"post","link":"https:\/\/radioultimapalavra.amelhor.net\/site\/a-familia-aumentou-no-de-capivaras-vistas-morando-as-margens-da-orla-do-guaiba-chega-a-quase-20-video\/","title":{"rendered":"A fam\u00edlia aumentou: n\u00ba de capivaras vistas &#8216;morando&#8217; \u00e0s margens da Orla do Gua\u00edba chega a quase 20; V\u00cdDEO"},"content":{"rendered":"<div itemscope itemtype=\"http:\/\/schema.org\/NewsArticle\">  <span itemprop=\"image\" itemscope itemtype=\"http:\/\/schema.org\/ImageObject\"> <meta itemprop=\"representativeOfPage\" content=\"true\"> <meta itemprop=\"url\" content=\"https:\/\/s2-g1.glbimg.com\/GdQ3900JTG8j6wUjExTToLXcfm8=\/1280x0\/filters:format(jpeg)\/https:\/\/i.s3.glbimg.com\/v1\/AUTH_59edd422c0c84a879bd37670ae4f538a\/internal_photos\/bs\/2026\/0\/6\/8NwzlUSBSAHm62l3ESCQ\/whatsapp-image-2026-04-23-at-20.47.00.jpeg\"> <meta itemprop=\"width\" content=\"1280\"> <meta itemprop=\"height\" content=\"720\"> <\/span>   <\/p>\n<div>\n<div>\n<p data-block-type=\"title\"> <meta itemprop=\"name\" content=\"A fam\u00edlia aumentou: n\u00ba de capivaras vistas 'morando' \u00e0s margens da Orla do Gua\u00edba chega a quase 20; V\u00cdDEO \"> <\/p>\n<h2 itemprop=\"headline\">A fam\u00edlia aumentou: n\u00ba de capivaras vistas &#8216;morando&#8217; \u00e0s margens da Orla do Gua\u00edba chega a quase 20; V\u00cdDEO <\/h2>\n<\/p>\n<p> <meta itemprop=\"alternateName\" content=\"Animais silvestres foram vistos novamente perto do Arroio Dil\u00favio, em Porto Alegre. Prefeitura orienta que popula\u00e7\u00e3o mantenha dist\u00e2ncia e n\u00e3o interfira no deslocamento dos mam\u00edferos. \"> <\/p>\n<h2 itemprop=\"alternativeHeadline\">Animais silvestres foram vistos novamente perto do Arroio Dil\u00favio, em Porto Alegre. Prefeitura orienta que popula\u00e7\u00e3o mantenha dist\u00e2ncia e n\u00e3o interfira no deslocamento dos mam\u00edferos. <\/h2>\n<\/p><\/div>\n<hr>\n<div data-block-type=\"summary\">\n<details>\n<summary>  <\/summary>\n<div>\n<ul>\n<li>\n<div id=\"chunk-30m79\">\n<p data-track-category=\"Link no Texto\" data-track-links> A \u201cfam\u00edlia\u201d de capivaras que virou atra\u00e7\u00e3o na Orla do Gua\u00edba, em Porto Alegre, cresceu e chegou a 18 integrantes. <\/p>\n<\/p><\/div>\n<\/li>\n<li>\n<div id=\"chunk-f68qe\">\n<p data-track-category=\"Link no Texto\" data-track-links> H\u00e1 pelo menos dois anos, os mam\u00edferos s\u00e3o vistos \u00e0s margens do Arroio Dil\u00favio; mas nesta semana, voltaram a chamar a aten\u00e7\u00e3o. <\/p>\n<\/p><\/div>\n<\/li>\n<li>\n<div id=\"chunk-6r7fd\">\n<p data-track-category=\"Link no Texto\" data-track-links> Por seguran\u00e7a, prefeitura orienta que a popula\u00e7\u00e3o mantenha dist\u00e2ncia e n\u00e3o interfira no deslocamento dos animais silvestres. <\/p>\n<\/p><\/div>\n<\/li>\n<li>\n<div id=\"chunk-7snuu\">\n<p data-track-category=\"Link no Texto\" data-track-links> Se alguma capivara parecer machucada ou apresentar comportamento de risco, \u00e9 preciso ligar para os telefones 156 ou (51) 3289-7517. <\/p>\n<\/p><\/div>\n<\/li>\n<\/ul><\/div>\n<\/details><\/div>\n<\/p><\/div>\n<div>  <meta itemprop=\"isAccessibleForFree\" content=\"true\"> <\/p>\n<div data-block-type=\"backstage-video\" itemscope itemtype=\"http:\/\/schema.org\/VideoObject\" itemprop=\"video\" id=\"chunk-f00n0\"> <meta itemprop=\"name\" content=\"Fam\u00edlia de capivaras que \u2018mora\u2019 \u00e0s margens da Orla do Gua\u00edba j\u00e1 tem 18 integrantes\"> <meta itemprop=\"thumbnailUrl\" content=\"https:\/\/s04.video.glbimg.com\/x240\/14553515.jpg\"> <meta itemprop=\"datePublished\" content=\"2026-04-23T23:38:15.217Z\"> <meta itemprop=\"uploadDate\" content=\"2026-04-23T23:38:15.217Z\"> <meta itemprop=\"contentUrl\" content=\"https:\/\/vodstreaming01.video.globo.com\/45\/d2\/3b\/14553515_3b006562e0f558b55ebe8841e726302ef5a47186\/14553515-360p_300k_h264-2d4c9420-21a0-013f-b202-5e27451248eb.mp4\"> <\/p>\n<div> <meta itemprop=\"name\" content=\"Fam\u00edlia de capivaras que \u2018mora\u2019 \u00e0s margens da Orla do Gua\u00edba j\u00e1 tem 18 integrantes\"> <meta itemprop=\"thumbnailUrl\" content=\"https:\/\/s04.video.glbimg.com\/x240\/14553515.jpg\"> <meta itemprop=\"datePublished\" content=\"2026-04-23T23:38:15.217Z\"> <meta itemprop=\"uploadDate\" content=\"2026-04-23T23:38:15.217Z\"> <meta itemprop=\"contentUrl\" content=\"https:\/\/vodstreaming01.video.globo.com\/45\/d2\/3b\/14553515_3b006562e0f558b55ebe8841e726302ef5a47186\/14553515-360p_300k_h264-2d4c9420-21a0-013f-b202-5e27451248eb.mp4\">  <\/p>\n<div data-video-id=\"14553515\">\n<p><img decoding=\"async\" src=\"https:\/\/s04.video.glbimg.com\/x240\/14553515.jpg\" alt=\"Fam\u00edlia de capivaras que \u2018mora\u2019 \u00e0s margens da Orla do Gua\u00edba j\u00e1 tem 18 integrantes\" title=\"Fam\u00edlia de capivaras que \u2018mora\u2019 \u00e0s margens da Orla do Gua\u00edba j\u00e1 tem 18 integrantes\"><\/p>\n<p><bs-player videoid=\"14553515\" subscriber-only=\"false\" id=\"wp3-player-f00n0\" serviceid=\"151\" auth=\"false\" data-opt-mute adplacement=\"accompanying\" autoplay rounded><\/bs-player> <\/div>\n<\/p><\/div>\n<p itemprop=\"description\"> Fam\u00edlia de capivaras que \u2018mora\u2019 \u00e0s margens da Orla do Gua\u00edba j\u00e1 tem 18 integrantes <\/p>\n<\/p><\/div>\n<div>\n<div id=\"chunk-bqiob\">\n<p data-track-category=\"Link no Texto\" data-track-links> <strong>H\u00e1 pelo menos dois anos, os mam\u00edferos s\u00e3o vistos \u00e0s margens do Arroio Dil\u00favio<\/strong>; mas nesta semana, <span>voltaram a chamar a aten\u00e7\u00e3o de motoristas e pedestres que passavam pelo local<\/span>. <\/p>\n<\/p><\/div>\n<div id=\"chunk-5enm6\">\n<p data-track-category=\"Link no Texto\" data-track-links> Por seguran\u00e7a, a prefeitura pede que a <strong>popula\u00e7\u00e3o mantenha dist\u00e2ncia<\/strong> e <span>n\u00e3o interfira no deslocamento dos animais silvestres<\/span>. O alerta \u00e9 que, por mais que muitos as considerem fofas, tratam-se de animais silvestres e a <strong>orienta\u00e7\u00e3o \u00e9 n\u00e3o se aproximar<\/strong>. <\/p>\n<\/p><\/div>\n<div data-block-type=\"raw\" data-block-weight=\"42\" id=\"chunk-b85oi\">\n<blockquote><p> &#8220;Durante a enchente [de 2024] elas come\u00e7aram a se deslocar e vieram ficando. Porque aqui tem alimento, tem abrigo, elas est\u00e3o tranquilas. Foram se estabelecendo naquela regi\u00e3o&#8221;, explica Soraya Ribeiro, chefe da equipe de Fauna Silvestre da Secretaria Municipal de Meio Ambiente.<\/p><\/blockquote><\/div>\n<div id=\"chunk-edr18\">\n<p data-track-category=\"Link no Texto\" data-track-links> Caso alguma capivara <strong>pare\u00e7a machucada ou apresente comportamento de risco<\/strong>, a Secretaria Municipal de Meio Ambiente deve ser acionada pelos telefones <span>156 (dispon\u00edvel 24 horas por dia)<\/span> ou pelo n\u00famero <span>(51) 3289-7517, em hor\u00e1rio comercial nos dias \u00fateis<\/span>. <\/p>\n<\/p><\/div>\n<div data-block-type=\"backstage-photo\" id=\"chunk-1hmna\">\n<p> Fam\u00edlia de capivaras que &#8216;mora&#8217; \u00e0s margens do Arroio Dil\u00favio chega a 18 integrantes \u2014 Foto: Ra\u00ed Quadros\/RBS TV <\/p>\n<\/p><\/div>\n<div data-block-type=\"raw\" data-block-weight=\"5\" id=\"chunk-acvss\">\n<p><h2><strong>V\u00cdDEOS: Tudo sobre o RS<\/strong><\/h2>\n<\/p><\/div>\n<\/p><\/div>\n<div id=\"newsletter-g1-modal__overlay\">\n<h3>Ops!<\/h3>\n<\/p><\/div>\n<\/p><\/div>\n<\/p><\/div>\n","protected":false},"excerpt":{"rendered":"<p>A fam\u00edlia aumentou: n\u00ba de capivaras vistas &#8216;morando&#8217; \u00e0s margens da Orla do Gua\u00edba chega a quase 20; V\u00cdDEO Animais silvestres foram vistos novamente perto do Arroio Dil\u00favio, em Porto&hellip;<\/p>\n","protected":false},"author":1,"featured_media":41468,"comment_status":"open","ping_status":"open","sticky":false,"template":"","format":"standard","meta":{"footnotes":""},"categories":[6],"tags":[],"class_list":["post-41467","post","type-post","status-publish","format-standard","has-post-thumbnail","hentry","category-regiao"],"_links":{"self":[{"href":"https:\/\/radioultimapalavra.amelhor.net\/site\/wp-json\/wp\/v2\/posts\/41467","targetHints":{"allow":["GET"]}}],"collection":[{"href":"https:\/\/radioultimapalavra.amelhor.net\/site\/wp-json\/wp\/v2\/posts"}],"about":[{"href":"https:\/\/radioultimapalavra.amelhor.net\/site\/wp-json\/wp\/v2\/types\/post"}],"author":[{"embeddable":true,"href":"https:\/\/radioultimapalavra.amelhor.net\/site\/wp-json\/wp\/v2\/users\/1"}],"replies":[{"embeddable":true,"href":"https:\/\/radioultimapalavra.amelhor.net\/site\/wp-json\/wp\/v2\/comments?post=41467"}],"version-history":[{"count":0,"href":"https:\/\/radioultimapalavra.amelhor.net\/site\/wp-json\/wp\/v2\/posts\/41467\/revisions"}],"wp:featuredmedia":[{"embeddable":true,"href":"https:\/\/radioultimapalavra.amelhor.net\/site\/wp-json\/wp\/v2\/media\/41468"}],"wp:attachment":[{"href":"https:\/\/radioultimapalavra.amelhor.net\/site\/wp-json\/wp\/v2\/media?parent=41467"}],"wp:term":[{"taxonomy":"category","embeddable":true,"href":"https:\/\/radioultimapalavra.amelhor.net\/site\/wp-json\/wp\/v2\/categories?post=41467"},{"taxonomy":"post_tag","embeddable":true,"href":"https:\/\/radioultimapalavra.amelhor.net\/site\/wp-json\/wp\/v2\/tags?post=41467"}],"curies":[{"name":"wp","href":"https:\/\/api.w.org\/{rel}","templated":true}]}}