{"id":41471,"date":"2026-04-24T16:34:12","date_gmt":"2026-04-24T19:34:12","guid":{"rendered":"https:\/\/radioultimapalavra.amelhor.net\/site\/saiba-o-que-vai-acontecer-com-os-mais-de-200-animais-resgatados-de-canil-interditado-no-rs\/"},"modified":"2026-04-24T16:34:12","modified_gmt":"2026-04-24T19:34:12","slug":"saiba-o-que-vai-acontecer-com-os-mais-de-200-animais-resgatados-de-canil-interditado-no-rs","status":"publish","type":"post","link":"https:\/\/radioultimapalavra.amelhor.net\/site\/saiba-o-que-vai-acontecer-com-os-mais-de-200-animais-resgatados-de-canil-interditado-no-rs\/","title":{"rendered":"Saiba o que vai acontecer com os mais de 200 animais resgatados de canil interditado no RS"},"content":{"rendered":"<div>\n<div id=\"chunk-dtfhi\">\n<p data-track-category=\"Link no Texto\" data-track-links> Na manh\u00e3 desta sexta-feira (24), os <span>animais foram retirados do canil e encaminhados para uma organiza\u00e7\u00e3o n\u00e3o governamental (ONG)<\/span> que vai fazer os primeiros atendimentos, realizar exames m\u00e9dicos e, posteriormente, encaminh\u00e1-los para ado\u00e7\u00e3o. <\/p>\n<\/p><\/div>\n<div data-block-type=\"raw\" data-block-weight=\"41\" id=\"chunk-165ja\">\n<blockquote><p>&#8220;Tem muitos animais doentes, debilitados, que precisam de atendimento com urg\u00eancia. Eles fazem toda triagem com os exames necess\u00e1rios e depois a gente leva para o abrigo e faz o acompanhamento&#8221;, explica Paola Saldivia, integrante do Instituto Eu Salvo Vidas. <\/p><\/blockquote><\/div>\n<div id=\"chunk-3j1ap\">\n<p data-track-category=\"Link no Texto\" data-track-links> Os respons\u00e1veis pelo canil foram <strong>presos em flagrante na quarta-feira por maus-tratos<\/strong>. Eles j\u00e1 tinham sido presos anteriormente pelo mesmo crime. Por\u00e9m, a Justi\u00e7a concedeu liberdade provis\u00f3ria a eles na quinta-feira (23). <\/p>\n<\/p><\/div>\n<div data-block-type=\"raw\" data-block-weight=\"51\" id=\"chunk-2tj3h\">\n<blockquote><p>&#8220;Estavam presentes um homem e uma mulher, que seriam os respons\u00e1veis pelo estabelecimento. Diante da situa\u00e7\u00e3o, efetuamos a pris\u00e3o em flagrante de ambos e ontem \u00e0 noite [quinta-feira] o Poder Judici\u00e1rio concedeu liberdade provis\u00f3ria, mas proibiu eles de se envolverem com qualquer atividade relacionada ao canil&#8221;, afirma o delegado Felipe Borba.<\/p><\/blockquote><\/div>\n<div data-block-type=\"backstage-photo\" id=\"chunk-693ha\">\n<p> Animais que estavam em canil interditado s\u00e3o levados para ONG no RS \u2014 Foto: Reprodu\u00e7\u00e3o\/RBS TV <\/p>\n<\/p><\/div>\n<div data-block-type=\"raw\" data-block-weight=\"2\" id=\"chunk-af2pg\">\n<p><h2>A opera\u00e7\u00e3o<\/h2>\n<\/p><\/div>\n<div id=\"chunk-2iclc\">\n<p data-track-category=\"Link no Texto\" data-track-links> Conforme o delegado, havia 170 cachorros e mais de 50 gatos no espa\u00e7o. Durante a inspe\u00e7\u00e3o, foram observados diversos <span>animais com quadros cl\u00ednicos de diarreia, sarna e dermatites al\u00e9rgicas, al\u00e9m de superlota\u00e7\u00e3o, mistura de esp\u00e9cies no mesmo ambiente, falhas de higieniza\u00e7\u00e3o e aus\u00eancia de controle sanit\u00e1rio e reprodutivo<\/span>. <\/p>\n<\/p><\/div>\n<div id=\"chunk-e340b\">\n<p data-track-category=\"Link no Texto\" data-track-links> Ap\u00f3s receber uma den\u00fancia an\u00f4nima, a pol\u00edcia cumpriu um mandado de busca e apreens\u00e3o no estabelecimento. A a\u00e7\u00e3o contou com o apoio da Vigil\u00e2ncia Sanit\u00e1ria municipal, da Associa\u00e7\u00e3o de Prote\u00e7\u00e3o aos Animais do munic\u00edpio e de uma m\u00e9dica veterin\u00e1ria, que fez a avalia\u00e7\u00e3o das condi\u00e7\u00f5es de sa\u00fade e bem-estar dos animais. <\/p>\n<\/p><\/div>\n<div id=\"chunk-kr8f\">\n<p data-track-category=\"Link no Texto\" data-track-links> Durante a fiscaliza\u00e7\u00e3o, foram constatadas diversas<strong> irregularidades sanit\u00e1rias, al\u00e9m de sinais de maus-tratos<\/strong>. Os c\u00e3es e gatos de ra\u00e7a eram mantidos tanto no interior quanto no p\u00e1tio do im\u00f3vel. A Vigil\u00e2ncia Sanit\u00e1ria determinou a interdi\u00e7\u00e3o do canil. <\/p>\n<\/p><\/div>\n<div data-block-type=\"backstage-video\" itemscope itemtype=\"http:\/\/schema.org\/VideoObject\" itemprop=\"video\" id=\"chunk-29r72\"> <meta itemprop=\"name\" content=\"Canil com mais de 200 animais \u00e9 interditado no RS; respons\u00e1veis s\u00e3o presos\"> <meta itemprop=\"thumbnailUrl\" content=\"https:\/\/s03.video.glbimg.com\/x240\/14551002.jpg\"> <meta itemprop=\"datePublished\" content=\"2026-04-24T09:31:00.516Z\"> <meta itemprop=\"uploadDate\" content=\"2026-04-24T09:31:00.516Z\"> <meta itemprop=\"contentUrl\" content=\"https:\/\/vodstreaming01.video.globo.com\/44\/ed\/8a\/14551002_8af1ce72401d55babd4788a57cf21cbdd74771ef\/14551002-360p_487k_h264-a28d51b0-2143-013f-ce6a-2e50040b9e6f.mp4\"> <\/p>\n<div> <meta itemprop=\"name\" content=\"Canil com mais de 200 animais \u00e9 interditado no RS; respons\u00e1veis s\u00e3o presos\"> <meta itemprop=\"thumbnailUrl\" content=\"https:\/\/s03.video.glbimg.com\/x240\/14551002.jpg\"> <meta itemprop=\"datePublished\" content=\"2026-04-24T09:31:00.516Z\"> <meta itemprop=\"uploadDate\" content=\"2026-04-24T09:31:00.516Z\"> <meta itemprop=\"contentUrl\" content=\"https:\/\/vodstreaming01.video.globo.com\/44\/ed\/8a\/14551002_8af1ce72401d55babd4788a57cf21cbdd74771ef\/14551002-360p_487k_h264-a28d51b0-2143-013f-ce6a-2e50040b9e6f.mp4\">  <\/p>\n<div data-video-id=\"14551002\">\n<p><img decoding=\"async\" src=\"https:\/\/s03.video.glbimg.com\/x240\/14551002.jpg\" alt=\"Canil com mais de 200 animais \u00e9 interditado no RS; respons\u00e1veis s\u00e3o presos\" title=\"Canil com mais de 200 animais \u00e9 interditado no RS; respons\u00e1veis s\u00e3o presos\"><\/p>\n<p><bs-player videoid=\"14551002\" subscriber-only=\"false\" id=\"wp3-player-29r72\" serviceid=\"151\" auth=\"false\" data-opt-mute adplacement=\"accompanying\" autoplay rounded><\/bs-player> <\/div>\n<\/p><\/div>\n<p itemprop=\"description\"> Canil com mais de 200 animais \u00e9 interditado no RS; respons\u00e1veis s\u00e3o presos <\/p>\n<\/p><\/div>\n<div id=\"chunk-f0t6\">\n<p data-track-category=\"Link no Texto\" data-track-links> Foram identificadas falhas estruturais, sanit\u00e1rias e de bem-estar animal. Quanto \u00e0 infraestrutura, n\u00e3o havia piso imperme\u00e1vel e sistema adequado de drenagem, al\u00e9m da inexist\u00eancia de separa\u00e7\u00e3o dos animais por esp\u00e9cie, idade e condi\u00e7\u00e3o fisiol\u00f3gica. <\/p>\n<\/p><\/div>\n<div id=\"chunk-etr4t\">\n<p data-track-category=\"Link no Texto\" data-track-links> Em rela\u00e7\u00e3o ao controle reprodutivo, o <span>canil n\u00e3o possu\u00eda registros obrigat\u00f3rios sobre ciclos de cio, coberturas, n\u00famero de gesta\u00e7\u00f5es por f\u00eamea, idade dos animais ou intervalo entre gesta\u00e7\u00f5es<\/span>, em desacordo com a legisla\u00e7\u00e3o vigente. <\/p>\n<\/p><\/div>\n<div id=\"chunk-34nrm\">\n<p data-track-category=\"Link no Texto\" data-track-links> Tamb\u00e9m foi observado que f\u00eameas prenhas n\u00e3o eram mantidas em ambientes adequados. Al\u00e9m disso, n\u00e3o havia acompanhamento veterin\u00e1rio regular nem registros de controle de parasitas. <\/p>\n<\/p><\/div>\n<div id=\"chunk-d3r48\">\n<p data-track-category=\"Link no Texto\" data-track-links> A vistoria apontou ainda a aus\u00eancia de controle sobre o desenvolvimento dos filhotes, falta de monitoramento de peso e inexist\u00eancia de comprova\u00e7\u00e3o de vacina\u00e7\u00e3o conforme a idade. Tamb\u00e9m n\u00e3o havia garantia de perman\u00eancia dos filhotes com as m\u00e3es pelo per\u00edodo m\u00ednimo recomendado. <\/p>\n<\/p><\/div>\n<div data-block-type=\"backstage-photo\" id=\"chunk-d8nms\">\n<p> Animais que estavam em canil interditado s\u00e3o levados para ONG no RS \u2014 Foto: Reprodu\u00e7\u00e3o\/RBS TV <\/p>\n<\/p><\/div>\n<div data-block-type=\"raw\" data-block-weight=\"5\" id=\"chunk-827dr\">\n<p><h2>V\u00cdDEOS: Tudo sobre o RS<\/h2>\n<\/p><\/div>\n<\/p><\/div>\n","protected":false},"excerpt":{"rendered":"<p>Na manh\u00e3 desta sexta-feira (24), os animais foram retirados do canil e encaminhados para uma organiza\u00e7\u00e3o n\u00e3o governamental (ONG) que vai fazer os primeiros atendimentos, realizar exames m\u00e9dicos e, posteriormente,&hellip;<\/p>\n","protected":false},"author":1,"featured_media":41472,"comment_status":"open","ping_status":"open","sticky":false,"template":"","format":"standard","meta":{"footnotes":""},"categories":[6],"tags":[],"class_list":["post-41471","post","type-post","status-publish","format-standard","has-post-thumbnail","hentry","category-regiao"],"_links":{"self":[{"href":"https:\/\/radioultimapalavra.amelhor.net\/site\/wp-json\/wp\/v2\/posts\/41471","targetHints":{"allow":["GET"]}}],"collection":[{"href":"https:\/\/radioultimapalavra.amelhor.net\/site\/wp-json\/wp\/v2\/posts"}],"about":[{"href":"https:\/\/radioultimapalavra.amelhor.net\/site\/wp-json\/wp\/v2\/types\/post"}],"author":[{"embeddable":true,"href":"https:\/\/radioultimapalavra.amelhor.net\/site\/wp-json\/wp\/v2\/users\/1"}],"replies":[{"embeddable":true,"href":"https:\/\/radioultimapalavra.amelhor.net\/site\/wp-json\/wp\/v2\/comments?post=41471"}],"version-history":[{"count":0,"href":"https:\/\/radioultimapalavra.amelhor.net\/site\/wp-json\/wp\/v2\/posts\/41471\/revisions"}],"wp:featuredmedia":[{"embeddable":true,"href":"https:\/\/radioultimapalavra.amelhor.net\/site\/wp-json\/wp\/v2\/media\/41472"}],"wp:attachment":[{"href":"https:\/\/radioultimapalavra.amelhor.net\/site\/wp-json\/wp\/v2\/media?parent=41471"}],"wp:term":[{"taxonomy":"category","embeddable":true,"href":"https:\/\/radioultimapalavra.amelhor.net\/site\/wp-json\/wp\/v2\/categories?post=41471"},{"taxonomy":"post_tag","embeddable":true,"href":"https:\/\/radioultimapalavra.amelhor.net\/site\/wp-json\/wp\/v2\/tags?post=41471"}],"curies":[{"name":"wp","href":"https:\/\/api.w.org\/{rel}","templated":true}]}}