{"id":41473,"date":"2026-04-24T21:38:03","date_gmt":"2026-04-25T00:38:03","guid":{"rendered":"https:\/\/radioultimapalavra.amelhor.net\/site\/pacientes-do-sus-aguardam-ha-pelo-menos-6-anos-por-exames-simples-no-rs\/"},"modified":"2026-04-24T21:38:03","modified_gmt":"2026-04-25T00:38:03","slug":"pacientes-do-sus-aguardam-ha-pelo-menos-6-anos-por-exames-simples-no-rs","status":"publish","type":"post","link":"https:\/\/radioultimapalavra.amelhor.net\/site\/pacientes-do-sus-aguardam-ha-pelo-menos-6-anos-por-exames-simples-no-rs\/","title":{"rendered":"Pacientes do SUS aguardam h\u00e1 pelo menos 6 anos por exames simples no RS"},"content":{"rendered":"<div>\n<div id=\"chunk-cqh52\">\n<p data-track-category=\"Link no Texto\" data-track-links> Para tentar reduzir o impacto dessa demora, <span>alguns recorrem \u00e0 solidariedade de amigos e parentes<\/span>. Mas nem sempre conseguem juntar o dinheiro necess\u00e1rio. Em Rio Grande, no Sul do Estado, a secret\u00e1ria Thacylla Lopes Ignacio precisa fazer uma cirurgia de varizes. O problema \u00e9 que, antes disso, ela deve realizar exames pr\u00e9-operat\u00f3rios que, na rede privada, custam pouco mais de R$ 400. <\/p>\n<\/p><\/div>\n<div data-block-type=\"raw\" data-block-weight=\"44\" id=\"chunk-78pjb\">\n<blockquote><p>\u201cH\u00e1 alguns anos eu sofro com varizes, desde muito nova. Com o tempo, elas come\u00e7aram a me incomodar cada vez mais: incha\u00e7o, dores, dorm\u00eancia, formigamento nas pernas. No trabalho e durante a faculdade, exigia muita for\u00e7a, e isso foi trazendo ainda mais desconfortos\u201d, diz.<\/p><\/blockquote><\/div>\n<div id=\"chunk-74g84\">\n<p data-track-category=\"Link no Texto\" data-track-links> Se n\u00e3o fosse um documento oficial, seria dif\u00edcil acreditar. <span>Pelo SUS, os exames de sangue necess\u00e1rios para a cirurgia foram agendados para 1\u00ba de mar\u00e7o de 2032<\/span>. <\/p>\n<\/p><\/div>\n<div data-block-type=\"raw\" data-block-weight=\"35\" id=\"chunk-4j4q\">\n<blockquote><p>\u201c\u00c9 um absurdo. A gente sabe que sa\u00fade n\u00e3o \u00e9 brincadeira. A gente n\u00e3o pode esperar tanto tempo. Talvez eu consiga esperar, mas tem pessoas que n\u00e3o conseguem esperar nem um ano\u201d, reclama a paciente.<\/p><\/blockquote><\/div>\n<div id=\"chunk-5krp4\">\n<p data-track-category=\"Link no Texto\" data-track-links> At\u00e9 l\u00e1, ser\u00e3o <strong>seis anos de espera<\/strong>. <span>Nesse per\u00edodo, o Rio Grande do Sul e o Brasil ter\u00e3o passado por tr\u00eas elei\u00e7\u00f5es. O mundo ter\u00e1 assistido a duas Copas do Mundo e duas Olimp\u00edadas.<\/span> \u201cTem muita gente na mesma situa\u00e7\u00e3o que eu. Seis anos\u2026 eu nem sei se vou estar aqui daqui a seis anos. Imagina ficar esperando tudo isso\u201d, resigna-se Thacylla. <\/p>\n<\/p><\/div>\n<div id=\"chunk-6qcff\">\n<p data-track-category=\"Link no Texto\" data-track-links> Mesmo assim, o al\u00edvio \u00e9 parcial. Depois dos exames pr\u00e9-operat\u00f3rios, ainda h\u00e1 a espera pela cirurgia completa, cuja data n\u00e3o est\u00e1 definida. Dados obtidos pela RBS TV, via Lei de Acesso \u00e0 Informa\u00e7\u00e3o, mostram que o <span>tempo m\u00e9dio de espera para cirurgias vasculares no Estado \u00e9 de quase dois mil dias<\/span>. <\/p>\n<\/p><\/div>\n<div id=\"chunk-367t8\">\n<p data-track-category=\"Link no Texto\" data-track-links> Em Porto Alegre, a diarista Serlei Cunha dos Santos enfrentou o mesmo drama. Um eletrocardiograma para a cirurgia de varizes nas duas pernas <strong>foi marcado para 12 de agosto de 2030<\/strong>. A sa\u00edda veio por meio de uma <span>vaquinha organizada por uma das fam\u00edlias para quem ela trabalha, que arrecadou R$ 5.400<\/span>. Com o dinheiro, Serlei conseguiu fazer os exames e operar a primeira perna. <\/p>\n<\/p><\/div>\n<div data-block-type=\"raw\" data-block-weight=\"35\" id=\"chunk-b0dn7\">\n<blockquote><p>\u201cN\u00e3o \u00e9 quest\u00e3o de est\u00e9tica. O que eu quero \u00e9 ter condi\u00e7\u00f5es de andar, de viver, de caminhar sem dor. Trabalhei a vida inteira, contribu\u00ed com o SUS. Se n\u00e3o trabalhar, n\u00e3o sobrevivo\u201d, lamenta Serlei.<\/p><\/blockquote><\/div>\n<div id=\"chunk-f2rqr\">\n<p data-track-category=\"Link no Texto\" data-track-links> A demanda por essa e outras especialidades continua crescendo, segundo monitoramento feito pela RBS TV via Lei de Acesso \u00e0 Informa\u00e7\u00e3o. Entre <strong>mar\u00e7o e abril<\/strong>, <span>a fila por consultas passou de 609 mil para 621 mil cadastros, e a de cirurgias, de 226 mil para 228 mil<\/span>. <\/p>\n<\/p><\/div>\n<div id=\"chunk-5trsv\">\n<p data-track-category=\"Link no Texto\" data-track-links> Em Sapucaia do Sul, o construtor Vilmar de Freitas enfrenta uma <strong>longa espera de tr\u00eas anos para colocar uma pr\u00f3tese no quadril<\/strong>. <span>A vaquinha organizada pela filha arrecadou menos de 10% do valor necess\u00e1rio<\/span>. O dinheiro acabou sendo usado para <strong>contratar um advogado e ingressar na Justi\u00e7a<\/strong>. <\/p>\n<\/p><\/div>\n<div id=\"chunk-41osf\">\n<p data-track-category=\"Link no Texto\" data-track-links> \u201cNo psicol\u00f3gico, a gente precisa ter f\u00e9 em Deus e o acolhimento da fam\u00edlia. Sen\u00e3o, a casa cai.\u201d, reclama. <\/p>\n<\/p><\/div>\n<div id=\"chunk-99pbg\">\n<p data-track-category=\"Link no Texto\" data-track-links> Desde dezembro de 2024, a reportagem monitora as filas do SUS no Estado e a evolu\u00e7\u00e3o do quadro cl\u00ednico de um grupo de pacientes como o Vilmar, que aguardam atendimento. A cada nova entrevista, a <strong>qualidade de vida cai<\/strong>. <\/p>\n<\/p><\/div>\n<div data-block-type=\"raw\" data-block-weight=\"18\" id=\"chunk-bk7n2\">\n<blockquote><p>\u201cCada dia eu me definho mais. Estou perdendo o movimento das pernas, o equil\u00edbrio\u201d, lamenta Vilmar, sob l\u00e1grimas.<\/p><\/blockquote><\/div>\n<div id=\"chunk-2ntld\">\n<p data-track-category=\"Link no Texto\" data-track-links> O <strong>SUS \u00e9 financiado por recursos de prefeituras, Estado e Uni\u00e3o<\/strong>. <span>No Rio Grande do Sul, o governo historicamente n\u00e3o vinha aplicando os 12% da receita previstos em lei para a sa\u00fade<\/span>, segundo revelou a RBS TV em janeiro de 2025. Em agosto do ano passado, um acordo com o Minist\u00e9rio P\u00fablico estabeleceu a aplica\u00e7\u00e3o gradual desse percentual at\u00e9 2030. J\u00e1 os <span>munic\u00edpios afirmam gastar mais do que o m\u00ednimo exigido<\/span>. <\/p>\n<\/p><\/div>\n<div id=\"chunk-217iq\">\n<p data-track-category=\"Link no Texto\" data-track-links> \u201cA conta hoje est\u00e1 desequilibrada. \u00c9 preciso que Uni\u00e3o e Estado invistam mais em sa\u00fade, da mesma forma como os munic\u00edpios fazem, para ampliar estruturas e capacidade de atendimento\u201d, afirma R\u00e9gis Fonseca, presidente do Conselho de Secretarias Municipais de Sa\u00fade. <\/p>\n<\/p><\/div>\n<div id=\"chunk-beost\">\n<p data-track-category=\"Link no Texto\" data-track-links> A Secretaria Estadual da Sa\u00fade informa que <strong>j\u00e1 investiu R$ 175 milh\u00f5es em mutir\u00f5es<\/strong>, o que teria reduzido algumas filas. Ao ser informada que o hospital marcou os exames para mar\u00e7o de 2032, <span>a pasta disse que reinseriu a paciente na fila de espera para viabilizar o agendamento<\/span>, previsto para <strong>agosto deste ano<\/strong>. <\/p>\n<\/p><\/div>\n<div id=\"chunk-dj1gv\">\n<p data-track-category=\"Link no Texto\" data-track-links> A Secretaria Estadual de Sa\u00fade (SES) e o Minist\u00e9rio da Sa\u00fade se manifestaram por meio de notas (veja abaixo). <\/p>\n<\/p><\/div>\n<div data-block-type=\"raw\" data-block-weight=\"5\" id=\"chunk-enp7s\">\n<p><h2>O que diz a SES<\/h2>\n<\/p><\/div>\n<div id=\"chunk-6ub1r\">\n<p data-track-category=\"Link no Texto\" data-track-links> <em>&#8220;A Secretaria Estadual da Sa\u00fade (SES) esclarece que a refer\u00eancia assistencial dos pacientes da cidade de Herval s\u00e3o os munic\u00edpios de Pelotas e Piratini. No entanto, para buscar a antecipa\u00e7\u00e3o do atendimento, a Central Regula\u00e7\u00e3o de Consultas redirecionou o caso para o Hospital Independ\u00eancia, em Porto Alegre.<\/em> <\/p>\n<\/p><\/div>\n<div id=\"chunk-4airs\">\n<p data-track-category=\"Link no Texto\" data-track-links> <em>Ao ser informada que o hospital marcou os pr\u00e9-exames de cirurgias para 1\u00ba de mar\u00e7o de 2032, a Secretaria Estadual da Sa\u00fade reinseriu a paciente na fila de espera da sua regi\u00e3o de refer\u00eancia para viabilizar, com a maior brevidade poss\u00edvel, o agendamento. Com isso, a nova consulta ser\u00e1 realizada at\u00e9 agosto deste ano.<\/em> <\/p>\n<\/p><\/div>\n<div id=\"chunk-60tg2\">\n<p data-track-category=\"Link no Texto\" data-track-links> <em>A Central de Regula\u00e7\u00e3o de Consultas \u00e9 o setor respons\u00e1vel por organizar e controlar o acesso da popula\u00e7\u00e3o aos servi\u00e7os de sa\u00fade, analisando a prioridade cl\u00ednica de cada caso e encaminhando os pacientes para os servi\u00e7os dispon\u00edveis. Seu objetivo principal \u00e9 garantir que os recursos do sistema sejam utilizados de forma eficiente, reduzindo filas, evitando desperd\u00edcios e assegurando que pacientes com maior urg\u00eancia recebam atendimento no tempo adequado. <\/em> <\/p>\n<\/p><\/div>\n<div id=\"chunk-9b6bk\">\n<p data-track-category=\"Link no Texto\" data-track-links> <em>At\u00e9 mar\u00e7o deste ano, somente pelo Programa SUS Ga\u00facho, o governo do Estado j\u00e1 investiu R$ 175 milh\u00f5es. Por meio de mutir\u00f5es realizados em dezenas de hospitais, alcan\u00e7ou resultados expressivos na redu\u00e7\u00e3o das filas: a espera por consultas em oftalmologia, por exemplo, caiu 72%, enquanto a fila em ortopedia de joelho foi reduzida em 59%.&#8221;<\/em> <\/p>\n<\/p><\/div>\n<div data-block-type=\"raw\" data-block-weight=\"3\" id=\"chunk-b6l5n\">\n<p><h2>Minist\u00e9rio da Sa\u00fade<\/h2>\n<\/p><\/div>\n<div id=\"chunk-e6973\">\n<p data-track-category=\"Link no Texto\" data-track-links> <em>&#8220;Os valores da Tabela de Procedimentos do SUS funcionam como refer\u00eancia e integram um modelo tripartite, com recursos da Uni\u00e3o, Estados e Munic\u00edpios, e podem ser complementados, conforme necessidade local. O Minist\u00e9rio da Sa\u00fade realiza atualiza\u00e7\u00f5es peri\u00f3dicas da tabela com base em estudos t\u00e9cnicos e impactos or\u00e7ament\u00e1rios.<\/em> <\/p>\n<\/p><\/div>\n<div id=\"chunk-2l48b\">\n<p data-track-category=\"Link no Texto\" data-track-links> <em>Al\u00e9m da tabela, os gestores disp\u00f5em de incentivos financeiros, emendas parlamentares e programas espec\u00edficos, que ampliam o custeio dos servi\u00e7os de sa\u00fade. Nesse contexto, os recursos podem ser complementados tanto por iniciativas locais quanto por estrat\u00e9gias nacionais, como o Programa Agora Tem Especialistas, que busca reduzir o tempo de espera por consultas, exames e cirurgias. Com or\u00e7amento de cerca de R$ 5,5 bilh\u00f5es entre 2023 e 2025, o programa permite complementar os valores de refer\u00eancia e adotar modelos de remunera\u00e7\u00e3o que consideram custos ampliados e tecnologias assistenciais.&#8221;<\/em> <\/p>\n<\/p><\/div>\n<div data-block-type=\"backstage-photo\" id=\"chunk-63rlk\">\n<p> Pacientes do SUS aguardam h\u00e1 pelo menos 6 anos por exames simples \u2014 Foto: Reprodu\u00e7\u00e3o\/RBS TV <\/p>\n<\/p><\/div>\n<div data-block-type=\"raw\" data-block-weight=\"5\" id=\"chunk-4r243\">\n<p><h2><strong>V\u00cdDEOS: Tudo sobre o RS<\/strong><\/h2>\n<\/p><\/div>\n<\/p><\/div>\n","protected":false},"excerpt":{"rendered":"<p>Para tentar reduzir o impacto dessa demora, alguns recorrem \u00e0 solidariedade de amigos e parentes. Mas nem sempre conseguem juntar o dinheiro necess\u00e1rio. Em Rio Grande, no Sul do Estado,&hellip;<\/p>\n","protected":false},"author":1,"featured_media":41474,"comment_status":"open","ping_status":"open","sticky":false,"template":"","format":"standard","meta":{"footnotes":""},"categories":[6],"tags":[],"class_list":["post-41473","post","type-post","status-publish","format-standard","has-post-thumbnail","hentry","category-regiao"],"_links":{"self":[{"href":"https:\/\/radioultimapalavra.amelhor.net\/site\/wp-json\/wp\/v2\/posts\/41473","targetHints":{"allow":["GET"]}}],"collection":[{"href":"https:\/\/radioultimapalavra.amelhor.net\/site\/wp-json\/wp\/v2\/posts"}],"about":[{"href":"https:\/\/radioultimapalavra.amelhor.net\/site\/wp-json\/wp\/v2\/types\/post"}],"author":[{"embeddable":true,"href":"https:\/\/radioultimapalavra.amelhor.net\/site\/wp-json\/wp\/v2\/users\/1"}],"replies":[{"embeddable":true,"href":"https:\/\/radioultimapalavra.amelhor.net\/site\/wp-json\/wp\/v2\/comments?post=41473"}],"version-history":[{"count":0,"href":"https:\/\/radioultimapalavra.amelhor.net\/site\/wp-json\/wp\/v2\/posts\/41473\/revisions"}],"wp:featuredmedia":[{"embeddable":true,"href":"https:\/\/radioultimapalavra.amelhor.net\/site\/wp-json\/wp\/v2\/media\/41474"}],"wp:attachment":[{"href":"https:\/\/radioultimapalavra.amelhor.net\/site\/wp-json\/wp\/v2\/media?parent=41473"}],"wp:term":[{"taxonomy":"category","embeddable":true,"href":"https:\/\/radioultimapalavra.amelhor.net\/site\/wp-json\/wp\/v2\/categories?post=41473"},{"taxonomy":"post_tag","embeddable":true,"href":"https:\/\/radioultimapalavra.amelhor.net\/site\/wp-json\/wp\/v2\/tags?post=41473"}],"curies":[{"name":"wp","href":"https:\/\/api.w.org\/{rel}","templated":true}]}}