{"id":41477,"date":"2026-04-24T21:38:01","date_gmt":"2026-04-25T00:38:01","guid":{"rendered":"https:\/\/radioultimapalavra.amelhor.net\/site\/arvore-cai-e-atinge-carro-na-zona-norte-de-porto-alegre-veja-relato-de-motorista\/"},"modified":"2026-04-24T21:38:01","modified_gmt":"2026-04-25T00:38:01","slug":"arvore-cai-e-atinge-carro-na-zona-norte-de-porto-alegre-veja-relato-de-motorista","status":"publish","type":"post","link":"https:\/\/radioultimapalavra.amelhor.net\/site\/arvore-cai-e-atinge-carro-na-zona-norte-de-porto-alegre-veja-relato-de-motorista\/","title":{"rendered":"\u00c1rvore cai e atinge carro na Zona Norte de Porto Alegre; veja relato de motorista"},"content":{"rendered":"<div itemscope itemtype=\"http:\/\/schema.org\/NewsArticle\">  <span itemprop=\"image\" itemscope itemtype=\"http:\/\/schema.org\/ImageObject\"> <meta itemprop=\"representativeOfPage\" content=\"true\"> <meta itemprop=\"url\" content=\"https:\/\/s2-g1.glbimg.com\/79Dhugsf0IMvEMdxL-2aJBYiYqo=\/1280x0\/filters:format(jpeg)\/https:\/\/i.s3.glbimg.com\/v1\/AUTH_59edd422c0c84a879bd37670ae4f538a\/internal_photos\/bs\/2026\/9\/8\/st0T56QPmxn0KmRSDALA\/whatsapp-image-2026-04-24-at-16.38.31.jpeg\"> <meta itemprop=\"width\" content=\"1280\"> <meta itemprop=\"height\" content=\"960\"> <\/span>   <\/p>\n<div>\n<div>\n<p> <meta itemprop=\"alternateName\" content=\"Apesar do impacto, motorista n\u00e3o ficou ferido. Tr\u00e2nsito j\u00e1 foi liberado na regi\u00e3o.\"> <\/p>\n<h2 itemprop=\"alternativeHeadline\">Apesar do impacto, motorista n\u00e3o ficou ferido. Tr\u00e2nsito j\u00e1 foi liberado na regi\u00e3o.<\/h2>\n<\/p><\/div>\n<hr>\n<div data-block-type=\"summary\">\n<details>\n<summary>  <\/summary>\n<div>\n<ul>\n<li>\n<div id=\"chunk-b79pc\">\n<p data-track-category=\"Link no Texto\" data-track-links> Uma \u00e1rvore de grande porte caiu em cima de um carro, na Avenida Pernambuco, bairro S\u00e3o Geraldo, Zona Norte de Porto Alegre, nesta sexta-feira (24). <\/p>\n<\/p><\/div>\n<\/li>\n<li>\n<div id=\"chunk-28aap\">\n<p data-track-category=\"Link no Texto\" data-track-links> O motorista, Pedro Aldemar Medeiros Oliveira, contou \u00e0 reportagem da RBS TV que passava devagar pela via, por volta de 16h, quando foi surpreendido pelo impacto. <\/p>\n<\/p><\/div>\n<\/li>\n<li>  <\/li>\n<li>\n<div id=\"chunk-alg1q\">\n<p data-track-category=\"Link no Texto\" data-track-links> Ao cair, a \u00e1rvore arrastou cabos da rede el\u00e9trica e prejudicou o servi\u00e7o na regi\u00e3o. Uma equipe da CEEE Equatorial atua no local. O Corpo de Bombeiros utiliza uma motosserra para cortar a \u00e1rvore e retir\u00e1-la da via. <\/p>\n<\/p><\/div>\n<\/li>\n<\/ul><\/div>\n<\/details><\/div>\n<\/p><\/div>\n<div>  <meta itemprop=\"isAccessibleForFree\" content=\"true\"> <\/p>\n<div data-block-type=\"backstage-video\" itemscope itemtype=\"http:\/\/schema.org\/VideoObject\" itemprop=\"video\" id=\"chunk-eb7b4\"> <meta itemprop=\"name\" content=\"\u00c1rvore cai e atinge carro em avenida na Zona Norte de Porto Alegre\"> <meta itemprop=\"thumbnailUrl\" content=\"https:\/\/s02.video.glbimg.com\/x240\/14556213.jpg\"> <meta itemprop=\"datePublished\" content=\"2026-04-24T19:50:16.851Z\"> <meta itemprop=\"uploadDate\" content=\"2026-04-24T19:50:16.851Z\"> <meta itemprop=\"contentUrl\" content=\"https:\/\/vodstreaming01.video.globo.com\/45\/84\/18\/14556213_187b9006b5191fd3a1395cb3f11da40746b01526\/14556213-360p_300k_h264-80b00e60-2249-013f-f5a8-12e390fadd0e.mp4\"> <\/p>\n<div> <meta itemprop=\"name\" content=\"\u00c1rvore cai e atinge carro em avenida na Zona Norte de Porto Alegre\"> <meta itemprop=\"thumbnailUrl\" content=\"https:\/\/s02.video.glbimg.com\/x240\/14556213.jpg\"> <meta itemprop=\"datePublished\" content=\"2026-04-24T19:50:16.851Z\"> <meta itemprop=\"uploadDate\" content=\"2026-04-24T19:50:16.851Z\"> <meta itemprop=\"contentUrl\" content=\"https:\/\/vodstreaming01.video.globo.com\/45\/84\/18\/14556213_187b9006b5191fd3a1395cb3f11da40746b01526\/14556213-360p_300k_h264-80b00e60-2249-013f-f5a8-12e390fadd0e.mp4\">  <\/p>\n<div data-video-id=\"14556213\">\n<p><img decoding=\"async\" src=\"https:\/\/s02.video.glbimg.com\/x240\/14556213.jpg\" alt=\"\u00c1rvore cai e atinge carro em avenida na Zona Norte de Porto Alegre\" title=\"\u00c1rvore cai e atinge carro em avenida na Zona Norte de Porto Alegre\"><\/p>\n<p><bs-player videoid=\"14556213\" subscriber-only=\"false\" id=\"wp3-player-eb7b4\" serviceid=\"151\" auth=\"false\" data-opt-mute adplacement=\"accompanying\" autoplay rounded><\/bs-player> <\/div>\n<\/p><\/div>\n<p itemprop=\"description\"> \u00c1rvore cai e atinge carro em avenida na Zona Norte de Porto Alegre <\/p>\n<\/p><\/div>\n<div id=\"chunk-6ruru\">\n<p data-track-category=\"Link no Texto\" data-track-links> Uma <strong>\u00e1rvore de grande porte caiu em cima de um carro, na Avenida Pernambuco<\/strong>, bairro S\u00e3o Geraldo, Zona Norte de Porto Alegre, nesta sexta-feira (24). O motorista, Pedro Aldemar Medeiros Oliveira, contou \u00e0 reportagem da RBS TV que<strong> passava devagar pela via<\/strong>, por volta de 16h, <span>quando foi surpreendido pelo impacto<\/span>. <\/p>\n<\/p><\/div>\n<div>\n<div data-block-type=\"raw\" data-block-weight=\"26\" id=\"chunk-2hk88\">\n<blockquote><p>&#8220;Simplesmente eu tava andando, parei um pouquinho e caiu a \u00e1rvore em cima. Sem mais nem menos. Nem vento tinha, \u00e9 falta de ra\u00edz&#8221;, relata Pedro.<\/p><\/blockquote><\/div>\n<div id=\"chunk-dtgg1\">\n<p data-track-category=\"Link no Texto\" data-track-links> Apesar do susto, o motorista n\u00e3o se feriu, mas o carro ficou bastante danificado. O tr\u00e2nsito acaba de ser liberado, mas havia sido bloqueado pela EPTC durante quase uma hora, na quadra pr\u00f3ximo \u00e0s avenidas P\u00e1tria e Brasil. <\/p>\n<\/p><\/div>\n<div id=\"chunk-cbmer\">\n<p data-track-category=\"Link no Texto\" data-track-links> Ao cair, a \u00e1rvore arrastou cabos da rede el\u00e9trica e prejudicou o servi\u00e7o na regi\u00e3o. Uma equipe da CEEE Equatorial atua no local. O Corpo de Bombeiros utiliza uma motosserra para cortar a \u00e1rvore e retir\u00e1-la da via. <\/p>\n<\/p><\/div>\n<div id=\"chunk-c6k0v\">\n<p data-track-category=\"Link no Texto\" data-track-links> A Secretaria Municipal do Meio Ambiente, Urbanismo e Sustentabilidades (Smamus) presta apoio na ocorr\u00eancia. <\/p>\n<\/p><\/div>\n<div data-block-type=\"backstage-photo\" id=\"chunk-e15m0\">\n<p> \u00c1rvore de grande porte atinge carro na Zona Norte de Porto Alegre \u2014 Foto: Matheus Gourlart\/RBS TV <\/p>\n<\/p><\/div>\n<div data-block-type=\"raw\" data-block-weight=\"5\" id=\"chunk-4r243\">\n<p><h2><strong>V\u00cdDEOS: Tudo sobre o RS<\/strong><\/h2>\n<\/p><\/div>\n<\/p><\/div>\n<div id=\"newsletter-g1-modal__overlay\">\n<h3>Ops!<\/h3>\n<\/p><\/div>\n<\/p><\/div>\n<\/p><\/div>\n","protected":false},"excerpt":{"rendered":"<p>Apesar do impacto, motorista n\u00e3o ficou ferido. Tr\u00e2nsito j\u00e1 foi liberado na regi\u00e3o. Uma \u00e1rvore de grande porte caiu em cima de um carro, na Avenida Pernambuco, bairro S\u00e3o Geraldo,&hellip;<\/p>\n","protected":false},"author":1,"featured_media":41478,"comment_status":"open","ping_status":"open","sticky":false,"template":"","format":"standard","meta":{"footnotes":""},"categories":[6],"tags":[],"class_list":["post-41477","post","type-post","status-publish","format-standard","has-post-thumbnail","hentry","category-regiao"],"_links":{"self":[{"href":"https:\/\/radioultimapalavra.amelhor.net\/site\/wp-json\/wp\/v2\/posts\/41477","targetHints":{"allow":["GET"]}}],"collection":[{"href":"https:\/\/radioultimapalavra.amelhor.net\/site\/wp-json\/wp\/v2\/posts"}],"about":[{"href":"https:\/\/radioultimapalavra.amelhor.net\/site\/wp-json\/wp\/v2\/types\/post"}],"author":[{"embeddable":true,"href":"https:\/\/radioultimapalavra.amelhor.net\/site\/wp-json\/wp\/v2\/users\/1"}],"replies":[{"embeddable":true,"href":"https:\/\/radioultimapalavra.amelhor.net\/site\/wp-json\/wp\/v2\/comments?post=41477"}],"version-history":[{"count":0,"href":"https:\/\/radioultimapalavra.amelhor.net\/site\/wp-json\/wp\/v2\/posts\/41477\/revisions"}],"wp:featuredmedia":[{"embeddable":true,"href":"https:\/\/radioultimapalavra.amelhor.net\/site\/wp-json\/wp\/v2\/media\/41478"}],"wp:attachment":[{"href":"https:\/\/radioultimapalavra.amelhor.net\/site\/wp-json\/wp\/v2\/media?parent=41477"}],"wp:term":[{"taxonomy":"category","embeddable":true,"href":"https:\/\/radioultimapalavra.amelhor.net\/site\/wp-json\/wp\/v2\/categories?post=41477"},{"taxonomy":"post_tag","embeddable":true,"href":"https:\/\/radioultimapalavra.amelhor.net\/site\/wp-json\/wp\/v2\/tags?post=41477"}],"curies":[{"name":"wp","href":"https:\/\/api.w.org\/{rel}","templated":true}]}}