{"id":41479,"date":"2026-04-25T03:33:32","date_gmt":"2026-04-25T06:33:32","guid":{"rendered":"https:\/\/radioultimapalavra.amelhor.net\/site\/chimarrao-brasileiro-entre-messi-e-os-hermanos-marca-gaucha-de-erva-mate-fecha-patrocinio-com-a-selecao-argentina-para-a-copa-do-mundo\/"},"modified":"2026-04-25T03:33:32","modified_gmt":"2026-04-25T06:33:32","slug":"chimarrao-brasileiro-entre-messi-e-os-hermanos-marca-gaucha-de-erva-mate-fecha-patrocinio-com-a-selecao-argentina-para-a-copa-do-mundo","status":"publish","type":"post","link":"https:\/\/radioultimapalavra.amelhor.net\/site\/chimarrao-brasileiro-entre-messi-e-os-hermanos-marca-gaucha-de-erva-mate-fecha-patrocinio-com-a-selecao-argentina-para-a-copa-do-mundo\/","title":{"rendered":"Chimarr\u00e3o brasileiro entre Messi e os hermanos: marca ga\u00facha de erva-mate fecha patroc\u00ednio com a Sele\u00e7\u00e3o Argentina para a Copa do Mundo"},"content":{"rendered":"<div>\n<div id=\"chunk-9il2a\">\n<p data-track-category=\"Link no Texto\" data-track-links> A parceria com a Associa\u00e7\u00e3o do Futebol Argentino (AFA) nasce de uma afinidade que vai al\u00e9m de contratos. <span>Assim como com os ga\u00fachos, o mate faz parte do cotidiano dos <\/span><span><em>hermanos<\/em><\/span>. Ele faz parte de uma cultura que envolve partilha e tradi\u00e7\u00e3o. <\/p>\n<\/p><\/div>\n<div id=\"chunk-9gs7s\">\n<p data-track-category=\"Link no Texto\" data-track-links> <em>&#8220;O ato de matear \u00e9 um s\u00edmbolo aut\u00eantico da Am\u00e9rica do Sul. Ele atravessa fronteiras, aproxima pessoas e carrega consigo valores como conviv\u00eancia, tradi\u00e7\u00e3o e energia compartilhada. Nesse sentido, o futebol se apresenta como um territ\u00f3rio natural para essa conex\u00e3o, pois tamb\u00e9m representa identidade, encontro e paix\u00e3o coletiva&#8221;<\/em>, pontua a Baldo. <\/p>\n<\/p><\/div>\n<div id=\"chunk-asrk7\">\n<p data-track-category=\"Link no Texto\" data-track-links> E \u00e9 nesse contexto de <strong>identidade cultural <\/strong>que a parceria com a Sele\u00e7\u00e3o Argentina se consolida. A uni\u00e3o entre Baldo e AFA representa o encontro de dois universos que compartilham valores como respeito \u00e0 hist\u00f3ria e compromisso com legado. <\/p>\n<\/p><\/div>\n<div id=\"chunk-8d4ko\">\n<p data-track-category=\"Link no Texto\" data-track-links> De acordo com a empresa, <span>&#8220;trata-se da uni\u00e3o de dois universos que j\u00e1 estavam conectados no dia a dia dos atletas, das concentra\u00e7\u00f5es e da pr\u00f3pria ess\u00eancia do futebol argentino&#8221;<\/span>. <\/p>\n<\/p><\/div>\n<div id=\"chunk-84dur\">\n<p data-track-category=\"Link no Texto\" data-track-links> O pa\u00eds vizinho \u00e9 tido como importante mercado para a marca, uma vez que o consumo de erva-mate chega aos 270 milh\u00f5es de kg por ano, segundo dados do Instituto Nacional de la Yerba Mate (INYM). <\/p>\n<\/p><\/div>\n<div data-block-type=\"backstage-video\" itemscope itemtype=\"http:\/\/schema.org\/VideoObject\" itemprop=\"video\" id=\"chunk-a3j8f\"> <meta itemprop=\"name\" content=\"Chimarr\u00e3o pronto \u00e9 destaque em cafeteria de Porto Alegre\"> <meta itemprop=\"thumbnailUrl\" content=\"https:\/\/s04.video.glbimg.com\/x240\/14105327.jpg\"> <meta itemprop=\"datePublished\" content=\"2026-04-16T00:55:46.210Z\"> <meta itemprop=\"uploadDate\" content=\"2026-04-16T00:55:46.210Z\"> <meta itemprop=\"contentUrl\" content=\"https:\/\/vodstreaming01.video.globo.com\/44\/a8\/da\/14105327_daf71c473d6775a140997f5fee641f4a42aca24f\/14105327-360p_487k_h264-b7ccd490-a60a-013e-0254-000000000000.mp4\"> <\/p>\n<div> <meta itemprop=\"name\" content=\"Chimarr\u00e3o pronto \u00e9 destaque em cafeteria de Porto Alegre\"> <meta itemprop=\"thumbnailUrl\" content=\"https:\/\/s04.video.glbimg.com\/x240\/14105327.jpg\"> <meta itemprop=\"datePublished\" content=\"2026-04-16T00:55:46.210Z\"> <meta itemprop=\"uploadDate\" content=\"2026-04-16T00:55:46.210Z\"> <meta itemprop=\"contentUrl\" content=\"https:\/\/vodstreaming01.video.globo.com\/44\/a8\/da\/14105327_daf71c473d6775a140997f5fee641f4a42aca24f\/14105327-360p_487k_h264-b7ccd490-a60a-013e-0254-000000000000.mp4\">  <\/p>\n<div data-video-id=\"14105327\">\n<p><img decoding=\"async\" src=\"https:\/\/s04.video.glbimg.com\/x240\/14105327.jpg\" alt=\"Chimarr\u00e3o pronto \u00e9 destaque em cafeteria de Porto Alegre\" title=\"Chimarr\u00e3o pronto \u00e9 destaque em cafeteria de Porto Alegre\"><\/p>\n<p><bs-player videoid=\"14105327\" subscriber-only=\"false\" id=\"wp3-player-a3j8f\" serviceid=\"151\" auth=\"false\" data-opt-mute adplacement=\"accompanying\" autoplay rounded><\/bs-player> <\/div>\n<\/p><\/div>\n<p itemprop=\"description\"> Chimarr\u00e3o pronto \u00e9 destaque em cafeteria de Porto Alegre <\/p>\n<\/p><\/div>\n<div data-block-type=\"raw\" data-block-weight=\"5\" id=\"chunk-dt9s1\">\n<p><h2>Hist\u00f3ria que come\u00e7a no campo<\/h2>\n<\/p><\/div>\n<div data-block-type=\"backstage-photo\" id=\"chunk-3857l\">\n<p> Lionel Messi tomando chimarr\u00e3o \u2014 Foto: Reprodu\u00e7\u00e3o\/Redes sociais <\/p>\n<\/p><\/div>\n<div id=\"chunk-4buc1\">\n<p data-track-category=\"Link no Texto\" data-track-links> A trajet\u00f3ria da empresa come\u00e7a h\u00e1 <strong>mais de cem anos<\/strong>, em <strong>1920<\/strong>, na cidade de Vespasiano Correa, na Serra Ga\u00facha, quando os irm\u00e3os Jo\u00e3o, Ant\u00f4nio e Luiz Baldo, filhos de imigrantes italianos, deram in\u00edcio a uma pequena produ\u00e7\u00e3o artesanal de erva-mate. <\/p>\n<\/p><\/div>\n<div id=\"chunk-2s6id\">\n<p data-track-category=\"Link no Texto\" data-track-links> A partir da d\u00e9cada de 1970, a Baldo <strong>expandiu sua atua\u00e7\u00e3o industrial<\/strong>, incluindo o <strong>beneficiamento de soja<\/strong> e investindo continuamente na <strong>moderniza\u00e7\u00e3o <\/strong>de seus processos. Novas unidades foram inauguradas fora do Rio Grande do Sul. <\/p>\n<\/p><\/div>\n<div id=\"chunk-7ukuj\">\n<p data-track-category=\"Link no Texto\" data-track-links> Hoje, a empresa conta com <strong>mais de 500 colaboradores diretos<\/strong>, distribu\u00eddos em <strong>cinco unidades fabris no Brasil<\/strong>, e atua como exportadora de erva-mate e de solu\u00e7\u00f5es \u00e0 base da planta, com produtos consumidos em diversos pa\u00edses. <\/p>\n<\/p><\/div>\n<div data-block-type=\"raw\" data-block-weight=\"5\" id=\"chunk-d0bum\">\n<p><h2>O que diz a Baldo<\/h2>\n<\/p><\/div>\n<div id=\"chunk-33m8d\">\n<p data-track-category=\"Link no Texto\" data-track-links> <em>&#8220;A Baldo se posiciona nesta parceria com profundo respeito e gratid\u00e3o. Entendemos que a Sele\u00e7\u00e3o Argentina pertence aos argentinos e reconhecemos a for\u00e7a desse sentimento, constru\u00eddo por gera\u00e7\u00f5es e sustentado por uma cultura apaixonada pelo futebol. Nosso papel \u00e9 nos somarmos a essa hist\u00f3ria valorizando aquilo que realmente est\u00e1 no centro dessa conex\u00e3o: a erva-mate.<\/em> <\/p>\n<\/p><\/div>\n<div id=\"chunk-8eq28\">\n<p data-track-category=\"Link no Texto\" data-track-links> <em>O ato de matear \u00e9 um s\u00edmbolo aut\u00eantico da Am\u00e9rica do Sul. Ele atravessa fronteiras, aproxima pessoas e carrega consigo valores como conviv\u00eancia, tradi\u00e7\u00e3o e energia compartilhada. Nesse sentido, o futebol se apresenta como um territ\u00f3rio natural para essa conex\u00e3o, pois tamb\u00e9m representa identidade, encontro e paix\u00e3o coletiva.<\/em> <\/p>\n<\/p><\/div>\n<div id=\"chunk-39h4p\">\n<p data-track-category=\"Link no Texto\" data-track-links> <em>A parceria com a Associa\u00e7\u00e3o do Futebol Argentino reflete um movimento org\u00e2nico, constru\u00eddo a partir dessa cultura comum. Mais do que uma associa\u00e7\u00e3o institucional, trata-se da uni\u00e3o de dois universos que j\u00e1 estavam conectados no dia a dia dos atletas, das concentra\u00e7\u00f5es e da pr\u00f3pria ess\u00eancia do futebol argentino.<\/em> <\/p>\n<\/p><\/div>\n<div id=\"chunk-ejqui\">\n<p data-track-category=\"Link no Texto\" data-track-links> <em>Compartilhamos valores fundamentais como a busca constante pela excel\u00eancia, o compromisso com qualidade e o respeito \u00e0 nossa hist\u00f3ria. Estar ao lado de uma entidade que exige os mais altos padr\u00f5es refor\u00e7a o nosso prop\u00f3sito de levar a erva-mate a novos mercados, sempre com autenticidade e responsabilidade.<\/em> <\/p>\n<\/p><\/div>\n<div id=\"chunk-366re\">\n<p data-track-category=\"Link no Texto\" data-track-links> <em>Mais do que um patroc\u00ednio, esta \u00e9 uma parceria estrat\u00e9gica entre duas institui\u00e7\u00f5es que entendem o valor do trabalho consistente, da tradi\u00e7\u00e3o e da constru\u00e7\u00e3o de legado. A sinergia entre Baldo e AFA fortalece ambas as marcas, integrando a m\u00edstica da Sele\u00e7\u00e3o Argentina com a trajet\u00f3ria s\u00f3lida de uma empresa profundamente enraizada na cultura do mate.<\/em> <\/p>\n<\/p><\/div>\n<div id=\"chunk-8s1hf\">\n<p data-track-category=\"Link no Texto\" data-track-links> <em>Seguimos felizes e honrados por fazer parte deste movimento, com a consci\u00eancia de que a grande protagonista desta hist\u00f3ria continua sendo a erva-mate \u2014 um s\u00edmbolo que une povos, transcende fronteiras e agora ganha ainda mais espa\u00e7o no cen\u00e1rio global.&#8221;<\/em> <\/p>\n<\/p><\/div>\n<div data-block-type=\"raw\" data-block-weight=\"5\" id=\"chunk-8l3qv\">\n<p><h2>V\u00cdDEOS: Tudo sobre o RS<\/h2>\n<\/p><\/div>\n<\/p><\/div>\n","protected":false},"excerpt":{"rendered":"<p>A parceria com a Associa\u00e7\u00e3o do Futebol Argentino (AFA) nasce de uma afinidade que vai al\u00e9m de contratos. Assim como com os ga\u00fachos, o mate faz parte do cotidiano dos&hellip;<\/p>\n","protected":false},"author":1,"featured_media":41480,"comment_status":"open","ping_status":"open","sticky":false,"template":"","format":"standard","meta":{"footnotes":""},"categories":[6],"tags":[],"class_list":["post-41479","post","type-post","status-publish","format-standard","has-post-thumbnail","hentry","category-regiao"],"_links":{"self":[{"href":"https:\/\/radioultimapalavra.amelhor.net\/site\/wp-json\/wp\/v2\/posts\/41479","targetHints":{"allow":["GET"]}}],"collection":[{"href":"https:\/\/radioultimapalavra.amelhor.net\/site\/wp-json\/wp\/v2\/posts"}],"about":[{"href":"https:\/\/radioultimapalavra.amelhor.net\/site\/wp-json\/wp\/v2\/types\/post"}],"author":[{"embeddable":true,"href":"https:\/\/radioultimapalavra.amelhor.net\/site\/wp-json\/wp\/v2\/users\/1"}],"replies":[{"embeddable":true,"href":"https:\/\/radioultimapalavra.amelhor.net\/site\/wp-json\/wp\/v2\/comments?post=41479"}],"version-history":[{"count":0,"href":"https:\/\/radioultimapalavra.amelhor.net\/site\/wp-json\/wp\/v2\/posts\/41479\/revisions"}],"wp:featuredmedia":[{"embeddable":true,"href":"https:\/\/radioultimapalavra.amelhor.net\/site\/wp-json\/wp\/v2\/media\/41480"}],"wp:attachment":[{"href":"https:\/\/radioultimapalavra.amelhor.net\/site\/wp-json\/wp\/v2\/media?parent=41479"}],"wp:term":[{"taxonomy":"category","embeddable":true,"href":"https:\/\/radioultimapalavra.amelhor.net\/site\/wp-json\/wp\/v2\/categories?post=41479"},{"taxonomy":"post_tag","embeddable":true,"href":"https:\/\/radioultimapalavra.amelhor.net\/site\/wp-json\/wp\/v2\/tags?post=41479"}],"curies":[{"name":"wp","href":"https:\/\/api.w.org\/{rel}","templated":true}]}}