{"id":41483,"date":"2026-04-25T03:33:30","date_gmt":"2026-04-25T06:33:30","guid":{"rendered":"https:\/\/radioultimapalavra.amelhor.net\/site\/familia-desaparecida-no-rs-esposa-de-suspeito-tentou-apagar-evidencias-do-uso-de-ia-em-audios-simulando-voz-de-vitima-diz-policia\/"},"modified":"2026-04-25T03:33:30","modified_gmt":"2026-04-25T06:33:30","slug":"familia-desaparecida-no-rs-esposa-de-suspeito-tentou-apagar-evidencias-do-uso-de-ia-em-audios-simulando-voz-de-vitima-diz-policia","status":"publish","type":"post","link":"https:\/\/radioultimapalavra.amelhor.net\/site\/familia-desaparecida-no-rs-esposa-de-suspeito-tentou-apagar-evidencias-do-uso-de-ia-em-audios-simulando-voz-de-vitima-diz-policia\/","title":{"rendered":"Fam\u00edlia desaparecida no RS: esposa de suspeito tentou apagar evid\u00eancias do uso de IA em \u00e1udios simulando voz de v\u00edtima, diz pol\u00edcia"},"content":{"rendered":"<div>\n<div id=\"chunk-bub1a\">\n<p data-track-category=\"Link no Texto\" data-track-links> \ud83d\udd0e <em>Silvana, 48 anos, e os pais dela, Isail, de 69, e Dalmira Germann de Aguiar, de 70, n\u00e3o s\u00e3o vistos h\u00e1 tr\u00eas meses, desde os dias 24 e 25 de janeiro. O policial militar Cristiano, ex-marido de Silvana, \u00e9 o principal suspeito. Ele est\u00e1 preso preventivamente e foi indiciado por nove crimes, incluindo feminic\u00eddio, homic\u00eddio e oculta\u00e7\u00e3o de cad\u00e1ver.<\/em> <\/p>\n<\/p><\/div>\n<div id=\"chunk-8qjcl\">\n<p data-track-category=\"Link no Texto\" data-track-links> A pol\u00edcia encontrou <span>registros do uso de um software de clonagem de voz em um notebook na casa de Cristiano<\/span>. Em um bloco de notas, no celular dele, havia os <strong>textos que ele teria usado<\/strong> para simular a voz da ex-mulher e enganar os ex-sogros. <\/p>\n<\/p><\/div>\n<div id=\"chunk-b2jhv\">\n<p data-track-category=\"Link no Texto\" data-track-links> As investiga\u00e7\u00f5es tamb\u00e9m revelaram que <span>a atual esposa de Cristiano, Milena Ruppenthal Domingues<\/span>, teria atuado para <strong>apagar ind\u00edcios do uso do software<\/strong>. <\/p>\n<\/p><\/div>\n<div id=\"chunk-3g2g5\">\n<p data-track-category=\"Link no Texto\" data-track-links> &#8220;Ao que tudo indica, <em>(ela)<\/em> participou do p\u00f3s-crime, manipulando dados e conduzindo depoimentos. Ela seria uma pe\u00e7a fundamental. H\u00e1 <span>indicativos de que ela excluiu contas<\/span>. Inclusive, <strong>o pr\u00f3prio aplicativo de clonagem de voz foi descredenciado quando o autor j\u00e1 estava preso<\/strong>. Ent\u00e3o, ela tinha o conhecimento desse aplicativo e realizou o descredenciamento para tentar encobrir essa evid\u00eancia\u201d, afirmou o delegado Diego Traesel, diretor da Divis\u00e3o de Intelig\u00eancia Policial e An\u00e1lise Criminal. <\/p>\n<\/p><\/div>\n<div data-block-type=\"raw\" data-block-weight=\"2\" id=\"chunk-f2ikf\">\n<p><h2>Os \u00e1udios<\/h2>\n<\/p><\/div>\n<div data-block-type=\"backstage-video\" itemscope itemtype=\"http:\/\/schema.org\/VideoObject\" itemprop=\"video\" id=\"chunk-c0nr0\"> <meta itemprop=\"name\" content=\"Ou\u00e7a \u00e1udios gerados com IA pelo PM suspeito de matar ex-mulher e pais dela no RS\"> <meta itemprop=\"thumbnailUrl\" content=\"https:\/\/s04.video.glbimg.com\/x240\/14554011.jpg\"> <meta itemprop=\"datePublished\" content=\"2026-04-24T23:52:30.354Z\"> <meta itemprop=\"uploadDate\" content=\"2026-04-24T23:52:30.354Z\"> <meta itemprop=\"contentUrl\" content=\"https:\/\/vodstreaming01.video.globo.com\/45\/42\/8e\/14554011_8e73451ed5761d3f3bdf3d5b2f066286348b8dd1\/14554011-360p_300k_h264-6de0f240-2207-013f-b201-5e27451248eb.mp4\"> <\/p>\n<div> <meta itemprop=\"name\" content=\"Ou\u00e7a \u00e1udios gerados com IA pelo PM suspeito de matar ex-mulher e pais dela no RS\"> <meta itemprop=\"thumbnailUrl\" content=\"https:\/\/s04.video.glbimg.com\/x240\/14554011.jpg\"> <meta itemprop=\"datePublished\" content=\"2026-04-24T23:52:30.354Z\"> <meta itemprop=\"uploadDate\" content=\"2026-04-24T23:52:30.354Z\"> <meta itemprop=\"contentUrl\" content=\"https:\/\/vodstreaming01.video.globo.com\/45\/42\/8e\/14554011_8e73451ed5761d3f3bdf3d5b2f066286348b8dd1\/14554011-360p_300k_h264-6de0f240-2207-013f-b201-5e27451248eb.mp4\">  <\/p>\n<div data-video-id=\"14554011\">\n<p><img decoding=\"async\" src=\"https:\/\/s04.video.glbimg.com\/x240\/14554011.jpg\" alt=\"Ou\u00e7a \u00e1udios gerados com IA pelo PM suspeito de matar ex-mulher e pais dela no RS\" title=\"Ou\u00e7a \u00e1udios gerados com IA pelo PM suspeito de matar ex-mulher e pais dela no RS\"><\/p>\n<p><bs-player videoid=\"14554011\" subscriber-only=\"false\" id=\"wp3-player-c0nr0\" serviceid=\"151\" auth=\"false\" data-opt-mute adplacement=\"accompanying\" autoplay rounded><\/bs-player> <\/div>\n<\/p><\/div>\n<p itemprop=\"description\"> Ou\u00e7a \u00e1udios gerados com IA pelo PM suspeito de matar ex-mulher e pais dela no RS <\/p>\n<\/p><\/div>\n<div id=\"chunk-96jmk\">\n<p data-track-category=\"Link no Texto\" data-track-links> Nos \u00e1udios, segundo as investiga\u00e7\u00f5es, Cristiano Domingues Francisco simulou a voz de Silvana para atrair os pais dela. <strong><em>Ou\u00e7a acima<\/em><\/strong>. Ainda de acordo com a pol\u00edcia, ele matou ambos depois de atra\u00ed-los com o falso pedido de ajuda de Silvana, que j\u00e1 estava desaparecida quando os \u00e1udios foram enviados. <\/p>\n<\/p><\/div>\n<div id=\"chunk-3gos2\">\n<p data-track-category=\"Link no Texto\" data-track-links> \u26a0\ufe0f Al\u00e9m da conclus\u00e3o da pol\u00edcia,<strong> a reportagem consultou duas ferramentas de detec\u00e7\u00e3o de IA<\/strong>. Tanto a Hiya Deepfake Voice Detector quanto a undetectable.AI conclu\u00edram que \u00e9 altamente prov\u00e1vel que os \u00e1udios tenham, sim, sido gerados com intelig\u00eancia artificial. <\/p>\n<\/p><\/div>\n<div id=\"chunk-5kq4\">\n<p data-track-category=\"Link no Texto\" data-track-links> Um dia ap\u00f3s a data apontada pela pol\u00edcia como a do desaparecimento de Silvana, os pais receberam uma liga\u00e7\u00e3o do celular dela informando que havia sofrido um acidente em Gramado, na Serra Ga\u00facha. Naquele momento, por\u00e9m, tanto o celular de Silvana quanto o de Cristiano estavam na regi\u00e3o de Gravata\u00ed. <\/p>\n<\/p><\/div>\n<div id=\"chunk-9cpr\">\n<p data-track-category=\"Link no Texto\" data-track-links> Naquela manh\u00e3, uma publica\u00e7\u00e3o tamb\u00e9m foi feita pelo celular de Silvana sobre o acidente, mas o inqu\u00e9rito constatou que o aparelho estava na regi\u00e3o da casa de Cristiano. <\/p>\n<\/p><\/div>\n<div data-block-type=\"raw\" data-block-weight=\"3\" id=\"chunk-3t90h\">\n<p><h2>Confira a transcri\u00e7\u00e3o:<\/h2>\n<\/p><\/div>\n<div id=\"chunk-7has9\">\n<p data-track-category=\"Link no Texto\" data-track-links> <em>&#8220;M\u00e3e, eu me acidentei no carro de uma amiga. Eu fui dar uma volta com ela e capotou o carro. Estamos no hospital.<\/em> <\/p>\n<\/p><\/div>\n<div id=\"chunk-9ept5\">\n<p data-track-category=\"Link no Texto\" data-track-links> <em>Oi m\u00e3e, oi pai, \u00e9 a Silvana, cheguei bem em casa, mas dei um probleminha aqui em casa, um fio de luz entrou em curto aqui na sala de casa e quase pegou fogo, pede para o pai vir aqui em casa me dar uma ajuda, ser\u00e1 que o pai consegue vir aqui me dar uma ajuda rapidinho? <\/em> <\/p>\n<\/p><\/div>\n<div id=\"chunk-5enad\">\n<p data-track-category=\"Link no Texto\" data-track-links> <em>\u00c9 coisa r\u00e1pida, mas eu sozinha n\u00e3o consigo cortar o fio, \u00e9 s\u00f3 cortar o fio mesmo pouca coisa ele est\u00e1 para fora da parede, s\u00f3 para n\u00e3o dar choque mesmo que da\u00ed amanh\u00e3 j\u00e1 resolvo, s\u00f3 trazer um alicate para cortar o fio e j\u00e1 est\u00e1 bom. S\u00f3 um alicate mesmo. <\/em> <\/p>\n<\/p><\/div>\n<div id=\"chunk-cbohh\">\n<p data-track-category=\"Link no Texto\" data-track-links> <em>Eu tomei uma \u00e1gua com lim\u00e3o, mas acho que estava muito gelada. Mas est\u00e1 tudo certo, sim. Est\u00e1 bom. Tchau. <\/em> <\/p>\n<\/p><\/div>\n<div id=\"chunk-8362k\">\n<p data-track-category=\"Link no Texto\" data-track-links> <em>Pode deixar que eu ligo para ele para falar sobre isso. Mas pode entregar, sim. Amanh\u00e3 resolvo. Deixa eu arrumar esse neg\u00f3cio da luz primeiro. O pai n\u00e3o conseguiu resolver aqui. Da\u00ed o Cristiano vai arrumar. Eu liguei para ele. Pois foi ele quem tinha feito essa el\u00e9trica. Da\u00ed ele vai pegar uns fios de luz que tem sobrando na pe\u00e7a das ferramentas. O pai explicou pra ele onde t\u00e1.<\/em> <\/p>\n<\/p><\/div>\n<div id=\"chunk-br5ns\">\n<p data-track-category=\"Link no Texto\" data-track-links> <em>Da\u00ed o Cristiano t\u00e1 indo a\u00ed agora pra pegar. Pode alcan\u00e7ar pra ele que ele t\u00e1 ajudando n\u00f3s. Pode ficar tranquila que ele t\u00e1 indo a\u00ed. <\/em> <\/p>\n<\/p><\/div>\n<div id=\"chunk-7lsc6\">\n<p data-track-category=\"Link no Texto\" data-track-links> <em>Ah, m\u00e3e, eu n\u00e3o quero saber de picuinha. S\u00f3 quero que ele resolva isso aqui. E deu, o pai tem que ir pra casa tamb\u00e9m. <\/em> <\/p>\n<\/p><\/div>\n<div id=\"chunk-c5m6c\">\n<p data-track-category=\"Link no Texto\" data-track-links> <em>T\u00e1, deixa ent\u00e3o, n\u00e3o precisa ajudar, eu me viro sozinha. Tem mais \u00e9 que pedir para os outros estranhos ajudar mesmo, porque os de casa n\u00e3o podem&#8230; Meu telefone est\u00e1 travando muito, eu mexi de tarde. Num aplicativo, da\u00ed ficou bem ruim. Vou ter que levar para arrumar, est\u00e1 trancando muito. Est\u00e1 muito ruim de falar nele.&#8221;<\/em> <\/p>\n<\/p><\/div>\n<div data-block-type=\"raw\" data-block-weight=\"1\" id=\"chunk-1hpll\">\n<p><h2>Indiciamento<\/h2>\n<\/p><\/div>\n<div id=\"chunk-baj3i\">\n<p data-track-category=\"Link no Texto\" data-track-links> A investiga\u00e7\u00e3o apontou que <strong>seis pessoas<\/strong> s\u00e3o suspeitas de cometerem <strong>nove diferentes crimes<\/strong>. <\/p>\n<\/p><\/div>\n<div id=\"chunk-e5uhq\">\n<p data-track-category=\"Link no Texto\" data-track-links> O inqu\u00e9rito policial indiciou Cristiano por feminic\u00eddio contra Silvana e dois homic\u00eddios contra Isail e Dalmira \u2014 al\u00e9m dele, outras cinco pessoas foram indiciadas. <\/p>\n<\/p><\/div>\n<div data-block-type=\"backstage-photo\" id=\"chunk-7ua3p\">\n<p> Cristiano Domingues Francisco, suspeito no desaparecimento da fam\u00edlia Aguiar \u2014 Foto: Renan Mattos \/ Agencia RBS <\/p>\n<\/p><\/div>\n<div id=\"chunk-c6qo5\">\n<p data-track-category=\"Link no Texto\" data-track-links> <strong>Cristiano foi indiciado por nove crimes: <\/strong> <\/p>\n<\/p><\/div>\n<div data-block-type=\"raw\" data-block-weight=\"102\" id=\"chunk-ci35g\">\n<ul>\n<li><strong>Feminic\u00eddio \u2013 Pena: Reclus\u00e3o, de 20 a 40 anos;<\/strong><\/li>\n<li><strong>Duplo Homic\u00eddio Triplamente Qualificado \u2013 Pena: Reclus\u00e3o, de 12 a 30 anos;<\/strong><\/li>\n<li><strong>Oculta\u00e7\u00e3o de Cad\u00e1ver \u2013 Pena: Reclus\u00e3o, de 1 a 3 anos, e multa;<\/strong><\/li>\n<li><strong>Abandono de Incapaz \u2013 Pena: Reclus\u00e3o, de 2 a 5 anos;<\/strong><\/li>\n<li><strong>Falsidade Ideol\u00f3gica \u2013 Pena: Reclus\u00e3o, de 1 a 5 anos;<\/strong><\/li>\n<li><strong>Furto Qualificado \u2013 Pena: Reclus\u00e3o, de 2 a 8 anos, e multa;<\/strong><\/li>\n<li><strong>Fraude Processual \u2013 Pena: Deten\u00e7\u00e3o, de 6 meses a 4 anos, e multa;<\/strong><\/li>\n<li><strong>Falso Testemunho \u2013 Pena: Reclus\u00e3o, de 2 a 4 anos, e multa;<\/strong><\/li>\n<li><strong>Associa\u00e7\u00e3o Criminosa \u2013 Pena: Reclus\u00e3o, de 1 a 3 anos.<\/strong><\/li>\n<\/ul><\/div>\n<div id=\"chunk-6vgf7\">\n<p data-track-category=\"Link no Texto\" data-track-links> <strong>Milena Ruppenthal Domingues, atual esposa de Cristiano, foi indiciada por oculta\u00e7\u00e3o de cad\u00e1ver, furto qualificado, falso testemunho, fraude processual e associa\u00e7\u00e3o criminosa.<\/strong> <\/p>\n<\/p><\/div>\n<div id=\"chunk-cdijp\">\n<p data-track-category=\"Link no Texto\" data-track-links> &#8220;Ao que tudo indica, participou do p\u00f3s-crime, <span>manipulando dados e conduzindo depoimentos<\/span>. Ela seria uma pe\u00e7a fundamental. H\u00e1 indicativos de que ela excluiu contas. Inclusive, o pr\u00f3prio <strong>aplicativo de clonagem de voz <\/strong><strong>foi descredenciado quando o autor j\u00e1 estava preso<\/strong>. Ent\u00e3o, ela tinha o conhecimento desse aplicativo e realizou o descredenciamento para tentar encobrir essa evid\u00eancia\u201d, afirmou o delegado Diego Traesel, diretor da Divis\u00e3o de Intelig\u00eancia Policial e An\u00e1lise Criminal. <\/p>\n<\/p><\/div>\n<div id=\"chunk-7g8iv\">\n<p data-track-category=\"Link no Texto\" data-track-links> \u201cTem tamb\u00e9m a quest\u00e3o do <strong>furto na resid\u00eancia<\/strong> <em>(de Silvana<\/em>), uma conduta totalmente incompat\u00edvel com uma pessoa supostamente desaparecida e que deveria voltar. Verificamos que ambos <span>se dirigiram \u00e0 casa da v\u00edtima e de l\u00e1 retiraram dois aparelhos televisores<\/span>\u201d, completou. <\/p>\n<\/p><\/div>\n<div id=\"chunk-4h0i5\">\n<p data-track-category=\"Link no Texto\" data-track-links> <strong>Wagner Domingues Francisco, irm\u00e3o de Cristiano, foi indiciado por oculta\u00e7\u00e3o de cad\u00e1ver, fraude processual e associa\u00e7\u00e3o criminosa.<\/strong> <\/p>\n<\/p><\/div>\n<div id=\"chunk-64qm9\">\n<p data-track-category=\"Link no Texto\" data-track-links> \u201cEles (<em>Cristiano e Wagner<\/em>) <span>somem em um per\u00edodo cr\u00edtico e os pr\u00f3prios familiares ficam sem contato com ambos por cerca de 13 horas<\/span>. Somado ao fato de o DNA dele ter sido encontrado junto ao telefone da v\u00edtima, nos leva a crer que ele tenha participado nessa oculta\u00e7\u00e3o\u201d, afirma Traesel. <\/p>\n<\/p><\/div>\n<div id=\"chunk-1c3g0\">\n<p data-track-category=\"Link no Texto\" data-track-links> Os investigadores tamb\u00e9m acreditam que ele teria participado da destrui\u00e7\u00e3o de provas, recolhendo HDs de c\u00e2meras de monitoramento para encobrir rastros no p\u00f3s-crime. <\/p>\n<\/p><\/div>\n<div id=\"chunk-2ipr9\">\n<p data-track-category=\"Link no Texto\" data-track-links> <strong>Paulo da Silva, amigo de Cristiano, foi indiciado por falso testemunho, fraude processual e associa\u00e7\u00e3o criminosa.<\/strong> <\/p>\n<\/p><\/div>\n<div id=\"chunk-eauqg\">\n<p data-track-category=\"Link no Texto\" data-track-links> \u201cEsse amigo pr\u00f3ximo da v\u00edtima, que <strong>tinha conhecimento de inform\u00e1tica<\/strong>, concorreu nessa fraude estabelecida, nessa limpeza de evid\u00eancias, apagando conte\u00fados\u201d, afirmou Traesel. <\/p>\n<\/p><\/div>\n<div id=\"chunk-4bbhu\">\n<p data-track-category=\"Link no Texto\" data-track-links> O delegado alega que ele tamb\u00e9m teria mentido em depoimento. \u201c<span>Mentiu para n\u00f3s na fase policial<\/span>. Conseguimos comprovar que a fala em rela\u00e7\u00e3o ao Cristiano foi orquestrada e organizada pela esposa. Isso a\u00ed est\u00e1 documentado.\u201d <\/p>\n<\/p><\/div>\n<div id=\"chunk-dkihn\">\n<p data-track-category=\"Link no Texto\" data-track-links> <strong>Maria Rosane Domingues Francisco, m\u00e3e de Cristiano, foi indiciada por fraude processual e associa\u00e7\u00e3o criminosa.<\/strong> <\/p>\n<\/p><\/div>\n<div id=\"chunk-b73ff\">\n<p data-track-category=\"Link no Texto\" data-track-links> A m\u00e3e do principal suspeito do crime teria participado da <span>retirada de HDs de sua pr\u00f3pria casa<\/span> e \u201cmanipulado mensagens coordenadamente para que dados fossem apagados e conte\u00fados fossem removidos\u201d, aponta a pol\u00edcia. <\/p>\n<\/p><\/div>\n<div id=\"chunk-8b1jm\">\n<p data-track-category=\"Link no Texto\" data-track-links> <strong>Ivone Ruppenthal, sogra de Cristiano, foi indiciada por fraude processual e associa\u00e7\u00e3o criminosa.<\/strong> <\/p>\n<\/p><\/div>\n<div id=\"chunk-1ho6r\">\n<p data-track-category=\"Link no Texto\" data-track-links> Ivone \u00e9 m\u00e3e de Milena, atual esposa de Cristiano. \u201cTamb\u00e9m tem participa\u00e7\u00e3o nessa a\u00e7\u00e3o coordenada de apagar vest\u00edgios e encobrir os rastros\u201d, diz Traesel. <\/p>\n<\/p><\/div>\n<div data-block-type=\"raw\" data-block-weight=\"5\" id=\"chunk-5eno7\">\n<p><h2>O que dizem as defesas<\/h2>\n<\/p><\/div>\n<div id=\"chunk-7o4ph\">\n<p data-track-category=\"Link no Texto\" data-track-links> \u27a1\ufe0f <strong>Cristiano Domingues Francisco<\/strong>: <em>&#8220;A Defesa de Cristiano aguarda o encaminhamento do inqu\u00e9rito, sendo que, pela finaliza\u00e7\u00e3o das investiga\u00e7\u00f5es, dever\u00e1 ter acesso amplo e irrestrito a todos os procedimentos cautelares que se encontram em segredo de justi\u00e7a, possibilitando um posicionamento mais assertivo.&#8221;<\/em> <\/p>\n<\/p><\/div>\n<div id=\"chunk-3s5ue\">\n<p data-track-category=\"Link no Texto\" data-track-links> \u27a1\ufe0f <strong>Milena Ruppenthal Domingues<\/strong> (mulher de Cristiano), <strong>Paulo da Silva<\/strong> (amigo de Cristiano), <strong>Maria Rosane Domingues Francisco<\/strong> (m\u00e3e de Cristiano) e <strong>Ivone Ruppenthal<\/strong> (sogra de Cristiano): <\/p>\n<\/p><\/div>\n<div id=\"chunk-7prka\">\n<p data-track-category=\"Link no Texto\" data-track-links> <em>&#8220;A defesa de Milena, Paulo, Maria Rosane e Ivone informa que, ao longo do regular tr\u00e2mite processual, ser\u00e1 devidamente demonstrada \u2014 com a garantia do contradit\u00f3rio e da ampla defesa \u2014 a inoc\u00eancia dos envolvidos, bem como a fragilidade dos ind\u00edcios apresentados no inqu\u00e9rito policial.<\/em> <\/p>\n<\/p><\/div>\n<div id=\"chunk-6o0r3\">\n<p data-track-category=\"Link no Texto\" data-track-links> <em>Ressalta-se, ainda, que ser\u00e3o levadas ao conhecimento do Poder Judici\u00e1rio as irregularidades ocorridas durante a investiga\u00e7\u00e3o, somadas a eventuais abusos praticados, os quais ser\u00e3o oportunamente apurados pelos meios legais cab\u00edveis.<\/em> <\/p>\n<\/p><\/div>\n<div id=\"chunk-c1his\">\n<p data-track-category=\"Link no Texto\" data-track-links> <em>A defesa reitera sua confian\u00e7a na Justi\u00e7a e no devido processo legal, certos de que os fatos ser\u00e3o esclarecidos de forma t\u00e9cnica e fundamentada.<\/em> <\/p>\n<\/p><\/div>\n<div id=\"chunk-1evde\">\n<p data-track-category=\"Link no Texto\" data-track-links> <em>Declaram-se absolutamente inocentes das acusa\u00e7\u00f5es.&#8221;<\/em> <\/p>\n<\/p><\/div>\n<div id=\"chunk-2k2ra\">\n<p data-track-category=\"Link no Texto\" data-track-links> \u27a1\ufe0f <strong>Wagner Domingues Francisco<\/strong> (irm\u00e3o de Cristiano): &#8220;<em>A Defesa t\u00e9cnica de WAGNER DOMINGUES FRANCISCO, com o senso de responsabilidade que o momento exige, vem a p\u00fablico manifestar-se acerca do Inqu\u00e9rito Policial que apura as circunst\u00e2ncias envolvendo o desaparecimento da fam\u00edlia Aguiar, no munic\u00edpio de <\/em>Cachoeirinha<em>\/RS.<\/em> <\/p>\n<\/p><\/div>\n<div id=\"chunk-9vv5c\">\n<p data-track-category=\"Link no Texto\" data-track-links> <em>A Defesa tomou conhecimento, exclusivamente por interm\u00e9dio da m\u00eddia e de coletiva de imprensa, da exist\u00eancia de 37 medidas cautelares, al\u00e9m de buscas, apreens\u00f5es e indiciamentos, sem que lhe tenha sido assegurado, at\u00e9 o presente momento, acesso aos respectivos expedientes, circunst\u00e2ncia que impede o pleno conhecimento das teses investigativas.<\/em> <\/p>\n<\/p><\/div>\n<div id=\"chunk-4gj6g\">\n<p data-track-category=\"Link no Texto\" data-track-links> <em>Importa destacar que as imputa\u00e7\u00f5es at\u00e9 ent\u00e3o divulgadas consistem, neste est\u00e1gio, em meras hip\u00f3teses investigativas, ainda n\u00e3o submetidas ao contradit\u00f3rio, sendo o inqu\u00e9rito policial, por sua natureza, procedimento de car\u00e1ter unilateral.<\/em> <\/p>\n<\/p><\/div>\n<div id=\"chunk-aofnn\">\n<p data-track-category=\"Link no Texto\" data-track-links> <em>Reitera-se, por fim, que WAGNER DOMINGUES FRANCISCO sempre esteve, e assim permanecer\u00e1, \u00e0 inteira disposi\u00e7\u00e3o das autoridades. A Defesa aguarda o acesso integral aos elementos de prova para manifesta\u00e7\u00e3o oportuna e aprofundada, confiante de que o devido processo legal conduzir\u00e1 ao pleno esclarecimento dos fatos, com a consequente demonstra\u00e7\u00e3o de sua inoc\u00eancia e a preval\u00eancia da Justi\u00e7a.&#8221;<\/em> <\/p>\n<\/p><\/div>\n<div data-block-type=\"raw\" data-block-weight=\"3\" id=\"chunk-8h407\">\n<p><h2>Relembre o caso<\/h2>\n<\/p><\/div>\n<div data-block-type=\"backstage-photo\" id=\"chunk-2aj03\">\n<p> Silvana Germann de Aguiar, Dalmira Germann de Aguiar e Isail Vieira de Aguiar \u2014 Foto: Imagens cedidas\/Pol\u00edcia Civil <\/p>\n<\/p><\/div>\n<div id=\"chunk-b0be5\">\n<p data-track-category=\"Link no Texto\" data-track-links> O <strong>g1 <\/strong>montou a <span>linha do tempo<\/span> que detalha os principais acontecimentos da investiga\u00e7\u00e3o. Confira: <\/p>\n<\/p><\/div>\n<div id=\"chunk-5ncho\">\n<p data-track-category=\"Link no Texto\" data-track-links> <strong>O fim de semana dos desaparecimentos<\/strong> <\/p>\n<\/p><\/div>\n<div data-block-type=\"raw\" data-block-weight=\"231\" id=\"chunk-eegdv\">\n<ul>\n<li><strong>24 de janeiro (s\u00e1bado)<\/strong>: Silvana \u00e9 vista pela \u00faltima vez. Uma publica\u00e7\u00e3o em seu perfil nas redes sociais dizia que ela havia sofrido um acidente em Gramado, mas que estava bem. Segundo a pol\u00edcia, o acidente nunca aconteceu e o objetivo da postagem seria despistar o desaparecimento.<br \/>Imagens de uma c\u00e2mera de seguran\u00e7a registraram uma movimenta\u00e7\u00e3o at\u00edpica de ve\u00edculos na noite de 24 de janeiro:<br \/>&#8211; 20h34: Um carro vermelho entra na resid\u00eancia de Silvana, e sai oito minutos depois;<br \/>&#8211; 21h28: O ve\u00edculo branco de Silvana entra na garagem da casa;<br \/>&#8211; 23h30: Outro autom\u00f3vel chega ao local, permanece por 12 minutos e vai embora.<\/li>\n<li><strong>25 de janeiro (domingo):<br \/><\/strong>&#8211; Alertados por vizinhos sobre a postagem, os pais de Silvana, Isail e Dalmira Aguiar, saem para procurar a filha. O casal de idosos tenta registrar o desaparecimento na delegacia distrital, mas a unidade estava fechada;<br \/>&#8211; Segundo a Pol\u00edcia Civil, ap\u00f3s sa\u00edrem da delegacia, os idosos seguiram para a resid\u00eancia do ex-genro, Cristiano. Em depoimento prestado inicialmente como testemunha, o policial afirmou que o casal teria pedido ajuda para procurar Silvana, j\u00e1 que ele \u00e9 policial militar. Ele teria dito que estava preparando o almo\u00e7o e que auxiliaria mais tarde;<br \/>&#8211; Ainda conforme a investiga\u00e7\u00e3o, ap\u00f3s a visita, os idosos teriam retornado para casa e, horas depois, teriam sido vistos por vizinhos entrando em um carro n\u00e3o identificado, de cor desconhecida. Desde ent\u00e3o, n\u00e3o foram mais vistos.<\/li>\n<\/ul><\/div>\n<div data-block-type=\"raw\" data-block-weight=\"127\" id=\"chunk-hun4\">\n<ul>\n<li><strong>27 e 28 de janeiro:<\/strong> As ocorr\u00eancias de desaparecimento s\u00e3o registradas formalmente. O ex-marido, Cristiano Domingues Francisco, comunica o sumi\u00e7o de Silvana, e uma sobrinha, informa \u00e0 pol\u00edcia que os idosos tamb\u00e9m n\u00e3o foram mais vistos;<\/li>\n<li><strong>28 de janeiro<\/strong>: Cristiano comparece ao Conselho Tutelar para pedir que o filho fique sob sua guarda durante as investiga\u00e7\u00f5es;<\/li>\n<li><strong>1\u00ba de fevereiro<\/strong>: Cristiano envia uma foto de dentro da casa dos sogros para uma conhecida, mostrando o ve\u00edculo do casal;<\/li>\n<li><strong>3 de fevereiro<\/strong>: A pol\u00edcia ouve seis pessoas, incluindo o ex-marido e sua atual companheira. Um proj\u00e9til de arma de fogo \u00e9 encontrado no p\u00e1tio da casa dos idosos;<\/li>\n<li><strong>4 de fevereiro<\/strong>: A Pol\u00edcia Civil confirma que trata o caso como crime, descartando sequestro por falta de pedido de resgate.<\/li>\n<\/ul><\/div>\n<div data-block-type=\"backstage-video\" itemscope itemtype=\"http:\/\/schema.org\/VideoObject\" itemprop=\"video\" id=\"chunk-es7e5\"> <meta itemprop=\"name\" content=\"Em \u00e1udio, PM suspeito de matar fam\u00edlia no RS pergunta sobre investiga\u00e7\u00e3o\"> <meta itemprop=\"thumbnailUrl\" content=\"https:\/\/s04.video.glbimg.com\/x240\/14333299.jpg\"> <meta itemprop=\"datePublished\" content=\"2026-04-24T23:52:30.354Z\"> <meta itemprop=\"uploadDate\" content=\"2026-04-24T23:52:30.354Z\"> <meta itemprop=\"contentUrl\" content=\"https:\/\/vodstreaming01.video.globo.com\/45\/ee\/be\/14333299_be71dd26354a851413f774893e9f59c1d9d756b0\/14333299-360p_300k_h264-9477e110-e8c2-013e-ff7d-2a8be7061d40.mp4\"> <\/p>\n<div> <meta itemprop=\"name\" content=\"Em \u00e1udio, PM suspeito de matar fam\u00edlia no RS pergunta sobre investiga\u00e7\u00e3o\"> <meta itemprop=\"thumbnailUrl\" content=\"https:\/\/s04.video.glbimg.com\/x240\/14333299.jpg\"> <meta itemprop=\"datePublished\" content=\"2026-04-24T23:52:30.354Z\"> <meta itemprop=\"uploadDate\" content=\"2026-04-24T23:52:30.354Z\"> <meta itemprop=\"contentUrl\" content=\"https:\/\/vodstreaming01.video.globo.com\/45\/ee\/be\/14333299_be71dd26354a851413f774893e9f59c1d9d756b0\/14333299-360p_300k_h264-9477e110-e8c2-013e-ff7d-2a8be7061d40.mp4\">  <\/p>\n<div data-video-id=\"14333299\">\n<p><img decoding=\"async\" src=\"https:\/\/s04.video.glbimg.com\/x240\/14333299.jpg\" alt=\"Em \u00e1udio, PM suspeito de matar fam\u00edlia no RS pergunta sobre investiga\u00e7\u00e3o\" title=\"Em \u00e1udio, PM suspeito de matar fam\u00edlia no RS pergunta sobre investiga\u00e7\u00e3o\"><\/p>\n<p><bs-player videoid=\"14333299\" subscriber-only=\"false\" id=\"wp3-player-es7e5\" serviceid=\"151\" auth=\"false\" data-opt-mute adplacement=\"accompanying\" autoplay rounded><\/bs-player> <\/div>\n<\/p><\/div>\n<p itemprop=\"description\"> Em \u00e1udio, PM suspeito de matar fam\u00edlia no RS pergunta sobre investiga\u00e7\u00e3o <\/p>\n<\/p><\/div>\n<div data-block-type=\"raw\" data-block-weight=\"99\" id=\"chunk-e4enl\">\n<ul>\n<li><strong>25 de fevereiro<\/strong>: Silvana \u00e9 considerada a 20\u00aa v\u00edtima de feminic\u00eddio no RS em 2026.<\/li>\n<li><strong>26 e 27 de fevereiro<\/strong>: Pol\u00edcia Civil realiza buscas pelos corpos em \u00e1reas de matas e rios pr\u00f3ximos a Cachoerinha.<\/li>\n<li><strong>9 de mar\u00e7o<\/strong>: Pris\u00e3o de PM suspeito do desaparecimento \u00e9 prorrogada por 30 dias.<\/li>\n<li><strong>13 de mar\u00e7o<\/strong>: Bombeiros realizam mais trabalhos de busca em \u00e1reas rurais da Regi\u00e3o Metropolitana de Porto Alegre. Os agentes usam c\u00e3es farejadores.<\/li>\n<li><strong>24 e 25 de mar\u00e7o<\/strong>: O desaparecimento da fam\u00edlia Aguiar completa dois meses.<\/li>\n<li><strong>9 de abril: <\/strong>Justi\u00e7a decreta a pris\u00e3o preventiva do policial militar Cristiano Domingues Francisco.<\/li>\n<\/ul><\/div>\n<div data-block-type=\"backstage-photo\" id=\"chunk-45moo\">\n<p> Infogr\u00e1fico mostra sequ\u00eancia de fatos sobre o desaparecimento de tr\u00eas membros da fam\u00edlia Aguiar no RS \u2014 Foto: Arte\/g1 <\/p>\n<\/p><\/div>\n<div data-block-type=\"raw\" data-block-weight=\"5\" id=\"chunk-fahjn\">\n<p><h2>V\u00cdDEOS: Tudo sobre o RS<\/h2>\n<\/p><\/div>\n<\/p><\/div>\n","protected":false},"excerpt":{"rendered":"<p>\ud83d\udd0e Silvana, 48 anos, e os pais dela, Isail, de 69, e Dalmira Germann de Aguiar, de 70, n\u00e3o s\u00e3o vistos h\u00e1 tr\u00eas meses, desde os dias 24 e 25&hellip;<\/p>\n","protected":false},"author":1,"featured_media":41484,"comment_status":"open","ping_status":"open","sticky":false,"template":"","format":"standard","meta":{"footnotes":""},"categories":[6],"tags":[],"class_list":["post-41483","post","type-post","status-publish","format-standard","has-post-thumbnail","hentry","category-regiao"],"_links":{"self":[{"href":"https:\/\/radioultimapalavra.amelhor.net\/site\/wp-json\/wp\/v2\/posts\/41483","targetHints":{"allow":["GET"]}}],"collection":[{"href":"https:\/\/radioultimapalavra.amelhor.net\/site\/wp-json\/wp\/v2\/posts"}],"about":[{"href":"https:\/\/radioultimapalavra.amelhor.net\/site\/wp-json\/wp\/v2\/types\/post"}],"author":[{"embeddable":true,"href":"https:\/\/radioultimapalavra.amelhor.net\/site\/wp-json\/wp\/v2\/users\/1"}],"replies":[{"embeddable":true,"href":"https:\/\/radioultimapalavra.amelhor.net\/site\/wp-json\/wp\/v2\/comments?post=41483"}],"version-history":[{"count":0,"href":"https:\/\/radioultimapalavra.amelhor.net\/site\/wp-json\/wp\/v2\/posts\/41483\/revisions"}],"wp:featuredmedia":[{"embeddable":true,"href":"https:\/\/radioultimapalavra.amelhor.net\/site\/wp-json\/wp\/v2\/media\/41484"}],"wp:attachment":[{"href":"https:\/\/radioultimapalavra.amelhor.net\/site\/wp-json\/wp\/v2\/media?parent=41483"}],"wp:term":[{"taxonomy":"category","embeddable":true,"href":"https:\/\/radioultimapalavra.amelhor.net\/site\/wp-json\/wp\/v2\/categories?post=41483"},{"taxonomy":"post_tag","embeddable":true,"href":"https:\/\/radioultimapalavra.amelhor.net\/site\/wp-json\/wp\/v2\/tags?post=41483"}],"curies":[{"name":"wp","href":"https:\/\/api.w.org\/{rel}","templated":true}]}}