{"id":41485,"date":"2026-04-25T03:33:29","date_gmt":"2026-04-25T06:33:29","guid":{"rendered":"https:\/\/radioultimapalavra.amelhor.net\/site\/carmen-lucia-propoe-criacao-de-brigadas-eleitorais-para-candidatas-mulheres-nas-eleicoes-2026\/"},"modified":"2026-04-25T03:33:29","modified_gmt":"2026-04-25T06:33:29","slug":"carmen-lucia-propoe-criacao-de-brigadas-eleitorais-para-candidatas-mulheres-nas-eleicoes-2026","status":"publish","type":"post","link":"https:\/\/radioultimapalavra.amelhor.net\/site\/carmen-lucia-propoe-criacao-de-brigadas-eleitorais-para-candidatas-mulheres-nas-eleicoes-2026\/","title":{"rendered":"C\u00e1rmen L\u00facia prop\u00f5e cria\u00e7\u00e3o de brigadas eleitorais para candidatas mulheres nas elei\u00e7\u00f5es 2026"},"content":{"rendered":"<div itemscope itemtype=\"http:\/\/schema.org\/NewsArticle\">  <span itemprop=\"image\" itemscope itemtype=\"http:\/\/schema.org\/ImageObject\"> <meta itemprop=\"representativeOfPage\" content=\"true\"> <meta itemprop=\"url\" content=\"https:\/\/s2-g1.glbimg.com\/JA1XolGJA02csqHos825TdfjH4I=\/5026x0\/filters:format(jpeg)\/https:\/\/i.s3.glbimg.com\/v1\/AUTH_59edd422c0c84a879bd37670ae4f538a\/internal_photos\/bs\/2026\/o\/A\/6d7DwqRaKtPM6x27qp9Q\/55115739354-630de78a82-o.jpg\"> <meta itemprop=\"width\" content=\"5026\"> <meta itemprop=\"height\" content=\"2545\"> <\/span>   <\/p>\n<div>\n<div>\n<p data-block-type=\"title\"> <meta itemprop=\"name\" content=\"C\u00e1rmen L\u00facia prop\u00f5e cria\u00e7\u00e3o de \u2018brigadas eleitorais para candidatas mulheres\u2019 nas elei\u00e7\u00f5es 2026\"> <\/p>\n<h2 itemprop=\"headline\">C\u00e1rmen L\u00facia prop\u00f5e cria\u00e7\u00e3o de \u2018brigadas eleitorais para candidatas mulheres\u2019 nas elei\u00e7\u00f5es 2026<\/h2>\n<\/p>\n<p> <meta itemprop=\"alternateName\" content=\"Sugest\u00e3o foi feita durante aula magna na UFRGS. Segundo a ministra do STF, seria uma medida que poderia vigorar j\u00e1 nas elei\u00e7\u00f5es de 2026.\"> <\/p>\n<h2 itemprop=\"alternativeHeadline\">Sugest\u00e3o foi feita durante aula magna na UFRGS. Segundo a ministra do STF, seria uma medida que poderia vigorar j\u00e1 nas elei\u00e7\u00f5es de 2026.<\/h2>\n<\/p><\/div>\n<hr>\n<div data-block-type=\"summary\">\n<details>\n<summary>  <\/summary>\n<div>\n<ul>\n<li>\n<div id=\"chunk-e4901\">\n<p data-track-category=\"Link no Texto\" data-track-links> A ministra C\u00e1rmen L\u00facia, do Supremo Tribunal Federal (STF), foi a palestrante da aula magna da Universidade Federal do Rio Grande do Sul (UFRGS) nesta sexta-feira (24). <\/p>\n<\/p><\/div>\n<\/li>\n<li>\n<div id=\"chunk-a52ih\">\n<p data-track-category=\"Link no Texto\" data-track-links> Na ocasi\u00e3o, prop\u00f4s, j\u00e1 para as elei\u00e7\u00f5es de 2026, a cria\u00e7\u00e3o de brigadas eleitorais para candidatas mulheres. <\/p>\n<\/p><\/div>\n<\/li>\n<li>\n<div id=\"chunk-48qfl\">\n<p data-track-category=\"Link no Texto\" data-track-links> Segundo a ministra, a proposta se assemelharia \u00e0s brigadas Maria da Penha. <\/p>\n<\/p><\/div>\n<\/li>\n<li>\n<div id=\"chunk-5fphr\">\n<p data-track-category=\"Link no Texto\" data-track-links> C\u00e1rmen L\u00facia conduziu o Tribunal Superior Eleitoral (TSE) durante o pleito municipal de 2024. Ela antecipou para o dia 14 deste m\u00eas sua sa\u00edda do cargo, que foi assumido pelo ministro Nunes Marques. <\/p>\n<\/p><\/div>\n<\/li>\n<\/ul><\/div>\n<\/details><\/div>\n<\/p><\/div>\n<div>  <meta itemprop=\"isAccessibleForFree\" content=\"true\"> <\/p>\n<div data-block-type=\"backstage-photo\" id=\"chunk-9jejo\">\n<p> C\u00e1rmen L\u00facia durante julgamento dos acusados de mandar matar Marielle Franco \u2014 Foto: Rosinei Coutinho\/STF <\/p>\n<\/p><\/div>\n<div id=\"chunk-1k1a7\">\n<p data-track-category=\"Link no Texto\" data-track-links> A <strong>ministra C\u00e1rmen L\u00facia, do Supremo Tribunal Federal (STF)<\/strong>, foi a palestrante da aula magna da Universidade Federal do Rio Grande do Sul (UFRGS) nesta sexta-feira (24), cujo tema foi <span>\u201cViol\u00eancia contra a mulher: desafios contempor\u00e2neos e caminhos para o enfrentamento\u201d<\/span>. <\/p>\n<\/p><\/div>\n<div>\n<div id=\"chunk-33t37\">\n<p data-track-category=\"Link no Texto\" data-track-links> Na ocasi\u00e3o, prop\u00f4s, <span>j\u00e1 para as elei\u00e7\u00f5es de 2026<\/span>, a <strong>cria\u00e7\u00e3o de brigadas eleitorais para candidatas<\/strong>. <\/p>\n<\/p><\/div>\n<div id=\"chunk-9ld8s\">\n<p data-track-category=\"Link no Texto\" data-track-links> \u201c<strong>Que n\u00f3s criemos tamb\u00e9m brigadas eleitorais para as candidatas mulheres<\/strong>, porque, se a gente n\u00e3o criar, vamos ter cada vez mais viol\u00eancia sendo praticada\u201d, declarou a ministra. <\/p>\n<\/p><\/div>\n<div data-block-type=\"raw\" data-block-weight=\"53\" id=\"chunk-8633k\">\n<blockquote><p>Ela explicou a ideia: \u201cestou propondo at\u00e9 pela minha experi\u00eancia como presidente das elei\u00e7\u00f5es de 2024, que a gente comece criando, como temos a brigada Maria da Penha, que s\u00e3o brigadas que s\u00e3o chamadas quando a mulher esteja passando por uma situa\u00e7\u00e3o de viol\u00eancia e acione imediatamente para evitar o pior desfecho\u201d, afirmou.<\/p><\/blockquote><\/div>\n<div data-block-type=\"backstage-video\" itemscope itemtype=\"http:\/\/schema.org\/VideoObject\" itemprop=\"video\" id=\"chunk-9dtqm\"> <meta itemprop=\"name\" content=\"Veja os v\u00eddeos que est\u00e3o em alta no g1\"> <meta itemprop=\"thumbnailUrl\" content=\"https:\/\/s04.video.glbimg.com\/x240\/992055.jpg\"> <meta itemprop=\"datePublished\" content=\"2026-04-25T00:37:36.485Z\"> <meta itemprop=\"uploadDate\" content=\"2026-04-25T00:37:36.485Z\"> <\/p>\n<div> <meta itemprop=\"name\" content=\"Veja os v\u00eddeos que est\u00e3o em alta no g1\"> <meta itemprop=\"thumbnailUrl\" content=\"https:\/\/s04.video.glbimg.com\/x240\/992055.jpg\"> <meta itemprop=\"datePublished\" content=\"2026-04-25T00:37:36.485Z\"> <meta itemprop=\"uploadDate\" content=\"2026-04-25T00:37:36.485Z\">  <\/p>\n<div data-video-id=\"992055\">\n<p><img decoding=\"async\" src=\"https:\/\/s04.video.glbimg.com\/x240\/992055.jpg\" alt=\"Veja os v\u00eddeos que est\u00e3o em alta no g1\" title=\"Veja os v\u00eddeos que est\u00e3o em alta no g1\"><\/p>\n<p><bs-player videoid=\"992055\" subscriber-only=\"false\" id=\"wp3-player-9dtqm\" serviceid=\"151\" auth=\"false\" data-opt-mute adplacement=\"accompanying\" autoplay rounded><\/bs-player> <\/div>\n<\/p><\/div>\n<p itemprop=\"description\"> Veja os v\u00eddeos que est\u00e3o em alta no g1 <\/p>\n<\/p><\/div>\n<div id=\"chunk-4thku\">\n<p data-track-category=\"Link no Texto\" data-track-links> C\u00e1rmen L\u00facia conduziu o Tribunal Superior Eleitoral (TSE) durante o pleito municipal de 2024. Ela antecipou para o dia 14 deste m\u00eas sua sa\u00edda do cargo, que foi assumido pelo ministro Nunes Marques. <\/p>\n<\/p><\/div>\n<div id=\"chunk-euqb0\">\n<p data-track-category=\"Link no Texto\" data-track-links> \u201cA elei\u00e7\u00e3o <em>(de 2024)<\/em> deu certo. Os eleitores foram votar, n\u00e3o fizeram o que tinham que votar e \u00e0 noite eu dei o resultado, acabou a conversa. N\u00f3s queremos a paz democr\u00e1tica, a paz que \u00e9 o equil\u00edbrio no movimento com respeito a todos os direitos\u201d, disse ainda a ministra. <\/p>\n<\/p><\/div>\n<div data-block-type=\"raw\" data-block-weight=\"5\" id=\"chunk-4eabb\">\n<p><h2>V\u00cdDEOS: Tudo sobre o RS<\/h2>\n<\/p><\/div>\n<\/p><\/div>\n<div id=\"newsletter-g1-modal__overlay\">\n<h3>Ops!<\/h3>\n<\/p><\/div>\n<\/p><\/div>\n<\/p><\/div>\n","protected":false},"excerpt":{"rendered":"<p>C\u00e1rmen L\u00facia prop\u00f5e cria\u00e7\u00e3o de \u2018brigadas eleitorais para candidatas mulheres\u2019 nas elei\u00e7\u00f5es 2026 Sugest\u00e3o foi feita durante aula magna na UFRGS. Segundo a ministra do STF, seria uma medida que&hellip;<\/p>\n","protected":false},"author":1,"featured_media":41486,"comment_status":"open","ping_status":"open","sticky":false,"template":"","format":"standard","meta":{"footnotes":""},"categories":[6],"tags":[],"class_list":["post-41485","post","type-post","status-publish","format-standard","has-post-thumbnail","hentry","category-regiao"],"_links":{"self":[{"href":"https:\/\/radioultimapalavra.amelhor.net\/site\/wp-json\/wp\/v2\/posts\/41485","targetHints":{"allow":["GET"]}}],"collection":[{"href":"https:\/\/radioultimapalavra.amelhor.net\/site\/wp-json\/wp\/v2\/posts"}],"about":[{"href":"https:\/\/radioultimapalavra.amelhor.net\/site\/wp-json\/wp\/v2\/types\/post"}],"author":[{"embeddable":true,"href":"https:\/\/radioultimapalavra.amelhor.net\/site\/wp-json\/wp\/v2\/users\/1"}],"replies":[{"embeddable":true,"href":"https:\/\/radioultimapalavra.amelhor.net\/site\/wp-json\/wp\/v2\/comments?post=41485"}],"version-history":[{"count":0,"href":"https:\/\/radioultimapalavra.amelhor.net\/site\/wp-json\/wp\/v2\/posts\/41485\/revisions"}],"wp:featuredmedia":[{"embeddable":true,"href":"https:\/\/radioultimapalavra.amelhor.net\/site\/wp-json\/wp\/v2\/media\/41486"}],"wp:attachment":[{"href":"https:\/\/radioultimapalavra.amelhor.net\/site\/wp-json\/wp\/v2\/media?parent=41485"}],"wp:term":[{"taxonomy":"category","embeddable":true,"href":"https:\/\/radioultimapalavra.amelhor.net\/site\/wp-json\/wp\/v2\/categories?post=41485"},{"taxonomy":"post_tag","embeddable":true,"href":"https:\/\/radioultimapalavra.amelhor.net\/site\/wp-json\/wp\/v2\/tags?post=41485"}],"curies":[{"name":"wp","href":"https:\/\/api.w.org\/{rel}","templated":true}]}}