{"id":41487,"date":"2026-04-25T09:28:22","date_gmt":"2026-04-25T12:28:22","guid":{"rendered":"https:\/\/radioultimapalavra.amelhor.net\/site\/um-cep-para-chamar-de-seu-casal-de-influenciadores-nomades-que-viralizou-com-videos-pelo-mundo-se-aposenta-e-fixa-moradia-no-rs\/"},"modified":"2026-04-25T09:28:22","modified_gmt":"2026-04-25T12:28:22","slug":"um-cep-para-chamar-de-seu-casal-de-influenciadores-nomades-que-viralizou-com-videos-pelo-mundo-se-aposenta-e-fixa-moradia-no-rs","status":"publish","type":"post","link":"https:\/\/radioultimapalavra.amelhor.net\/site\/um-cep-para-chamar-de-seu-casal-de-influenciadores-nomades-que-viralizou-com-videos-pelo-mundo-se-aposenta-e-fixa-moradia-no-rs\/","title":{"rendered":"Um CEP para chamar de seu: casal de influenciadores n\u00f4mades que viralizou com v\u00eddeos pelo mundo se &#8216;aposenta&#8217; e fixa moradia no RS"},"content":{"rendered":"<div>\n<div id=\"chunk-9kmac\">\n<p data-track-category=\"Link no Texto\" data-track-links> Durante anos, essa foi a realidade dos criadores de conte\u00fado <strong>Marina Guaragna<\/strong>, de 31 anos, e do marido, <strong>Will Ritt<\/strong>, de 41. Sem endere\u00e7o fixo, eles cruzaram o mundo at\u00e9 perceberem que a <strong><span>liberdade <\/span><\/strong>tamb\u00e9m pode pedir uma pausa. <\/p>\n<\/p><\/div>\n<div id=\"chunk-4t6sc\">\n<p data-track-category=\"Link no Texto\" data-track-links> Agora, depois de quase <strong>uma d\u00e9cada em viagens cont\u00ednuas<\/strong>, o casal decidiu dar um novo significado \u00e0 palavra &#8220;voltar&#8221;. Sem abandonar as viagens, os dois resolveram criar um lar com endere\u00e7o fixo no estado natal, no Rio Grande do Sul, apostando em uma base para <span>descansar, reunir a fam\u00edlia e reorganizar a vida entre uma viagem e outra<\/span>. <\/p>\n<\/p><\/div>\n<div id=\"chunk-33jga\">\n<p data-track-category=\"Link no Texto\" data-track-links> A constru\u00e7\u00e3o de um lar pr\u00f3prio em Porto Alegre n\u00e3o significa o fim das viagens, mas representa uma pausa estrat\u00e9gica, um respiro necess\u00e1rio ap\u00f3s quase uma d\u00e9cada direto de estrada. <\/p>\n<\/p><\/div>\n<div data-block-type=\"raw\" data-block-weight=\"8\" id=\"chunk-e2pv\">\n<p><h2>Anos no mundo e o desejo de voltar<\/h2>\n<\/p><\/div>\n<div data-block-type=\"backstage-photo\" id=\"chunk-7p5cr\">\n<p> Casal Will Ritt e Marina Guaragna no Sudeste Asi\u00e1tico \u2014 Foto: Divulga\u00e7\u00e3o\/ Marina Guaragna <\/p>\n<\/p><\/div>\n<div id=\"chunk-75f1k\">\n<p data-track-category=\"Link no Texto\" data-track-links> Durante <strong>seis <\/strong>anos, Marina viveu como &#8220;n\u00f4made digital&#8221;. Will, ainda mais experiente nesse vaiv\u00e9m, soma <strong>nove <\/strong>anos cruzando fronteiras. Juntos, colecionaram pa\u00edses que n\u00e3o s\u00e3o contados na ponta do l\u00e1pis. <\/p>\n<\/p><\/div>\n<div id=\"chunk-bck5a\">\n<p data-track-category=\"Link no Texto\" data-track-links> &#8220;Eu n\u00e3o conto pa\u00edses, gosto de contar s\u00f3 experi\u00eancias, viv\u00eancias, porque n\u00e3o \u00e9 uma corrida, nem um checklist. Ent\u00e3o, se eu morrer e tiver visitado 20 pa\u00edses, 10 pa\u00edses e aproveitado muito bem, conhecido muito bem, estou muito feliz. N\u00e3o preciso conhecer todos os pa\u00edses do mundo, apesar de que gostaria, mas n\u00e3o quero correr, quero conhec\u00ea-los com calma&#8221;, confessa Marina. <\/p>\n<\/p><\/div>\n<div id=\"chunk-9h9pd\">\n<p data-track-category=\"Link no Texto\" data-track-links> <strong>\u00cdndia <\/strong>e <strong>China <\/strong>ocupam lugar especial no cora\u00e7\u00e3o pelos contrastes culturais e pela sensa\u00e7\u00e3o constante de estar em outro mundo. Eles buscam o choque cultural. No entanto, agora, depois de tantos lugares e hist\u00f3rias espalhadas pelo mapa, o casal entende que viajar tamb\u00e9m fica melhor quando existe um lugar para voltar. <\/p>\n<\/p><\/div>\n<div id=\"chunk-a9kue\">\n<p data-track-category=\"Link no Texto\" data-track-links> Agora, o casal encara outro tipo de aventura: <span>escolher m\u00f3veis, discutir planta, planejar reforma e imaginar como ser\u00e1, pela primeira vez, chegar em casa sabendo exatamente onde est\u00e1 cada coisa<\/span>. <\/p>\n<\/p><\/div>\n<div id=\"chunk-aigg\">\n<p data-track-category=\"Link no Texto\" data-track-links> A decis\u00e3o animou n\u00e3o s\u00f3 os dois. Familiares e amigos reagiram com entusiasmo (e at\u00e9 certo al\u00edvio). <\/p>\n<\/p><\/div>\n<div data-block-type=\"raw\" data-block-weight=\"24\" id=\"chunk-7p0ne\">\n<blockquote><p>&#8220;Todo mundo ficou muito animado. A fam\u00edlia ficou bem feliz. Eles j\u00e1 estavam tipo: &#8216;voc\u00eas precisam parar um pouco, ter uma casa'&#8221;, conta Marina.<\/p><\/blockquote><\/div>\n<div id=\"chunk-72pp\">\n<p data-track-category=\"Link no Texto\" data-track-links> Ao fazer um balan\u00e7o da experi\u00eancia n\u00f4made, Marina comenta que viajar ensinou em pouco tempo mais do que todo o resto da vida. Contudo, ao mesmo tempo, a rotina de mudan\u00e7as constantes tamb\u00e9m trouxe <strong>desgaste <\/strong>e revelou limites que nem sempre ficam aparentes para quem acompanha \u00e0 dist\u00e2ncia. <\/p>\n<\/p><\/div>\n<div id=\"chunk-8gkh5\">\n<p data-track-category=\"Link no Texto\" data-track-links> A rotina exige escolhas o tempo todo: <span>descobrir onde comer, como se locomover, onde comprar o b\u00e1sico<\/span>. Sem o conforto do autom\u00e1tico, tudo vira escolha. <span>Ter um lar, nesse contexto, surge como porto seguro<\/span>. <\/p>\n<\/p><\/div>\n<div data-block-type=\"raw\" data-block-weight=\"23\" id=\"chunk-diq4m\">\n<blockquote><p>&#8220;Ter uma base, um lar, uma geladeira nossa, poder fazer nossa comida, poder sentar no nosso sof\u00e1, ver uma TV, descansar&#8221;, enumera Marina.<\/p><\/blockquote><\/div>\n<div data-key=\"ag19a\" id=\"chunk-ag19a\">\n<h4>Galerias Relacionadas<\/h4>\n<div>\n<p>1\/7<\/p>\n<p>Influenciadora Marina Guaragna na \u00c1frica \u2014 Foto: Divulga\u00e7\u00e3o\/ Marina Guaragna<\/p>\n<\/p><\/div>\n<\/p><\/div>\n<div data-block-type=\"raw\" data-block-weight=\"4\" id=\"chunk-a5er2\">\n<p><h2>O apartamento na Capital<\/h2>\n<\/p><\/div>\n<div id=\"chunk-3i3jg\">\n<p data-track-category=\"Link no Texto\" data-track-links> A decis\u00e3o n\u00e3o veio de um dia para o outro. Foi amadurecida aos poucos, em conversas que come\u00e7aram anos atr\u00e1s e ganharam for\u00e7a recentemente. Curiosamente, amigos que tamb\u00e9m vivem na estrada estavam passando pelo mesmo processo. Muitos come\u00e7aram a buscar uma base, <strong>um \u201ccantinho\u201d para chamar de seu.<\/strong> <\/p>\n<\/p><\/div>\n<div id=\"chunk-7ueu\">\n<p data-track-category=\"Link no Texto\" data-track-links> Porto Alegre entrou no radar do casal por v\u00e1rios motivos. Marina conta que o casal chegou a cogitar outras cidades, inclusive S\u00e3o Paulo, mas <span>a capital ga\u00facha falou mais alto<\/span>. Estar perto da fam\u00edlia e dos amigos foi um dos principais fatores de escolha. A familiaridade com a cidade tamb\u00e9m. <\/p>\n<\/p><\/div>\n<div id=\"chunk-bikrr\">\n<p data-track-category=\"Link no Texto\" data-track-links> &#8220;Quando a gente est\u00e1 indo para uma nova cidade, tem todo aquele esfor\u00e7o de conhecer a cidade, de entender os lugares, de conhecer os lugares. Ia ser mais um esfor\u00e7o de conhecer um novo lugar. Ent\u00e3o, <span>a gente queria estar onde a gente sente em casa<\/span>, onde a gente j\u00e1 conhece, j\u00e1 sabe o que tem, onde tem, que dias tem, j\u00e1 est\u00e1 mais habituado&#8221;, comenta a influenciadora. <\/p>\n<\/p><\/div>\n<div id=\"chunk-f9kb3\">\n<p data-track-category=\"Link no Texto\" data-track-links> A casa escolhida carrega um valor simb\u00f3lico forte: \u00e9 <strong>o apartamento onde Will nasceu e cresceu<\/strong>, no Centro Hist\u00f3rico de Porto Alegre. O im\u00f3vel, que pertence \u00e0 fam\u00edlia, estava <strong>vazio <\/strong>e agora ser\u00e1 <strong>completamente reformado<\/strong>. <\/p>\n<\/p><\/div>\n<div id=\"chunk-7k7cs\">\n<p data-track-category=\"Link no Texto\" data-track-links> A escolha n\u00e3o \u00e9 apenas pr\u00e1tica, mas <strong>afetiva<\/strong>. O lugar faz parte da hist\u00f3ria do viajante, tanto que virou tatuagem: <span>um desenho de casa, com o n\u00famero do andar onde ele viveu a inf\u00e2ncia<\/span>. <\/p>\n<\/p><\/div>\n<div data-block-type=\"raw\" data-block-weight=\"2\" id=\"chunk-etc9l\">\n<p><h2>A reforma<\/h2>\n<\/p><\/div>\n<div id=\"chunk-dopvn\">\n<p data-track-category=\"Link no Texto\" data-track-links> Agora, o casal vive a fase <strong>pr\u00e9-obra<\/strong>. Entre lojas de m\u00f3veis, reuni\u00f5es com arquiteta e conversas com marcas, Marina e Will planejam <span>uma casa que fuja do \u00f3bvio<\/span>. A ideia \u00e9 identidade em cada escolha: apostar em <strong>cores e solu\u00e7\u00f5es pouco convencionais<\/strong>. <\/p>\n<\/p><\/div>\n<div data-block-type=\"raw\" data-block-weight=\"20\" id=\"chunk-e0472\">\n<blockquote><p>&#8220;\u00c9 um momento que a gente quer fazer uma casa muito do nosso jeitinho, n\u00e3o muito usual&#8221;, revela a influencer.<\/p><\/blockquote><\/div>\n<div id=\"chunk-d8ln7\">\n<p data-track-category=\"Link no Texto\" data-track-links> Como criadores de conte\u00fado, eles pretendem dividir cada etapa do processo com os seguidores, <span>mesclando temas de viagem com o cotidiano da nova rotina dom\u00e9stica<\/span>. <\/p>\n<\/p><\/div>\n<div id=\"chunk-1hs\">\n<p data-track-category=\"Link no Texto\" data-track-links> A reforma deve come\u00e7ar em <strong>maio<\/strong>, se tudo ocorrer como esperado. At\u00e9 l\u00e1 (e mesmo depois), as viagens continuam. A diferen\u00e7a \u00e9 que, ao voltarem, haver\u00e1 um endere\u00e7o fixo esperando por eles. <\/p>\n<\/p><\/div>\n<div id=\"chunk-otrc\">\n<p data-track-category=\"Link no Texto\" data-track-links> A casa tamb\u00e9m deve ajudar na organiza\u00e7\u00e3o do trabalho: preparar conte\u00fados antes das viagens, ter mais foco quando estiverem no Brasil e, quem sabe, passar mais tempo no pa\u00eds entre um destino e outro. <\/p>\n<\/p><\/div>\n<div data-block-type=\"raw\" data-block-weight=\"28\" id=\"chunk-b9vs\">\n<blockquote><p>&#8220;Ter uma casa oficial pra gente ficar \u00e9 um motivo a mais pra ficar um pouco mais no Brasil, mas seguir gravando a mesma quantidade de conte\u00fados&#8221;, comenta.<\/p><\/blockquote><\/div>\n<div data-block-type=\"raw\" data-block-weight=\"5\" id=\"chunk-bvlm6\">\n<p><h2>V\u00cdDEOS: Tudo sobre o RS<\/h2>\n<\/p><\/div>\n<\/p><\/div>\n","protected":false},"excerpt":{"rendered":"<p>Durante anos, essa foi a realidade dos criadores de conte\u00fado Marina Guaragna, de 31 anos, e do marido, Will Ritt, de 41. Sem endere\u00e7o fixo, eles cruzaram o mundo at\u00e9&hellip;<\/p>\n","protected":false},"author":1,"featured_media":41488,"comment_status":"open","ping_status":"open","sticky":false,"template":"","format":"standard","meta":{"footnotes":""},"categories":[6],"tags":[],"class_list":["post-41487","post","type-post","status-publish","format-standard","has-post-thumbnail","hentry","category-regiao"],"_links":{"self":[{"href":"https:\/\/radioultimapalavra.amelhor.net\/site\/wp-json\/wp\/v2\/posts\/41487","targetHints":{"allow":["GET"]}}],"collection":[{"href":"https:\/\/radioultimapalavra.amelhor.net\/site\/wp-json\/wp\/v2\/posts"}],"about":[{"href":"https:\/\/radioultimapalavra.amelhor.net\/site\/wp-json\/wp\/v2\/types\/post"}],"author":[{"embeddable":true,"href":"https:\/\/radioultimapalavra.amelhor.net\/site\/wp-json\/wp\/v2\/users\/1"}],"replies":[{"embeddable":true,"href":"https:\/\/radioultimapalavra.amelhor.net\/site\/wp-json\/wp\/v2\/comments?post=41487"}],"version-history":[{"count":0,"href":"https:\/\/radioultimapalavra.amelhor.net\/site\/wp-json\/wp\/v2\/posts\/41487\/revisions"}],"wp:featuredmedia":[{"embeddable":true,"href":"https:\/\/radioultimapalavra.amelhor.net\/site\/wp-json\/wp\/v2\/media\/41488"}],"wp:attachment":[{"href":"https:\/\/radioultimapalavra.amelhor.net\/site\/wp-json\/wp\/v2\/media?parent=41487"}],"wp:term":[{"taxonomy":"category","embeddable":true,"href":"https:\/\/radioultimapalavra.amelhor.net\/site\/wp-json\/wp\/v2\/categories?post=41487"},{"taxonomy":"post_tag","embeddable":true,"href":"https:\/\/radioultimapalavra.amelhor.net\/site\/wp-json\/wp\/v2\/tags?post=41487"}],"curies":[{"name":"wp","href":"https:\/\/api.w.org\/{rel}","templated":true}]}}