{"id":41491,"date":"2026-04-25T22:16:54","date_gmt":"2026-04-26T01:16:54","guid":{"rendered":"https:\/\/radioultimapalavra.amelhor.net\/site\/quatro-presos-fogem-de-presidio-no-rs-apos-arrancarem-grades-da-cela-e-fugirem-a-pe-diz-policia-um-se-entregou\/"},"modified":"2026-04-25T22:16:54","modified_gmt":"2026-04-26T01:16:54","slug":"quatro-presos-fogem-de-presidio-no-rs-apos-arrancarem-grades-da-cela-e-fugirem-a-pe-diz-policia-um-se-entregou","status":"publish","type":"post","link":"https:\/\/radioultimapalavra.amelhor.net\/site\/quatro-presos-fogem-de-presidio-no-rs-apos-arrancarem-grades-da-cela-e-fugirem-a-pe-diz-policia-um-se-entregou\/","title":{"rendered":"Quatro presos fogem de pres\u00eddio no RS ap\u00f3s arrancarem grades da cela e fugirem a p\u00e9, diz pol\u00edcia; um se entregou"},"content":{"rendered":"<div>\n<div id=\"chunk-21od5\">\n<p data-track-category=\"Link no Texto\" data-track-links> A fuga aconteceu na noite de sexta-feira (24) e a informa\u00e7\u00e3o foi confirmada pela Brigada Militar (BM) \u2014 a Pol\u00edcia Militar do RS \u2014, que atua nas buscas pelos foragidos desde ent\u00e3o. As identidades deles n\u00e3o foram divulgadas. <\/p>\n<\/p><\/div>\n<div id=\"chunk-b1a7c\">\n<p data-track-category=\"Link no Texto\" data-track-links> De acordo com a BM, <span>os presos estavam na mesma cela e teriam conseguido retirar as grades de uma janela que d\u00e1 acesso ao p\u00e1tio externo da unidade<\/span>. A fuga ocorreu por volta das 23h. Ainda conforme a pol\u00edcia, <strong>n\u00e3o h\u00e1 ind\u00edcios de que tenha havido apoio externo ou tentativa de resgate<\/strong>. <\/p>\n<\/p><\/div>\n<div data-block-type=\"backstage-video\" itemscope itemtype=\"http:\/\/schema.org\/VideoObject\" itemprop=\"video\" id=\"chunk-63ar6\"> <meta itemprop=\"name\" content=\"Veja os v\u00eddeos que est\u00e3o em alta no g1\"> <meta itemprop=\"thumbnailUrl\" content=\"https:\/\/s04.video.glbimg.com\/x240\/992055.jpg\"> <meta itemprop=\"datePublished\" content=\"2026-04-25T21:40:55.157Z\"> <meta itemprop=\"uploadDate\" content=\"2026-04-25T21:40:55.157Z\"> <\/p>\n<div> <meta itemprop=\"name\" content=\"Veja os v\u00eddeos que est\u00e3o em alta no g1\"> <meta itemprop=\"thumbnailUrl\" content=\"https:\/\/s04.video.glbimg.com\/x240\/992055.jpg\"> <meta itemprop=\"datePublished\" content=\"2026-04-25T21:40:55.157Z\"> <meta itemprop=\"uploadDate\" content=\"2026-04-25T21:40:55.157Z\">  <\/p>\n<div data-video-id=\"992055\">\n<p><img decoding=\"async\" src=\"https:\/\/s04.video.glbimg.com\/x240\/992055.jpg\" alt=\"Veja os v\u00eddeos que est\u00e3o em alta no g1\" title=\"Veja os v\u00eddeos que est\u00e3o em alta no g1\"><\/p>\n<p><bs-player videoid=\"992055\" subscriber-only=\"false\" id=\"wp3-player-63ar6\" serviceid=\"151\" auth=\"false\" data-opt-mute adplacement=\"accompanying\" autoplay rounded><\/bs-player> <\/div>\n<\/p><\/div>\n<p itemprop=\"description\"> Veja os v\u00eddeos que est\u00e3o em alta no g1 <\/p>\n<\/p><\/div>\n<div id=\"chunk-dhid0\">\n<p data-track-category=\"Link no Texto\" data-track-links> Os homens t\u00eam liga\u00e7\u00e3o com um<strong> grupo criminoso<\/strong> com atua\u00e7\u00e3o em Porto Alegre. Um deles, que estava preso de forma provis\u00f3ria,<span> se apresentou espontaneamente na tarde deste s\u00e1bado (25) no pr\u00f3prio pres\u00eddio<\/span>. Com isso, <strong>tr\u00eas seguem foragidos<\/strong>. <\/p>\n<\/p><\/div>\n<div id=\"chunk-d777l\">\n<p data-track-category=\"Link no Texto\" data-track-links> Entre os detentos que continuam sendo procurados, h\u00e1 um preso preventivo, um homem detido por descumprimento de medida protetiva e um apenado j\u00e1 condenado por crimes como roubo e homic\u00eddio. <\/p>\n<\/p><\/div>\n<div id=\"chunk-4qksa\">\n<p data-track-category=\"Link no Texto\" data-track-links> Para refor\u00e7ar as buscas, <strong>a Brigada Militar recebeu apoio do Batalh\u00e3o de Choque<\/strong>, com sede em Santa Maria, al\u00e9m de policiais militares de Cachoeira do Sul. Como o pres\u00eddio est\u00e1 localizado em uma \u00e1rea urbana, as opera\u00e7\u00f5es se concentram nos bairros pr\u00f3ximos \u00e0 casa prisional. <\/p>\n<\/p><\/div>\n<div id=\"chunk-pm1f\">\n<p data-track-category=\"Link no Texto\" data-track-links> A Corregedoria-Geral da Pol\u00edcia Penal instaurou um procedimento para apurar como ocorreu a fuga e se houve falhas na seguran\u00e7a da unidade. <\/p>\n<\/p><\/div>\n<div data-block-type=\"raw\" data-block-weight=\"5\" id=\"chunk-3hlk8\">\n<p><h2>V\u00cdDEOS: Tudo sobre o RS<\/h2>\n<\/p><\/div>\n<\/p><\/div>\n","protected":false},"excerpt":{"rendered":"<p>A fuga aconteceu na noite de sexta-feira (24) e a informa\u00e7\u00e3o foi confirmada pela Brigada Militar (BM) \u2014 a Pol\u00edcia Militar do RS \u2014, que atua nas buscas pelos foragidos&hellip;<\/p>\n","protected":false},"author":1,"featured_media":41492,"comment_status":"open","ping_status":"open","sticky":false,"template":"","format":"standard","meta":{"footnotes":""},"categories":[6],"tags":[],"class_list":["post-41491","post","type-post","status-publish","format-standard","has-post-thumbnail","hentry","category-regiao"],"_links":{"self":[{"href":"https:\/\/radioultimapalavra.amelhor.net\/site\/wp-json\/wp\/v2\/posts\/41491","targetHints":{"allow":["GET"]}}],"collection":[{"href":"https:\/\/radioultimapalavra.amelhor.net\/site\/wp-json\/wp\/v2\/posts"}],"about":[{"href":"https:\/\/radioultimapalavra.amelhor.net\/site\/wp-json\/wp\/v2\/types\/post"}],"author":[{"embeddable":true,"href":"https:\/\/radioultimapalavra.amelhor.net\/site\/wp-json\/wp\/v2\/users\/1"}],"replies":[{"embeddable":true,"href":"https:\/\/radioultimapalavra.amelhor.net\/site\/wp-json\/wp\/v2\/comments?post=41491"}],"version-history":[{"count":0,"href":"https:\/\/radioultimapalavra.amelhor.net\/site\/wp-json\/wp\/v2\/posts\/41491\/revisions"}],"wp:featuredmedia":[{"embeddable":true,"href":"https:\/\/radioultimapalavra.amelhor.net\/site\/wp-json\/wp\/v2\/media\/41492"}],"wp:attachment":[{"href":"https:\/\/radioultimapalavra.amelhor.net\/site\/wp-json\/wp\/v2\/media?parent=41491"}],"wp:term":[{"taxonomy":"category","embeddable":true,"href":"https:\/\/radioultimapalavra.amelhor.net\/site\/wp-json\/wp\/v2\/categories?post=41491"},{"taxonomy":"post_tag","embeddable":true,"href":"https:\/\/radioultimapalavra.amelhor.net\/site\/wp-json\/wp\/v2\/tags?post=41491"}],"curies":[{"name":"wp","href":"https:\/\/api.w.org\/{rel}","templated":true}]}}