{"id":41493,"date":"2026-04-25T22:16:53","date_gmt":"2026-04-26T01:16:53","guid":{"rendered":"https:\/\/radioultimapalavra.amelhor.net\/site\/homem-e-condenado-a-mais-de-32-anos-de-prisao-por-matar-pastor-no-rs-religioso-teria-divida-com-companheira-do-reu-diz-acusacao\/"},"modified":"2026-04-25T22:16:53","modified_gmt":"2026-04-26T01:16:53","slug":"homem-e-condenado-a-mais-de-32-anos-de-prisao-por-matar-pastor-no-rs-religioso-teria-divida-com-companheira-do-reu-diz-acusacao","status":"publish","type":"post","link":"https:\/\/radioultimapalavra.amelhor.net\/site\/homem-e-condenado-a-mais-de-32-anos-de-prisao-por-matar-pastor-no-rs-religioso-teria-divida-com-companheira-do-reu-diz-acusacao\/","title":{"rendered":"Homem \u00e9 condenado a mais de 32 anos de pris\u00e3o por matar pastor no RS; religioso teria d\u00edvida com companheira do r\u00e9u, diz acusa\u00e7\u00e3o"},"content":{"rendered":"<div>\n<div id=\"chunk-fbpnj\">\n<p data-track-category=\"Link no Texto\" data-track-links> A senten\u00e7a foi definida pelo Tribunal do J\u00fari na sexta-feira (24), e o r\u00e9u, que est\u00e1 preso desde a \u00e9poca do crime, <strong>n\u00e3o poder\u00e1 recorrer em liberdade<\/strong>. <\/p>\n<\/p><\/div>\n<div id=\"chunk-3vbo4\">\n<p data-track-category=\"Link no Texto\" data-track-links> <strong>Lucas Ariel Gonzales<\/strong>, de 31 anos, foi condenado por <strong>homic\u00eddio com quatro qualificadoras<\/strong> (recurso que dificultou a defesa da v\u00edtima, motivo torpe, motivo f\u00fatil e uso de arma de fogo de uso restrito), al\u00e9m do <strong>crime de porte ilegal de arma<\/strong>. <\/p>\n<\/p><\/div>\n<div id=\"chunk-81nou\">\n<p data-track-category=\"Link no Texto\" data-track-links> A defesa informou que &#8220;j\u00e1 era ciente da condena\u00e7\u00e3o tendo em vista o r\u00e9u ser confesso desde a primeira fase do procedimento do j\u00fari. Recebe o veredito final com respeito&#8221;. <em>Leia, abaixo, na \u00edntegra.<\/em> <\/p>\n<\/p><\/div>\n<div data-block-type=\"backstage-video\" itemscope itemtype=\"http:\/\/schema.org\/VideoObject\" itemprop=\"video\" id=\"chunk-co36l\"> <meta itemprop=\"name\" content=\"Quais as diferen\u00e7as entre o homic\u00eddio culposo e doloso?\"> <meta itemprop=\"thumbnailUrl\" content=\"https:\/\/s02.video.glbimg.com\/x240\/13556149.jpg\"> <meta itemprop=\"datePublished\" content=\"2026-04-25T19:52:38.766Z\"> <meta itemprop=\"uploadDate\" content=\"2026-04-25T19:52:38.766Z\"> <meta itemprop=\"contentUrl\" content=\"https:\/\/vodstreaming01.video.globo.com\/45\/be\/ab\/13556149_ab2bf1fb28749dfd0d7fa5708149d316cf3cf15a\/13556149-360p_300k_h264-2a389a30-075c-013e-0004-000000000000.mp4\"> <\/p>\n<div> <meta itemprop=\"name\" content=\"Quais as diferen\u00e7as entre o homic\u00eddio culposo e doloso?\"> <meta itemprop=\"thumbnailUrl\" content=\"https:\/\/s02.video.glbimg.com\/x240\/13556149.jpg\"> <meta itemprop=\"datePublished\" content=\"2026-04-25T19:52:38.766Z\"> <meta itemprop=\"uploadDate\" content=\"2026-04-25T19:52:38.766Z\"> <meta itemprop=\"contentUrl\" content=\"https:\/\/vodstreaming01.video.globo.com\/45\/be\/ab\/13556149_ab2bf1fb28749dfd0d7fa5708149d316cf3cf15a\/13556149-360p_300k_h264-2a389a30-075c-013e-0004-000000000000.mp4\">  <\/p>\n<div data-video-id=\"13556149\">\n<p><img decoding=\"async\" src=\"https:\/\/s02.video.glbimg.com\/x240\/13556149.jpg\" alt=\"Quais as diferen\u00e7as entre o homic\u00eddio culposo e doloso?\" title=\"Quais as diferen\u00e7as entre o homic\u00eddio culposo e doloso?\"><\/p>\n<p><bs-player videoid=\"13556149\" subscriber-only=\"false\" id=\"wp3-player-co36l\" serviceid=\"151\" auth=\"false\" data-opt-mute adplacement=\"accompanying\" autoplay rounded><\/bs-player> <\/div>\n<\/p><\/div>\n<p itemprop=\"description\"> Quais as diferen\u00e7as entre o homic\u00eddio culposo e doloso? <\/p>\n<\/p><\/div>\n<div id=\"chunk-7rqmi\">\n<p data-track-category=\"Link no Texto\" data-track-links> Al\u00e9m do condenado, uma mulher de 58 anos, que mantinha relacionamento com Gonzales na \u00e9poca dos fatos, <strong>tamb\u00e9m responde pelo homic\u00eddio<\/strong>. Ela foi pronunciada pela Justi\u00e7a, mas aguarda o julgamento de um recurso em liberdade. Ainda n\u00e3o h\u00e1 data definida para o j\u00fari dela. <\/p>\n<\/p><\/div>\n<div data-block-type=\"raw\" data-block-weight=\"2\" id=\"chunk-45vcl\">\n<p><h2>O crime<\/h2>\n<\/p><\/div>\n<div id=\"chunk-etm2j\">\n<p data-track-category=\"Link no Texto\" data-track-links> Segundo a den\u00fancia do Minist\u00e9rio P\u00fablico, o assassinato ocorreu por volta das 9h30 do dia 22 de novembro de 2023, em uma rua do bairro Ipiranga, em Uruguaiana. <\/p>\n<\/p><\/div>\n<div id=\"chunk-davh6\">\n<p data-track-category=\"Link no Texto\" data-track-links> De acordo com a acusa\u00e7\u00e3o, <span>o pastor estava sentado em frente a uma padaria quando foi surpreendido pelos disparos<\/span>. Os tiros atingiram a cabe\u00e7a da v\u00edtima, que morreu em decorr\u00eancia de <strong>traumatismo craniano<\/strong>. <\/p>\n<\/p><\/div>\n<div id=\"chunk-7tulh\">\n<p data-track-category=\"Link no Texto\" data-track-links> Para o MP, o crime foi motivado por <strong>vingan\u00e7a<\/strong>. A den\u00fancia aponta que <span>o pastor teria uma d\u00edvida no estabelecimento comercial ligado \u00e0 companheira do r\u00e9u<\/span> e que tamb\u00e9m teria ingressado na Justi\u00e7a com uma a\u00e7\u00e3o por <strong>danos morais<\/strong> contra ela. <\/p>\n<\/p><\/div>\n<div data-block-type=\"raw\" data-block-weight=\"1\" id=\"chunk-6mh8\">\n<p><h2>Senten\u00e7a<\/h2>\n<\/p><\/div>\n<div id=\"chunk-ah2gh\">\n<p data-track-category=\"Link no Texto\" data-track-links> Na senten\u00e7a, a Ju\u00edza de Direito Barbara Pereira Saraiva afirmou que o crime foi cometido com frieza e planejamento, j\u00e1 que a v\u00edtima foi atacada enquanto estava<strong> sentada e distra\u00edda<\/strong>. <\/p>\n<\/p><\/div>\n<div id=\"chunk-9kf0g\">\n<p data-track-category=\"Link no Texto\" data-track-links> Ela tamb\u00e9m ressaltou o fato de o homic\u00eddio ter ocorrido em um <strong>local p\u00fablico e de trabalho<\/strong>, colocando em risco outras pessoas que poderiam estar circulando pelo local. <\/p>\n<\/p><\/div>\n<div id=\"chunk-bqdm7\">\n<p data-track-category=\"Link no Texto\" data-track-links> A senten\u00e7a tamb\u00e9m levou em conta o <strong>impacto do crime na fam\u00edlia da v\u00edtima<\/strong>. O pastor tinha 34 anos e <strong>era pai de uma crian\u00e7a de 9 anos<\/strong> \u00e0 \u00e9poca, o que, segundo a decis\u00e3o, gerou um trauma permanente aos familiares. <\/p>\n<\/p><\/div>\n<div id=\"chunk-dnek9\">\n<p data-track-category=\"Link no Texto\" data-track-links> Em rela\u00e7\u00e3o ao porte ilegal de arma, a ju\u00edza afirmou que a conduta foi ainda mais grave pelo fato de o r\u00e9u possuir conhecimento pr\u00e9vio sobre o uso de armamentos, adquirido junto a uma for\u00e7a militar estrangeira. <\/p>\n<\/p><\/div>\n<div id=\"chunk-7jg2i\">\n<p data-track-category=\"Link no Texto\" data-track-links> Conforme a senten\u00e7a, mensagens extra\u00eddas do celular indicaram familiaridade com o com\u00e9rcio ilegal de armas, o que contribuiu para o aumento da pena. <\/p>\n<\/p><\/div>\n<div data-block-type=\"raw\" data-block-weight=\"5\" id=\"chunk-5hat3\">\n<p><h2>O que diz a defesa<\/h2>\n<\/p><\/div>\n<div id=\"chunk-cer3q\">\n<p data-track-category=\"Link no Texto\" data-track-links> <em>&#8220;O Escrit\u00f3rio de Advocacia Criminal de Uruguaiana, Alonso &#038; Castro, composto pelos advogados J\u00falia Alonso e Khaoan Castro, est\u00e3o \u00e0 frente da defesa de Lucas Ariel desde a audi\u00eancia de cust\u00f3dia, desde o in\u00edcio do processo. <\/em> <\/p>\n<\/p><\/div>\n<div id=\"chunk-6eiut\">\n<p data-track-category=\"Link no Texto\" data-track-links> <em>No \u00faltimo dia 23 foi a julgamento pelo Plen\u00e1rio do J\u00fari de Uruguaiana, na oportunidade em que o Conselho de Senten\u00e7a Soberano decidiu pela condena\u00e7\u00e3o do r\u00e9u por Homic\u00eddio Quadruplamente Qualificado. <\/em> <\/p>\n<\/p><\/div>\n<div id=\"chunk-5ctdo\">\n<p data-track-category=\"Link no Texto\" data-track-links> <em>A defesa j\u00e1 era ciente da condena\u00e7\u00e3o tendo em vista o r\u00e9u ser confesso desde a primeira fase do procedimento do j\u00fari. Recebe o veredito final com respeito.<\/em> <\/p>\n<\/p><\/div>\n<div id=\"chunk-8vf4a\">\n<p data-track-category=\"Link no Texto\" data-track-links> <em>Uruguaiana\/RS, 25 de abril de 2026.&#8221;<\/em> <\/p>\n<\/p><\/div>\n<div data-block-type=\"backstage-photo\" id=\"chunk-7sea6\">\n<p> Tribunal de Justi\u00e7a do Rio Grande do Sul (TJRS) \u2014 Foto: Carlos Edler\/ Agencia RBS <\/p>\n<\/p><\/div>\n<div data-block-type=\"raw\" data-block-weight=\"5\" id=\"chunk-deibg\">\n<p><h2>V\u00cdDEOS: Tudo sobre o RS<\/h2>\n<\/p><\/div>\n<\/p><\/div>\n","protected":false},"excerpt":{"rendered":"<p>A senten\u00e7a foi definida pelo Tribunal do J\u00fari na sexta-feira (24), e o r\u00e9u, que est\u00e1 preso desde a \u00e9poca do crime, n\u00e3o poder\u00e1 recorrer em liberdade. Lucas Ariel Gonzales,&hellip;<\/p>\n","protected":false},"author":1,"featured_media":41494,"comment_status":"open","ping_status":"open","sticky":false,"template":"","format":"standard","meta":{"footnotes":""},"categories":[6],"tags":[],"class_list":["post-41493","post","type-post","status-publish","format-standard","has-post-thumbnail","hentry","category-regiao"],"_links":{"self":[{"href":"https:\/\/radioultimapalavra.amelhor.net\/site\/wp-json\/wp\/v2\/posts\/41493","targetHints":{"allow":["GET"]}}],"collection":[{"href":"https:\/\/radioultimapalavra.amelhor.net\/site\/wp-json\/wp\/v2\/posts"}],"about":[{"href":"https:\/\/radioultimapalavra.amelhor.net\/site\/wp-json\/wp\/v2\/types\/post"}],"author":[{"embeddable":true,"href":"https:\/\/radioultimapalavra.amelhor.net\/site\/wp-json\/wp\/v2\/users\/1"}],"replies":[{"embeddable":true,"href":"https:\/\/radioultimapalavra.amelhor.net\/site\/wp-json\/wp\/v2\/comments?post=41493"}],"version-history":[{"count":0,"href":"https:\/\/radioultimapalavra.amelhor.net\/site\/wp-json\/wp\/v2\/posts\/41493\/revisions"}],"wp:featuredmedia":[{"embeddable":true,"href":"https:\/\/radioultimapalavra.amelhor.net\/site\/wp-json\/wp\/v2\/media\/41494"}],"wp:attachment":[{"href":"https:\/\/radioultimapalavra.amelhor.net\/site\/wp-json\/wp\/v2\/media?parent=41493"}],"wp:term":[{"taxonomy":"category","embeddable":true,"href":"https:\/\/radioultimapalavra.amelhor.net\/site\/wp-json\/wp\/v2\/categories?post=41493"},{"taxonomy":"post_tag","embeddable":true,"href":"https:\/\/radioultimapalavra.amelhor.net\/site\/wp-json\/wp\/v2\/tags?post=41493"}],"curies":[{"name":"wp","href":"https:\/\/api.w.org\/{rel}","templated":true}]}}