{"id":41495,"date":"2026-04-26T03:35:42","date_gmt":"2026-04-26T06:35:42","guid":{"rendered":"https:\/\/radioultimapalavra.amelhor.net\/site\/chimarrao-com-maconha-conheca-bebida-terapeutica-e-que-nao-da-barato-compartilhada-por-eduardo-suplicy-em-visita-ao-rs\/"},"modified":"2026-04-26T03:35:42","modified_gmt":"2026-04-26T06:35:42","slug":"chimarrao-com-maconha-conheca-bebida-terapeutica-e-que-nao-da-barato-compartilhada-por-eduardo-suplicy-em-visita-ao-rs","status":"publish","type":"post","link":"https:\/\/radioultimapalavra.amelhor.net\/site\/chimarrao-com-maconha-conheca-bebida-terapeutica-e-que-nao-da-barato-compartilhada-por-eduardo-suplicy-em-visita-ao-rs\/","title":{"rendered":"Chimarr\u00e3o com maconha? Conhe\u00e7a bebida terap\u00eautica (e que n\u00e3o d\u00e1 barato) compartilhada por Eduardo Suplicy em visita ao RS"},"content":{"rendered":"<div>\n<div id=\"chunk-3s6ph\">\n<p data-track-category=\"Link no Texto\" data-track-links> A associa\u00e7\u00e3o por tr\u00e1s da iniciativa explicou o objetivo:<span> usar um s\u00edmbolo cultural para abrir o di\u00e1logo sobre o uso medicinal da <\/span><span><em>cannabis<\/em><\/span>. Ao g1, o pol\u00edtico paulista detalhou a experi\u00eancia. <\/p>\n<\/p><\/div>\n<div data-block-type=\"raw\" data-block-weight=\"8\" id=\"chunk-etuff\">\n<blockquote><p>&#8220;Posso garantir que dormi muito bem&#8221;, afirmou Suplicy.<\/p><\/blockquote><\/div>\n<div id=\"chunk-dh33p\">\n<p data-track-category=\"Link no Texto\" data-track-links> <strong>Aos 84 anos<\/strong>, ele esteve em Porto Alegre para receber o t\u00edtulo de Cidad\u00e3o e contou que a qualidade do sono \u00e9 um pilar em sua rotina de cuidados lidando com a doen\u00e7a de Parkinson. <\/p>\n<\/p><\/div>\n<div data-block-type=\"raw\" data-block-weight=\"38\" id=\"chunk-2dgmm\">\n<blockquote><p>&#8220;Na medida que eu tenho uma boa noite de sono, no dia seguinte eu estou muito melhor, andando com maior firmeza e me sentindo com mais energia para fazer o trabalho que felizmente ainda estou conseguindo fazer&#8221;, explicou.<\/p><\/blockquote><\/div>\n<div id=\"chunk-6ib9m\">\n<p data-track-category=\"Link no Texto\" data-track-links> A iniciativa partiu de David Thomazi, presidente da <strong>Associa\u00e7\u00e3o Flor da Cura<\/strong>, da regi\u00e3o das Miss\u00f5es. Ele preparou e ofereceu a bebida a Suplicy. <\/p>\n<\/p><\/div>\n<div data-block-type=\"raw\" data-block-weight=\"37\" id=\"chunk-1bk22\">\n<blockquote><p>&#8220;N\u00e3o tive nenhum receio. O uso da maconha para fins terap\u00eauticos \u00e9 milenar&#8221;, disse o deputado ao g1, comparando a uni\u00e3o das plantas a um &#8220;uso contempor\u00e2neo de plantas que v\u00eam auxiliando a humanidade desde tempos imemoriais&#8221;.<\/p><\/blockquote><\/div>\n<div id=\"chunk-ivfa\">\n<p data-track-category=\"Link no Texto\" data-track-links> Mas como \u00e9 feito esse chimarr\u00e3o? David Thomazi explica que <strong>n\u00e3o se trata de simplesmente adicionar a planta \u00e0 erva-mate<\/strong>. O processo \u00e9 t\u00e9cnico e pensado para fins terap\u00eauticos. <\/p>\n<\/p><\/div>\n<div data-block-type=\"raw\" data-block-weight=\"28\" id=\"chunk-7avs9\">\n<blockquote><p>&#8220;A gente utilizou uma mistura com partes da planta \u2014 folhas, talos, ra\u00edzes e flores \u2014 todas secas e trituradas, resultando numa textura parecida com a erva-mate&#8221;, detalha.<\/p><\/blockquote><\/div>\n<div id=\"chunk-eo15g\">\n<p data-track-category=\"Link no Texto\" data-track-links> Segundo ele, <strong>o preparo n\u00e3o tem efeito psicoativo<\/strong>, mas <span>visa proporcionar relaxamento e bem-estar<\/span>. <\/p>\n<\/p><\/div>\n<div data-block-type=\"raw\" data-block-weight=\"45\" id=\"chunk-f7ed7\">\n<blockquote><p>&#8220;A inten\u00e7\u00e3o \u00e9 aliviar sintomas, melhorar a qualidade de vida e trazer mais conforto. Ao unir o chimarr\u00e3o com a maconha, a gente cria uma ponte. Usa uma tradi\u00e7\u00e3o respeitada pra quebrar preconceitos e abrir di\u00e1logo sobre uma terapia que ainda \u00e9 tabu&#8221;, afirma Thomazi.<\/p><\/blockquote><\/div>\n<div id=\"chunk-2l173\">\n<p data-track-category=\"Link no Texto\" data-track-links> A Associa\u00e7\u00e3o Flor da Cura, fundada em 2023, tem uma <span>hist\u00f3ria que come\u00e7a na fam\u00edlia de seu presidente<\/span>. Com sede no noroeste do estado, <span>a entidade sem fins lucrativos atende hoje cerca de 150 pacientes<\/span>. As precursoras foram a m\u00e3e e a av\u00f3 de David. <\/p>\n<\/p><\/div>\n<div data-block-type=\"raw\" data-block-weight=\"22\" id=\"chunk-78nf0\">\n<blockquote><p>&#8220;A segunda paciente foi a minha av\u00f3, dona Julieta, hoje com 94 anos. Na \u00e9poca, ela havia sido diagnosticada com Alzheimer&#8221;, conta.<\/p><\/blockquote><\/div>\n<div id=\"chunk-1v27p\">\n<p data-track-category=\"Link no Texto\" data-track-links> A melhora na fam\u00edlia inspirou a cria\u00e7\u00e3o da associa\u00e7\u00e3o, que hoje auxilia pacientes com <strong>Parkinson<\/strong>, <strong>autismo<\/strong>, <strong>depress\u00e3o<\/strong>, <strong>ins\u00f4nia <\/strong>e<strong> dor cr\u00f4nica<\/strong>. <\/p>\n<\/p><\/div>\n<div data-block-type=\"raw\" data-block-weight=\"3\" id=\"chunk-5a9mu\">\n<p><h2>Debate sobre regulamenta\u00e7\u00e3o<\/h2>\n<\/p><\/div>\n<div id=\"chunk-5a2kp\">\n<p data-track-category=\"Link no Texto\" data-track-links> Tanto Suplicy quanto Thomazi usam a visibilidade do epis\u00f3dio para aprofundar o debate. O deputado <strong>defende a necessidade de avan\u00e7ar na regulamenta\u00e7\u00e3o<\/strong>, mas alerta para o que chama de &#8220;<span>interesse escuso&#8221; de setores que querem monopolizar o mercado quando for legalizado<\/span>. <\/p>\n<\/p><\/div>\n<div data-block-type=\"raw\" data-block-weight=\"12\" id=\"chunk-7ibt2\">\n<blockquote><p>&#8220;\u00c9 preciso ter mente aberta, serenidade e buscar informa\u00e7\u00f5es de qualidade&#8221;, aconselha.<\/p><\/blockquote><\/div>\n<div id=\"chunk-6jobt\">\n<p data-track-category=\"Link no Texto\" data-track-links> Thomazi lembra que, enquanto o debate sobre o uso medicinal avan\u00e7a em certos c\u00edrculos, a realidade do tr\u00e1fico e do que chama de &#8220;guerra \u00e0s drogas&#8221;<span> continua a vitimar pessoas, em sua maioria negras e perif\u00e9ricas.<\/span> <\/p>\n<\/p><\/div>\n<div data-block-type=\"raw\" data-block-weight=\"52\" id=\"chunk-dri4p\">\n<blockquote><p>&#8220;Quem ocupa esse espa\u00e7o hoje, inclusive no campo da maconha medicinal, precisa reconhecer isso e agir com responsabilidade social. Existe uma enorme d\u00edvida hist\u00f3rica&#8221;, pontua o presidente da associa\u00e7\u00e3o. &#8220;Enquanto hoje existe um movimento mais aceito, n\u00e3o podemos esquecer que houve, e ainda h\u00e1, uma guerra muito violenta em torno dessa planta&#8221;.<\/p><\/blockquote><\/div>\n<div id=\"chunk-3qgov\">\n<p data-track-category=\"Link no Texto\" data-track-links> No fim, segundo ele, <strong>o objetivo \u00e9 defender o direito de escolha.<\/strong> <\/p>\n<\/p><\/div>\n<div data-block-type=\"raw\" data-block-weight=\"28\" id=\"chunk-21jah\">\n<blockquote><p>&#8220;O que a gente defende \u00e9 o direito das pessoas de escolherem o que \u00e9 melhor pra sua sa\u00fade, com informa\u00e7\u00e3o, seguran\u00e7a e dignidade \u2014 como deve ser&#8221;.<\/p><\/blockquote><\/div>\n<div data-block-type=\"backstage-photo\" id=\"chunk-bs92b\">\n<p> Suplicy toma chimarr\u00e3o com maconha e relata melhora no sono \u2014 Foto: Arquivo pessoal e Marcelo Brandt\/g1 <\/p>\n<\/p><\/div>\n<div data-block-type=\"raw\" data-block-weight=\"5\" id=\"chunk-fac53\">\n<p><h2>V\u00cdDEOS: Tudo sobre o RS<\/h2>\n<\/p><\/div>\n<\/p><\/div>\n","protected":false},"excerpt":{"rendered":"<p>A associa\u00e7\u00e3o por tr\u00e1s da iniciativa explicou o objetivo: usar um s\u00edmbolo cultural para abrir o di\u00e1logo sobre o uso medicinal da cannabis. Ao g1, o pol\u00edtico paulista detalhou a&hellip;<\/p>\n","protected":false},"author":1,"featured_media":41496,"comment_status":"open","ping_status":"open","sticky":false,"template":"","format":"standard","meta":{"footnotes":""},"categories":[6],"tags":[],"class_list":["post-41495","post","type-post","status-publish","format-standard","has-post-thumbnail","hentry","category-regiao"],"_links":{"self":[{"href":"https:\/\/radioultimapalavra.amelhor.net\/site\/wp-json\/wp\/v2\/posts\/41495","targetHints":{"allow":["GET"]}}],"collection":[{"href":"https:\/\/radioultimapalavra.amelhor.net\/site\/wp-json\/wp\/v2\/posts"}],"about":[{"href":"https:\/\/radioultimapalavra.amelhor.net\/site\/wp-json\/wp\/v2\/types\/post"}],"author":[{"embeddable":true,"href":"https:\/\/radioultimapalavra.amelhor.net\/site\/wp-json\/wp\/v2\/users\/1"}],"replies":[{"embeddable":true,"href":"https:\/\/radioultimapalavra.amelhor.net\/site\/wp-json\/wp\/v2\/comments?post=41495"}],"version-history":[{"count":0,"href":"https:\/\/radioultimapalavra.amelhor.net\/site\/wp-json\/wp\/v2\/posts\/41495\/revisions"}],"wp:featuredmedia":[{"embeddable":true,"href":"https:\/\/radioultimapalavra.amelhor.net\/site\/wp-json\/wp\/v2\/media\/41496"}],"wp:attachment":[{"href":"https:\/\/radioultimapalavra.amelhor.net\/site\/wp-json\/wp\/v2\/media?parent=41495"}],"wp:term":[{"taxonomy":"category","embeddable":true,"href":"https:\/\/radioultimapalavra.amelhor.net\/site\/wp-json\/wp\/v2\/categories?post=41495"},{"taxonomy":"post_tag","embeddable":true,"href":"https:\/\/radioultimapalavra.amelhor.net\/site\/wp-json\/wp\/v2\/tags?post=41495"}],"curies":[{"name":"wp","href":"https:\/\/api.w.org\/{rel}","templated":true}]}}