{"id":41497,"date":"2026-04-26T03:35:41","date_gmt":"2026-04-26T06:35:41","guid":{"rendered":"https:\/\/radioultimapalavra.amelhor.net\/site\/de-vitima-de-maus-tratos-a-daminha-a-historia-da-cadela-que-levou-aliancas-no-casamento-das-tutoras-em-guaiba\/"},"modified":"2026-04-26T03:35:41","modified_gmt":"2026-04-26T06:35:41","slug":"de-vitima-de-maus-tratos-a-daminha-a-historia-da-cadela-que-levou-aliancas-no-casamento-das-tutoras-em-guaiba","status":"publish","type":"post","link":"https:\/\/radioultimapalavra.amelhor.net\/site\/de-vitima-de-maus-tratos-a-daminha-a-historia-da-cadela-que-levou-aliancas-no-casamento-das-tutoras-em-guaiba\/","title":{"rendered":"De v\u00edtima de maus-tratos a &#8216;daminha&#8217;: a hist\u00f3ria da cadela que levou alian\u00e7as no casamento das tutoras em Gua\u00edba"},"content":{"rendered":"<div id=\"chunk-nmpc\">\n<p data-track-category=\"Link no Texto\" data-track-links> Uma <strong>vira-lata resgatada de maus-tratos<\/strong> fez sucesso nas redes sociais ao <span>protagonizar momentos de fofura<\/span> em Gua\u00edba, na Regi\u00e3o Metropolitana. <strong>Meg<\/strong>, de 10 anos, <span>levou as alian\u00e7as no casamento das tutoras Roxy e Viviane Panis<\/span>. <\/p>\n<\/p><\/div>\n<div>\n<div id=\"chunk-sgfl\">\n<p data-track-category=\"Link no Texto\" data-track-links> Segundo Roxy, <span>a cachorrinha acompanha o casal em todos os momentos especiais<\/span>. \u201cA gente leva a Meg pra acampar, fazer trilha, ent\u00e3o seria dif\u00edcil a gente se casar e n\u00e3o levar ela junto&#8221;, conta. <\/p>\n<\/p><\/div>\n<div id=\"chunk-37n69\">\n<p data-track-category=\"Link no Texto\" data-track-links> A entrega das alian\u00e7as foi um <strong>momento simb\u00f3lico<\/strong>, realizado <span>ap\u00f3s a oficializa\u00e7\u00e3o do relacionamento num cart\u00f3rio da cidade<\/span>. \u201cEncenamos com ela no ensaio fotogr\u00e1fico, mas nossa vontade era de que ela levasse as alian\u00e7as mesmo\u201d, explica a tutora. <\/p>\n<\/p><\/div>\n<div data-block-type=\"raw\" data-block-weight=\"5\" id=\"chunk-8vgcb\">\n<p><h2>Uma nova vida para Meg <\/h2>\n<\/p><\/div>\n<div id=\"chunk-6lgn1\">\n<p data-track-category=\"Link no Texto\" data-track-links> A cachorrinha foi <strong>adotada por Roxy e Viviane em 2017<\/strong>, ap\u00f3s o casal t\u00ea-la visto num an\u00fancio do Facebook. \u201cEstavam doando ela. Eles me disseram que iriam se mudar e n\u00e3o a levariam\u201d, relembra a tutora. <\/p>\n<\/p><\/div>\n<div id=\"chunk-ejb8c\">\n<p data-track-category=\"Link no Texto\" data-track-links> Roxy conta que quando Meg chegou na casa nova, sentia muito medo, pois os antigos donos usavam um cabo de vassoura para espant\u00e1-la. Antes de ser adotada pelo casal, a cadelinha j\u00e1 tinha sido rejeitada por outras duas fam\u00edlias e chegou a morar na rua. <\/p>\n<\/p><\/div>\n<div id=\"chunk-7an1g\">\n<p data-track-category=\"Link no Texto\" data-track-links> Agora, Meg \u00e9 amada e bem cuidada, passeia bastante e tem dois \u201cirm\u00e3os\u201d felinos. \u201cEla \u00e9 nosso xodozinho, est\u00e1 o tempo todo faceirinha, \u00e9 supereducada. A gente n\u00e3o tem qualquer tipo de problema por ter ela na nossa vida, pelo contr\u00e1rio: a Meg \u00e9 uma alegria!\u201d, completa Roxy. <\/p>\n<\/p><\/div>\n<div data-block-type=\"backstage-photo\" id=\"chunk-6mdho\">\n<p> Cadelinha resgatada de maus-tratos emociona ao levar alian\u00e7as das tutoras em Gua\u00edba \u2014 Foto: Arquivo Pessoal <\/p>\n<\/p><\/div>\n<div data-block-type=\"raw\" data-block-weight=\"5\" id=\"chunk-4r243\">\n<p><h2><strong>V\u00cdDEOS: Tudo sobre o RS<\/strong><\/h2>\n<\/p><\/div>\n<\/p><\/div>\n","protected":false},"excerpt":{"rendered":"<p>Uma vira-lata resgatada de maus-tratos fez sucesso nas redes sociais ao protagonizar momentos de fofura em Gua\u00edba, na Regi\u00e3o Metropolitana. Meg, de 10 anos, levou as alian\u00e7as no casamento das&hellip;<\/p>\n","protected":false},"author":1,"featured_media":41498,"comment_status":"open","ping_status":"open","sticky":false,"template":"","format":"standard","meta":{"footnotes":""},"categories":[6],"tags":[],"class_list":["post-41497","post","type-post","status-publish","format-standard","has-post-thumbnail","hentry","category-regiao"],"_links":{"self":[{"href":"https:\/\/radioultimapalavra.amelhor.net\/site\/wp-json\/wp\/v2\/posts\/41497","targetHints":{"allow":["GET"]}}],"collection":[{"href":"https:\/\/radioultimapalavra.amelhor.net\/site\/wp-json\/wp\/v2\/posts"}],"about":[{"href":"https:\/\/radioultimapalavra.amelhor.net\/site\/wp-json\/wp\/v2\/types\/post"}],"author":[{"embeddable":true,"href":"https:\/\/radioultimapalavra.amelhor.net\/site\/wp-json\/wp\/v2\/users\/1"}],"replies":[{"embeddable":true,"href":"https:\/\/radioultimapalavra.amelhor.net\/site\/wp-json\/wp\/v2\/comments?post=41497"}],"version-history":[{"count":0,"href":"https:\/\/radioultimapalavra.amelhor.net\/site\/wp-json\/wp\/v2\/posts\/41497\/revisions"}],"wp:featuredmedia":[{"embeddable":true,"href":"https:\/\/radioultimapalavra.amelhor.net\/site\/wp-json\/wp\/v2\/media\/41498"}],"wp:attachment":[{"href":"https:\/\/radioultimapalavra.amelhor.net\/site\/wp-json\/wp\/v2\/media?parent=41497"}],"wp:term":[{"taxonomy":"category","embeddable":true,"href":"https:\/\/radioultimapalavra.amelhor.net\/site\/wp-json\/wp\/v2\/categories?post=41497"},{"taxonomy":"post_tag","embeddable":true,"href":"https:\/\/radioultimapalavra.amelhor.net\/site\/wp-json\/wp\/v2\/tags?post=41497"}],"curies":[{"name":"wp","href":"https:\/\/api.w.org\/{rel}","templated":true}]}}