{"id":41499,"date":"2026-04-26T09:25:55","date_gmt":"2026-04-26T12:25:55","guid":{"rendered":"https:\/\/radioultimapalavra.amelhor.net\/site\/adolescente-e-apreendido-suspeito-de-matar-casal-em-porto-alegre-vitimas-foram-encontradas-em-carro\/"},"modified":"2026-04-26T09:25:55","modified_gmt":"2026-04-26T12:25:55","slug":"adolescente-e-apreendido-suspeito-de-matar-casal-em-porto-alegre-vitimas-foram-encontradas-em-carro","status":"publish","type":"post","link":"https:\/\/radioultimapalavra.amelhor.net\/site\/adolescente-e-apreendido-suspeito-de-matar-casal-em-porto-alegre-vitimas-foram-encontradas-em-carro\/","title":{"rendered":"Adolescente \u00e9 apreendido suspeito de matar casal em Porto Alegre; v\u00edtimas foram encontradas em carro"},"content":{"rendered":"<div itemscope itemtype=\"http:\/\/schema.org\/NewsArticle\">  <span itemprop=\"image\" itemscope itemtype=\"http:\/\/schema.org\/ImageObject\"> <meta itemprop=\"representativeOfPage\" content=\"true\"> <meta itemprop=\"url\" content=\"https:\/\/s2-g1.glbimg.com\/GK7WjSWuR3bHyNpqS-JqPEPV-9o=\/1920x0\/filters:format(jpeg)\/https:\/\/i.s3.glbimg.com\/v1\/AUTH_59edd422c0c84a879bd37670ae4f538a\/internal_photos\/bs\/2026\/r\/o\/275BSBSTaNKN2Axr0J3w\/g1-17-.jpg\"> <meta itemprop=\"width\" content=\"1920\"> <meta itemprop=\"height\" content=\"1080\"> <\/span>   <\/p>\n<div>\n<div>\n<p data-block-type=\"title\"> <meta itemprop=\"name\" content=\"Adolescente \u00e9 apreendido suspeito de matar casal em Porto Alegre; v\u00edtimas foram encontradas em carro\"> <\/p>\n<h2 itemprop=\"headline\">Adolescente \u00e9 apreendido suspeito de matar casal em Porto Alegre; v\u00edtimas foram encontradas em carro<\/h2>\n<\/p>\n<p> <meta itemprop=\"alternateName\" content=\"Conforme a pol\u00edcia, suspeito teria pego uma corrida de aplicativo at\u00e9 o local onde o homem e a mulher foram executados.\"> <\/p>\n<h2 itemprop=\"alternativeHeadline\">Conforme a pol\u00edcia, suspeito teria pego uma corrida de aplicativo at\u00e9 o local onde o homem e a mulher foram executados.<\/h2>\n<\/p><\/div>\n<hr>\n<div data-block-type=\"summary\">\n<details>\n<summary>  <\/summary>\n<div>\n<ul>\n<li>\n<div id=\"chunk-fkdlg\">\n<p data-track-category=\"Link no Texto\" data-track-links> Um homem e uma mulher foram mortos a tiros na noite de s\u00e1bado (25) em Porto Alegre. <\/p>\n<\/p><\/div>\n<\/li>\n<li>\n<div id=\"chunk-4hjin\">\n<p data-track-category=\"Link no Texto\" data-track-links> As execu\u00e7\u00f5es aconteceram por volta das 22 horas no bairro Jardim Carvalho, na Zona Leste da capital. <\/p>\n<\/p><\/div>\n<\/li>\n<li>\n<div id=\"chunk-4gjr\">\n<p data-track-category=\"Link no Texto\" data-track-links> Conforme informa\u00e7\u00f5es preliminares, o suspeito \u00e9 um adolescente de 17 anos que teria chegado ao local em um carro de aplicativo. <\/p>\n<\/p><\/div>\n<\/li>\n<li>\n<div id=\"chunk-91g4q\">\n<p data-track-category=\"Link no Texto\" data-track-links> Ap\u00f3s o crime, ele teria fugido e descartado a arma em uma \u00e1rea de mata. Ele foi apreendido e encaminhado \u00e0 Delegacia da Crian\u00e7a e do Adolescente (DECA). <\/p>\n<\/p><\/div>\n<\/li>\n<\/ul><\/div>\n<\/details><\/div>\n<\/p><\/div>\n<div>  <meta itemprop=\"isAccessibleForFree\" content=\"true\"> <\/p>\n<div data-block-type=\"backstage-photo\" id=\"chunk-93vsc\">\n<p> Adolescente \u00e9 apreendido suspeito de matar casal em Porto Alegre; v\u00edtimas foram encontradas sem vida em carro \u2014 Foto: Arquivo pessoal <\/p>\n<\/p><\/div>\n<div id=\"chunk-9suco\">\n<p data-track-category=\"Link no Texto\" data-track-links> Um <strong>homem e uma mulher foram mortos a tiros<\/strong> na noite de s\u00e1bado (25) em Porto Alegre. As execu\u00e7\u00f5es aconteceram por volta das 22 horas no bairro Jardim Carvalho, na Zona Leste da capital. <\/p>\n<\/p><\/div>\n<div>\n<div id=\"chunk-7a0kj\">\n<p data-track-category=\"Link no Texto\" data-track-links> Conforme informa\u00e7\u00f5es preliminares, <span>o suspeito \u00e9 um adolescente de 17 anos que teria chegado ao local em um carro de aplicativo<\/span>. Ap\u00f3s o crime, ele teria fugido e descartado a arma em uma \u00e1rea de mata. Ele foi apreendido e encaminhado \u00e0 Delegacia da Crian\u00e7a e do Adolescente (DECA). <\/p>\n<\/p><\/div>\n<div id=\"chunk-90b78\">\n<p data-track-category=\"Link no Texto\" data-track-links> As <span>v\u00edtimas foram encontradas em um autom\u00f3vel parado no meio da via, ambas com diversas marcas de disparos de arma de fogo<\/span>. <\/p>\n<\/p><\/div>\n<div data-block-type=\"backstage-video\" itemscope itemtype=\"http:\/\/schema.org\/VideoObject\" itemprop=\"video\" id=\"chunk-epkl2\"> <meta itemprop=\"name\" content=\"V\u00eddeos em alta no g1\"> <meta itemprop=\"thumbnailUrl\" content=\"https:\/\/s04.video.glbimg.com\/x240\/992055.jpg\"> <meta itemprop=\"datePublished\" content=\"2026-04-26T12:08:55.591Z\"> <meta itemprop=\"uploadDate\" content=\"2026-04-26T12:08:55.591Z\"> <\/p>\n<div> <meta itemprop=\"name\" content=\"V\u00eddeos em alta no g1\"> <meta itemprop=\"thumbnailUrl\" content=\"https:\/\/s04.video.glbimg.com\/x240\/992055.jpg\"> <meta itemprop=\"datePublished\" content=\"2026-04-26T12:08:55.591Z\"> <meta itemprop=\"uploadDate\" content=\"2026-04-26T12:08:55.591Z\">  <\/p>\n<div data-video-id=\"992055\">\n<p><img decoding=\"async\" src=\"https:\/\/s04.video.glbimg.com\/x240\/992055.jpg\" alt=\"V\u00eddeos em alta no g1\" title=\"V\u00eddeos em alta no g1\"><\/p>\n<p><bs-player videoid=\"992055\" subscriber-only=\"false\" id=\"wp3-player-epkl2\" serviceid=\"151\" auth=\"false\" data-opt-mute adplacement=\"accompanying\" autoplay rounded><\/bs-player> <\/div>\n<\/p><\/div>\n<p itemprop=\"description\"> V\u00eddeos em alta no g1 <\/p>\n<\/p><\/div>\n<div id=\"chunk-79alm\">\n<p data-track-category=\"Link no Texto\" data-track-links> A Brigada Militar foi acionada ap\u00f3s receber uma den\u00fancia an\u00f4nima com <strong>relatos de tiros e pessoas armadas correndo pela rua<\/strong>. Quando chegaram ao local, os policiais localizaram o ve\u00edculo com as portas abertas. <\/p>\n<\/p><\/div>\n<div id=\"chunk-512vb\">\n<p data-track-category=\"Link no Texto\" data-track-links> O <span>homem estava no banco do motorista e a mulher ca\u00edda ao ch\u00e3o, ao lado do carro<\/span>. Ambos j\u00e1 estavam sem vida. A \u00e1rea foi isolada para per\u00edcia. <\/p>\n<\/p><\/div>\n<div id=\"chunk-6cgce\">\n<p data-track-category=\"Link no Texto\" data-track-links> De acordo com a BM, a <span>arma usada no crime havia sido roubada semanas antes e o propriet\u00e1rio havia registrado um boletim de ocorr\u00eancia<\/span>. <\/p>\n<\/p><\/div>\n<div id=\"chunk-38ph6\">\n<p data-track-category=\"Link no Texto\" data-track-links> A principal linha de investiga\u00e7\u00e3o aponta para um poss\u00edvel acerto de contas relacionado ao tr\u00e1fico de drogas. O caso \u00e9 apurado pela Pol\u00edcia Civil, que busca imagens de c\u00e2meras de monitoramento das proximidades. <\/p>\n<\/p><\/div>\n<div id=\"chunk-bm1lj\">\n<p data-track-category=\"Link no Texto\" data-track-links> Os nomes das v\u00edtimas e do adolescente n\u00e3o foram divulgados pelas autoridades. <\/p>\n<\/p><\/div>\n<div data-block-type=\"raw\" data-block-weight=\"5\" id=\"chunk-csb84\">\n<p><h2>V\u00cdDEOS: Tudo sobre o RS<\/h2>\n<\/p><\/div>\n<\/p><\/div>\n<div id=\"newsletter-g1-modal__overlay\">\n<h3>Ops!<\/h3>\n<\/p><\/div>\n<\/p><\/div>\n<\/p><\/div>\n","protected":false},"excerpt":{"rendered":"<p>Adolescente \u00e9 apreendido suspeito de matar casal em Porto Alegre; v\u00edtimas foram encontradas em carro Conforme a pol\u00edcia, suspeito teria pego uma corrida de aplicativo at\u00e9 o local onde o&hellip;<\/p>\n","protected":false},"author":1,"featured_media":41500,"comment_status":"open","ping_status":"open","sticky":false,"template":"","format":"standard","meta":{"footnotes":""},"categories":[6],"tags":[],"class_list":["post-41499","post","type-post","status-publish","format-standard","has-post-thumbnail","hentry","category-regiao"],"_links":{"self":[{"href":"https:\/\/radioultimapalavra.amelhor.net\/site\/wp-json\/wp\/v2\/posts\/41499","targetHints":{"allow":["GET"]}}],"collection":[{"href":"https:\/\/radioultimapalavra.amelhor.net\/site\/wp-json\/wp\/v2\/posts"}],"about":[{"href":"https:\/\/radioultimapalavra.amelhor.net\/site\/wp-json\/wp\/v2\/types\/post"}],"author":[{"embeddable":true,"href":"https:\/\/radioultimapalavra.amelhor.net\/site\/wp-json\/wp\/v2\/users\/1"}],"replies":[{"embeddable":true,"href":"https:\/\/radioultimapalavra.amelhor.net\/site\/wp-json\/wp\/v2\/comments?post=41499"}],"version-history":[{"count":0,"href":"https:\/\/radioultimapalavra.amelhor.net\/site\/wp-json\/wp\/v2\/posts\/41499\/revisions"}],"wp:featuredmedia":[{"embeddable":true,"href":"https:\/\/radioultimapalavra.amelhor.net\/site\/wp-json\/wp\/v2\/media\/41500"}],"wp:attachment":[{"href":"https:\/\/radioultimapalavra.amelhor.net\/site\/wp-json\/wp\/v2\/media?parent=41499"}],"wp:term":[{"taxonomy":"category","embeddable":true,"href":"https:\/\/radioultimapalavra.amelhor.net\/site\/wp-json\/wp\/v2\/categories?post=41499"},{"taxonomy":"post_tag","embeddable":true,"href":"https:\/\/radioultimapalavra.amelhor.net\/site\/wp-json\/wp\/v2\/tags?post=41499"}],"curies":[{"name":"wp","href":"https:\/\/api.w.org\/{rel}","templated":true}]}}