{"id":41503,"date":"2026-04-26T14:25:59","date_gmt":"2026-04-26T17:25:59","guid":{"rendered":"https:\/\/radioultimapalavra.amelhor.net\/site\/adolescente-morre-e-outras-sete-pessoas-ficam-feridas-em-colisao-frontal-na-rsc-153\/"},"modified":"2026-04-26T14:25:59","modified_gmt":"2026-04-26T17:25:59","slug":"adolescente-morre-e-outras-sete-pessoas-ficam-feridas-em-colisao-frontal-na-rsc-153","status":"publish","type":"post","link":"https:\/\/radioultimapalavra.amelhor.net\/site\/adolescente-morre-e-outras-sete-pessoas-ficam-feridas-em-colisao-frontal-na-rsc-153\/","title":{"rendered":"Adolescente morre e outras sete pessoas ficam feridas em colis\u00e3o frontal na RSC-153"},"content":{"rendered":"<div itemscope itemtype=\"http:\/\/schema.org\/NewsArticle\">  <span itemprop=\"image\" itemscope itemtype=\"http:\/\/schema.org\/ImageObject\"> <meta itemprop=\"representativeOfPage\" content=\"true\"> <meta itemprop=\"url\" content=\"https:\/\/s2-g1.glbimg.com\/pmy6nZbhPabXo3P6obKvub4qIVE=\/1920x0\/filters:format(jpeg)\/https:\/\/i.s3.glbimg.com\/v1\/AUTH_59edd422c0c84a879bd37670ae4f538a\/internal_photos\/bs\/2026\/9\/w\/8nO9uKRqSsoGrfwDfPkA\/g1-19-.jpg\"> <meta itemprop=\"width\" content=\"1920\"> <meta itemprop=\"height\" content=\"1080\"> <\/span>   <\/p>\n<div>\n<div>\n<p data-block-type=\"title\"> <meta itemprop=\"name\" content=\"Adolescente morre e outras sete pessoas ficam feridas em colis\u00e3o frontal na RSC-153\"> <\/p>\n<h2 itemprop=\"headline\">Adolescente morre e outras sete pessoas ficam feridas em colis\u00e3o frontal na RSC-153<\/h2>\n<\/p>\n<p> <meta itemprop=\"alternateName\" content=\"Acidente aconteceu entre Passo Fundo e Ernestina, no Norte do estado, na manh\u00e3 deste domingo (26).\"> <\/p>\n<h2 itemprop=\"alternativeHeadline\">Acidente aconteceu entre Passo Fundo e Ernestina, no Norte do estado, na manh\u00e3 deste domingo (26).<\/h2>\n<\/p><\/div>\n<hr>\n<div data-block-type=\"summary\">\n<details>\n<summary>  <\/summary>\n<div>\n<ul>\n<li>\n<div id=\"chunk-9it9m\">\n<p data-track-category=\"Link no Texto\" data-track-links> Uma adolescente de 16 anos morreu e outras sete pessoas ficaram feridas em um acidente de tr\u00e2nsito na manh\u00e3 deste domingo (26). <\/p>\n<\/p><\/div>\n<\/li>\n<li>\n<div id=\"chunk-8rrbf\">\n<p data-track-category=\"Link no Texto\" data-track-links> A colis\u00e3o frontal entre dois carros aconteceu na RSC-153, entre Passo Fundo e Ernestina, no Norte do Rio Grande do Sul. <\/p>\n<\/p><\/div>\n<\/li>\n<li>\n<div id=\"chunk-6k1ae\">\n<p data-track-category=\"Link no Texto\" data-track-links> A adolescente foi identificada como Larissa Ribeiro de Medeiros. <\/p>\n<\/p><\/div>\n<\/li>\n<li>\n<div id=\"chunk-4t9dc\">\n<p data-track-category=\"Link no Texto\" data-track-links> O acidente ser\u00e1 investigado pela Pol\u00edcia Civil. <\/p>\n<\/p><\/div>\n<\/li>\n<\/ul><\/div>\n<\/details><\/div>\n<\/p><\/div>\n<div>  <meta itemprop=\"isAccessibleForFree\" content=\"true\"> <\/p>\n<div data-block-type=\"backstage-photo\" id=\"chunk-dmmr0\">\n<p> Adolescente morre e outras sete pessoas ficam feridas em colis\u00e3o frontal na RSC-153 \u2014 Foto: Corpo de Bombeiros de Passo Fundo <\/p>\n<\/p><\/div>\n<div id=\"chunk-9gomh\">\n<p data-track-category=\"Link no Texto\" data-track-links> Uma <span>adolescente de 16 anos morreu e outras sete* pessoas ficaram feridas em um acidente de tr\u00e2nsito<\/span> na manh\u00e3 deste domingo (26). A colis\u00e3o frontal entre dois carros aconteceu na <strong>RSC-153<\/strong>, entre Passo Fundo e Ernestina, no Norte do Rio Grande do Sul. <\/p>\n<\/p><\/div>\n<div>\n<div id=\"chunk-8fjb4\">\n<p data-track-category=\"Link no Texto\" data-track-links> <strong><em>CORRE\u00c7\u00c3O: <\/em><\/strong><em>inicialmente, os bombeiros disseram que eram seis feridos. A informa\u00e7\u00e3o foi corrigida e a reportagem foi atualizada \u00e0s 13h29.<\/em> <\/p>\n<\/p><\/div>\n<div id=\"chunk-7dphu\">\n<p data-track-category=\"Link no Texto\" data-track-links> A adolescente foi identificada como <strong>Larissa Ribeiro de Medeiros<\/strong>. <\/p>\n<\/p><\/div>\n<div id=\"chunk-3vd2r\">\n<p data-track-category=\"Link no Texto\" data-track-links> Segundo o Corpo de Bombeiros Militar de Passo Fundo, Larissa morreu no local. <span>Ela estava no Chevrolet \u00d4mega com outras duas pessoas. O motorista e um passageiro foram socorridos em estado grave e levados ao Hospital S\u00e3o Vicente de Paulo<\/span>. <\/p>\n<\/p><\/div>\n<div data-block-type=\"backstage-video\" itemscope itemtype=\"http:\/\/schema.org\/VideoObject\" itemprop=\"video\" id=\"chunk-fspj1\"> <meta itemprop=\"name\" content=\"V\u00eddeos em alta no g1\"> <meta itemprop=\"thumbnailUrl\" content=\"https:\/\/s04.video.glbimg.com\/x240\/992055.jpg\"> <meta itemprop=\"datePublished\" content=\"2026-04-26T15:20:02.141Z\"> <meta itemprop=\"uploadDate\" content=\"2026-04-26T15:20:02.141Z\"> <\/p>\n<div> <meta itemprop=\"name\" content=\"V\u00eddeos em alta no g1\"> <meta itemprop=\"thumbnailUrl\" content=\"https:\/\/s04.video.glbimg.com\/x240\/992055.jpg\"> <meta itemprop=\"datePublished\" content=\"2026-04-26T15:20:02.141Z\"> <meta itemprop=\"uploadDate\" content=\"2026-04-26T15:20:02.141Z\">  <\/p>\n<div data-video-id=\"992055\">\n<p><img decoding=\"async\" src=\"https:\/\/s04.video.glbimg.com\/x240\/992055.jpg\" alt=\"V\u00eddeos em alta no g1\" title=\"V\u00eddeos em alta no g1\"><\/p>\n<p><bs-player videoid=\"992055\" subscriber-only=\"false\" id=\"wp3-player-fspj1\" serviceid=\"151\" auth=\"false\" data-opt-mute adplacement=\"accompanying\" autoplay rounded><\/bs-player> <\/div>\n<\/p><\/div>\n<p itemprop=\"description\"> V\u00eddeos em alta no g1 <\/p>\n<\/p><\/div>\n<div id=\"chunk-5fipa\">\n<p data-track-category=\"Link no Texto\" data-track-links> O outro ve\u00edculo envolvido era uma Toyota Hilux, na qual estavam outras cinco pessoas, que tiveram ferimentos leves e tamb\u00e9m foram encaminhadas para atendimento m\u00e9dico. <\/p>\n<\/p><\/div>\n<div id=\"chunk-9bfiq\">\n<p data-track-category=\"Link no Texto\" data-track-links> O acidente ser\u00e1 investigado pela Pol\u00edcia Civil. <\/p>\n<\/p><\/div>\n<div data-block-type=\"raw\" data-block-weight=\"5\" id=\"chunk-9utbr\">\n<p><h2>V\u00cdDEOS: Tudo sobre o RS<\/h2>\n<\/p><\/div>\n<\/p><\/div>\n<div id=\"newsletter-g1-modal__overlay\">\n<h3>Ops!<\/h3>\n<\/p><\/div>\n<\/p><\/div>\n<\/p><\/div>\n","protected":false},"excerpt":{"rendered":"<p>Adolescente morre e outras sete pessoas ficam feridas em colis\u00e3o frontal na RSC-153 Acidente aconteceu entre Passo Fundo e Ernestina, no Norte do estado, na manh\u00e3 deste domingo (26). Uma&hellip;<\/p>\n","protected":false},"author":1,"featured_media":41504,"comment_status":"open","ping_status":"open","sticky":false,"template":"","format":"standard","meta":{"footnotes":""},"categories":[6],"tags":[],"class_list":["post-41503","post","type-post","status-publish","format-standard","has-post-thumbnail","hentry","category-regiao"],"_links":{"self":[{"href":"https:\/\/radioultimapalavra.amelhor.net\/site\/wp-json\/wp\/v2\/posts\/41503","targetHints":{"allow":["GET"]}}],"collection":[{"href":"https:\/\/radioultimapalavra.amelhor.net\/site\/wp-json\/wp\/v2\/posts"}],"about":[{"href":"https:\/\/radioultimapalavra.amelhor.net\/site\/wp-json\/wp\/v2\/types\/post"}],"author":[{"embeddable":true,"href":"https:\/\/radioultimapalavra.amelhor.net\/site\/wp-json\/wp\/v2\/users\/1"}],"replies":[{"embeddable":true,"href":"https:\/\/radioultimapalavra.amelhor.net\/site\/wp-json\/wp\/v2\/comments?post=41503"}],"version-history":[{"count":0,"href":"https:\/\/radioultimapalavra.amelhor.net\/site\/wp-json\/wp\/v2\/posts\/41503\/revisions"}],"wp:featuredmedia":[{"embeddable":true,"href":"https:\/\/radioultimapalavra.amelhor.net\/site\/wp-json\/wp\/v2\/media\/41504"}],"wp:attachment":[{"href":"https:\/\/radioultimapalavra.amelhor.net\/site\/wp-json\/wp\/v2\/media?parent=41503"}],"wp:term":[{"taxonomy":"category","embeddable":true,"href":"https:\/\/radioultimapalavra.amelhor.net\/site\/wp-json\/wp\/v2\/categories?post=41503"},{"taxonomy":"post_tag","embeddable":true,"href":"https:\/\/radioultimapalavra.amelhor.net\/site\/wp-json\/wp\/v2\/tags?post=41503"}],"curies":[{"name":"wp","href":"https:\/\/api.w.org\/{rel}","templated":true}]}}