{"id":41505,"date":"2026-04-26T14:25:58","date_gmt":"2026-04-26T17:25:58","guid":{"rendered":"https:\/\/radioultimapalavra.amelhor.net\/site\/r-500-mil-em-debitos-carro-com-mais-de-600-multas-vencidas-e-apreendido-no-rs\/"},"modified":"2026-04-26T14:25:58","modified_gmt":"2026-04-26T17:25:58","slug":"r-500-mil-em-debitos-carro-com-mais-de-600-multas-vencidas-e-apreendido-no-rs","status":"publish","type":"post","link":"https:\/\/radioultimapalavra.amelhor.net\/site\/r-500-mil-em-debitos-carro-com-mais-de-600-multas-vencidas-e-apreendido-no-rs\/","title":{"rendered":"R$ 500 mil em d\u00e9bitos: carro com mais de 600 multas vencidas \u00e9 apreendido no RS"},"content":{"rendered":"<div itemscope itemtype=\"http:\/\/schema.org\/NewsArticle\">  <span itemprop=\"image\" itemscope itemtype=\"http:\/\/schema.org\/ImageObject\"> <meta itemprop=\"representativeOfPage\" content=\"true\"> <meta itemprop=\"url\" content=\"https:\/\/s2-g1.glbimg.com\/cFvTnUMW9Oh_KmolCtVN3seQMlA=\/1920x0\/filters:format(jpeg)\/https:\/\/i.s3.glbimg.com\/v1\/AUTH_59edd422c0c84a879bd37670ae4f538a\/internal_photos\/bs\/2026\/h\/m\/a0RLPDR4KN7jNoihBB4Q\/g1-18-.jpg\"> <meta itemprop=\"width\" content=\"1920\"> <meta itemprop=\"height\" content=\"1080\"> <\/span>   <\/p>\n<div>\n<div>\n<p> <meta itemprop=\"alternateName\" content=\"Ve\u00edculo foi parado durante uma a\u00e7\u00e3o de fiscaliza\u00e7\u00e3o da PRF na BR-285, em Vacaria; condutor n\u00e3o tinha CNH. \"> <\/p>\n<h2 itemprop=\"alternativeHeadline\">Ve\u00edculo foi parado durante uma a\u00e7\u00e3o de fiscaliza\u00e7\u00e3o da PRF na BR-285, em Vacaria; condutor n\u00e3o tinha CNH. <\/h2>\n<\/p><\/div>\n<hr>\n<div data-block-type=\"summary\">\n<details>\n<summary>  <\/summary>\n<div>\n<ul>\n<li>\n<div id=\"chunk-e5m5\">\n<p data-track-category=\"Link no Texto\" data-track-links> Um carro com 610 multas vencidas e outras 380 em processamento foi apreendido pela Pol\u00edcia Rodovi\u00e1ria Federal no Rio Grande do Sul. <\/p>\n<\/p><\/div>\n<\/li>\n<li>\n<div id=\"chunk-59fdk\">\n<p data-track-category=\"Link no Texto\" data-track-links> O autom\u00f3vel estava com o licenciamento vencido e com multas acumuladas pelo n\u00e3o pagamento de ped\u00e1gio, por ser conduzido sem habilita\u00e7\u00e3o e pela recusa ao teste do baf\u00f4metro. <\/p>\n<\/p><\/div>\n<\/li>\n<li>\n<div id=\"chunk-5v1c2\">\n<p data-track-category=\"Link no Texto\" data-track-links> O ve\u00edculo foi removido para um dep\u00f3sito do DetranRS, onde dever\u00e1 permanecer retido at\u00e9 a quita\u00e7\u00e3o integral de todas as pend\u00eancias. <\/p>\n<\/p><\/div>\n<\/li>\n<\/ul><\/div>\n<\/details><\/div>\n<\/p><\/div>\n<div>  <meta itemprop=\"isAccessibleForFree\" content=\"true\"> <\/p>\n<div data-block-type=\"backstage-video\" itemscope itemtype=\"http:\/\/schema.org\/VideoObject\" itemprop=\"video\" id=\"chunk-fpr94\"> <meta itemprop=\"name\" content=\"Carro com mais de 600 multas vencidas \u00e9 apreendido no RS\"> <meta itemprop=\"thumbnailUrl\" content=\"https:\/\/s04.video.glbimg.com\/x240\/14559267.jpg\"> <meta itemprop=\"datePublished\" content=\"2026-04-26T13:11:55.472Z\"> <meta itemprop=\"uploadDate\" content=\"2026-04-26T13:11:55.472Z\"> <meta itemprop=\"contentUrl\" content=\"https:\/\/vodstreaming01.video.globo.com\/44\/04\/56\/14559267_56f2ddf76f1be6e157a2a7e391fb5edbcd5757e7\/14559267-360p_300k_h264-ec365640-23a1-013f-000e-000000000000.mp4\"> <\/p>\n<div> <meta itemprop=\"name\" content=\"Carro com mais de 600 multas vencidas \u00e9 apreendido no RS\"> <meta itemprop=\"thumbnailUrl\" content=\"https:\/\/s04.video.glbimg.com\/x240\/14559267.jpg\"> <meta itemprop=\"datePublished\" content=\"2026-04-26T13:11:55.472Z\"> <meta itemprop=\"uploadDate\" content=\"2026-04-26T13:11:55.472Z\"> <meta itemprop=\"contentUrl\" content=\"https:\/\/vodstreaming01.video.globo.com\/44\/04\/56\/14559267_56f2ddf76f1be6e157a2a7e391fb5edbcd5757e7\/14559267-360p_300k_h264-ec365640-23a1-013f-000e-000000000000.mp4\">  <\/p>\n<div data-video-id=\"14559267\">\n<p><img decoding=\"async\" src=\"https:\/\/s04.video.glbimg.com\/x240\/14559267.jpg\" alt=\"Carro com mais de 600 multas vencidas \u00e9 apreendido no RS\" title=\"Carro com mais de 600 multas vencidas \u00e9 apreendido no RS\"><\/p>\n<p><bs-player videoid=\"14559267\" subscriber-only=\"false\" id=\"wp3-player-fpr94\" serviceid=\"151\" auth=\"false\" data-opt-mute adplacement=\"accompanying\" autoplay rounded><\/bs-player> <\/div>\n<\/p><\/div>\n<p itemprop=\"description\"> Carro com mais de 600 multas vencidas \u00e9 apreendido no RS <\/p>\n<\/p><\/div>\n<div id=\"chunk-ddi02\">\n<p data-track-category=\"Link no Texto\" data-track-links> Mais de <strong>meio milh\u00e3o de reais<\/strong>. Esse \u00e9 o valor de d\u00e9bitos de um carro que foi apreendido pela Pol\u00edcia Rodovi\u00e1ria Federal no Rio Grande do Sul. <\/p>\n<\/p><\/div>\n<div>\n<div id=\"chunk-7ucj0\">\n<p data-track-category=\"Link no Texto\" data-track-links> Conforme a PRF, na tarde de s\u00e1bado (25), um <span>Prisma com 610 multas vencidas e outras 380 em processamento foi visto transitando pela BR-285<\/span>, em Vacaria, na Serra. <\/p>\n<\/p><\/div>\n<div id=\"chunk-e923t\">\n<p data-track-category=\"Link no Texto\" data-track-links> Durante uma a\u00e7\u00e3o de fiscaliza\u00e7\u00e3o de tr\u00e2nsito, os <span>policiais deram ordem de parada ao condutor, um jovem de 18 anos que n\u00e3o possu\u00eda Carteira Nacional de Habilita\u00e7\u00e3o (CNH)<\/span>. <\/p>\n<\/p><\/div>\n<div id=\"chunk-b9fs1\">\n<p data-track-category=\"Link no Texto\" data-track-links> O autom\u00f3vel estava com o licenciamento vencido e com <strong>multas acumuladas<\/strong> pelo n\u00e3o pagamento de ped\u00e1gio, por ser conduzido sem habilita\u00e7\u00e3o e pela recusa ao teste do baf\u00f4metro. <\/p>\n<\/p><\/div>\n<div id=\"chunk-2aahr\">\n<p data-track-category=\"Link no Texto\" data-track-links> O ve\u00edculo foi removido para um dep\u00f3sito do DetranRS, onde dever\u00e1 permanecer retido at\u00e9 a quita\u00e7\u00e3o integral de todas as pend\u00eancias. Caso contr\u00e1rio, poder\u00e1 ser encaminhado para leil\u00e3o. <\/p>\n<\/p><\/div>\n<div data-block-type=\"backstage-photo\" id=\"chunk-a0ern\">\n<p> R$ 500 mil em d\u00e9bitos: carro com mais de 600 multas vencidas \u00e9 apreendido no RS \u2014 Foto: Pol\u00edcia Rodovi\u00e1ria Federal (PRF) <\/p>\n<\/p><\/div>\n<div data-block-type=\"raw\" data-block-weight=\"5\" id=\"chunk-2e3qa\">\n<p><h2>V\u00cdDEOS: Tudo sobre o RS<\/h2>\n<\/p><\/div>\n<\/p><\/div>\n<div id=\"newsletter-g1-modal__overlay\">\n<h3>Ops!<\/h3>\n<\/p><\/div>\n<\/p><\/div>\n<\/p><\/div>\n","protected":false},"excerpt":{"rendered":"<p>Ve\u00edculo foi parado durante uma a\u00e7\u00e3o de fiscaliza\u00e7\u00e3o da PRF na BR-285, em Vacaria; condutor n\u00e3o tinha CNH. Um carro com 610 multas vencidas e outras 380 em processamento foi&hellip;<\/p>\n","protected":false},"author":1,"featured_media":41506,"comment_status":"open","ping_status":"open","sticky":false,"template":"","format":"standard","meta":{"footnotes":""},"categories":[6],"tags":[],"class_list":["post-41505","post","type-post","status-publish","format-standard","has-post-thumbnail","hentry","category-regiao"],"_links":{"self":[{"href":"https:\/\/radioultimapalavra.amelhor.net\/site\/wp-json\/wp\/v2\/posts\/41505","targetHints":{"allow":["GET"]}}],"collection":[{"href":"https:\/\/radioultimapalavra.amelhor.net\/site\/wp-json\/wp\/v2\/posts"}],"about":[{"href":"https:\/\/radioultimapalavra.amelhor.net\/site\/wp-json\/wp\/v2\/types\/post"}],"author":[{"embeddable":true,"href":"https:\/\/radioultimapalavra.amelhor.net\/site\/wp-json\/wp\/v2\/users\/1"}],"replies":[{"embeddable":true,"href":"https:\/\/radioultimapalavra.amelhor.net\/site\/wp-json\/wp\/v2\/comments?post=41505"}],"version-history":[{"count":0,"href":"https:\/\/radioultimapalavra.amelhor.net\/site\/wp-json\/wp\/v2\/posts\/41505\/revisions"}],"wp:featuredmedia":[{"embeddable":true,"href":"https:\/\/radioultimapalavra.amelhor.net\/site\/wp-json\/wp\/v2\/media\/41506"}],"wp:attachment":[{"href":"https:\/\/radioultimapalavra.amelhor.net\/site\/wp-json\/wp\/v2\/media?parent=41505"}],"wp:term":[{"taxonomy":"category","embeddable":true,"href":"https:\/\/radioultimapalavra.amelhor.net\/site\/wp-json\/wp\/v2\/categories?post=41505"},{"taxonomy":"post_tag","embeddable":true,"href":"https:\/\/radioultimapalavra.amelhor.net\/site\/wp-json\/wp\/v2\/tags?post=41505"}],"curies":[{"name":"wp","href":"https:\/\/api.w.org\/{rel}","templated":true}]}}